{"id":7249,"date":"2023-03-08T18:11:01","date_gmt":"2023-03-08T17:11:01","guid":{"rendered":"https:\/\/blogsaverroes.juntadeandalucia.es\/iesbulyana\/?p=7249"},"modified":"2023-03-08T18:11:01","modified_gmt":"2023-03-08T17:11:01","slug":"8-marzo-dia-internacional-de-la-mujer","status":"publish","type":"post","link":"https:\/\/blogsaverroes.juntadeandalucia.es\/iesbulyana\/?p=7249","title":{"rendered":"8 MARZO. D\u00cdA INTERNACIONAL DE LA MUJER"},"content":{"rendered":"<p>En el d\u00eda de hoy, coincidiendo con el D\u00eda internacional de la mujer trabajadora, nuestro alumnado ha tomado conciencia sobre c\u00f3mo son vulnerados los derechos humanos de las mujeres y ni\u00f1as en todo el mundo y las consecuencias negativas que tiene para su salud y su desarrollo. Agradecemos a la ONG m\u00e9dicos mundi la cesi\u00f3n temporal de la exposici\u00f3n \u00abSalud es nombre de mujer\u00bb, que estar\u00e1 en el hall de nuestro IES, del 2 al 15 de marzo.<\/p>\n<p><a href=\"https:\/\/blogsaverroes.juntadeandalucia.es\/iesbulyana\/files\/2023\/03\/d\u00eda-de-la-mujer-4.jpeg\"><img loading=\"lazy\" decoding=\"async\" class=\"alignnone size-medium wp-image-7253\" src=\"https:\/\/blogsaverroes.juntadeandalucia.es\/iesbulyana\/files\/2023\/03\/d\u00eda-de-la-mujer-4-300x225.jpeg\" alt=\"\" width=\"300\" height=\"225\" srcset=\"https:\/\/blogsaverroes.juntadeandalucia.es\/iesbulyana\/files\/2023\/03\/d\u00eda-de-la-mujer-4-300x225.jpeg 300w, https:\/\/blogsaverroes.juntadeandalucia.es\/iesbulyana\/files\/2023\/03\/d\u00eda-de-la-mujer-4-1024x768.jpeg 1024w, https:\/\/blogsaverroes.juntadeandalucia.es\/iesbulyana\/files\/2023\/03\/d\u00eda-de-la-mujer-4-768x576.jpeg 768w, https:\/\/blogsaverroes.juntadeandalucia.es\/iesbulyana\/files\/2023\/03\/d\u00eda-de-la-mujer-4-1536x1152.jpeg 1536w, https:\/\/blogsaverroes.juntadeandalucia.es\/iesbulyana\/files\/2023\/03\/d\u00eda-de-la-mujer-4.jpeg 1600w\" sizes=\"(max-width: 300px) 100vw, 300px\" \/><\/a> <a href=\"https:\/\/blogsaverroes.juntadeandalucia.es\/iesbulyana\/files\/2023\/03\/dia-de-la-mujer-2.jpeg\"><img loading=\"lazy\" decoding=\"async\" class=\"alignnone size-medium wp-image-7251\" src=\"https:\/\/blogsaverroes.juntadeandalucia.es\/iesbulyana\/files\/2023\/03\/dia-de-la-mujer-2-300x225.jpeg\" alt=\"\" width=\"300\" height=\"225\" srcset=\"https:\/\/blogsaverroes.juntadeandalucia.es\/iesbulyana\/files\/2023\/03\/dia-de-la-mujer-2-300x225.jpeg 300w, https:\/\/blogsaverroes.juntadeandalucia.es\/iesbulyana\/files\/2023\/03\/dia-de-la-mujer-2-1024x768.jpeg 1024w, https:\/\/blogsaverroes.juntadeandalucia.es\/iesbulyana\/files\/2023\/03\/dia-de-la-mujer-2-768x576.jpeg 768w, https:\/\/blogsaverroes.juntadeandalucia.es\/iesbulyana\/files\/2023\/03\/dia-de-la-mujer-2-1536x1152.jpeg 1536w, https:\/\/blogsaverroes.juntadeandalucia.es\/iesbulyana\/files\/2023\/03\/dia-de-la-mujer-2.jpeg 1600w\" sizes=\"(max-width: 300px) 100vw, 300px\" \/><\/a> <a href=\"https:\/\/blogsaverroes.juntadeandalucia.es\/iesbulyana\/files\/2023\/03\/dia-de-la-mujer-3.jpeg\"><img loading=\"lazy\" decoding=\"async\" class=\"alignnone size-medium wp-image-7252\" src=\"https:\/\/blogsaverroes.juntadeandalucia.es\/iesbulyana\/files\/2023\/03\/dia-de-la-mujer-3-300x225.jpeg\" alt=\"\" width=\"300\" height=\"225\" srcset=\"https:\/\/blogsaverroes.juntadeandalucia.es\/iesbulyana\/files\/2023\/03\/dia-de-la-mujer-3-300x225.jpeg 300w, https:\/\/blogsaverroes.juntadeandalucia.es\/iesbulyana\/files\/2023\/03\/dia-de-la-mujer-3-1024x768.jpeg 1024w, https:\/\/blogsaverroes.juntadeandalucia.es\/iesbulyana\/files\/2023\/03\/dia-de-la-mujer-3-768x576.jpeg 768w, https:\/\/blogsaverroes.juntadeandalucia.es\/iesbulyana\/files\/2023\/03\/dia-de-la-mujer-3-1536x1152.jpeg 1536w, https:\/\/blogsaverroes.juntadeandalucia.es\/iesbulyana\/files\/2023\/03\/dia-de-la-mujer-3.jpeg 1600w\" sizes=\"(max-width: 300px) 100vw, 300px\" \/><\/a><\/p>\n","protected":false},"excerpt":{"rendered":"<p>En el d\u00eda de hoy, coincidiendo con el D\u00eda internacional de la mujer trabajadora, nuestro alumnado ha tomado conciencia sobre c\u00f3mo son vulnerados los derechos humanos de las mujeres y ni\u00f1as en todo el mundo y las consecuencias negativas que tiene para su salud y su desarrollo. Agradecemos a la ONG m\u00e9dicos mundi la cesi\u00f3n &hellip; <\/p>\n<p><a class=\"more-link btn\" href=\"https:\/\/blogsaverroes.juntadeandalucia.es\/iesbulyana\/?p=7249\">Seguir leyendo<\/a><\/p>\n","protected":false},"author":16433,"featured_media":0,"comment_status":"closed","ping_status":"closed","sticky":false,"template":"","format":"standard","meta":{"_exactmetrics_skip_tracking":false,"_exactmetrics_sitenote_active":false,"_exactmetrics_sitenote_note":"","_exactmetrics_sitenote_category":0,"ngg_post_thumbnail":0,"footnotes":""},"categories":[526],"tags":[],"aioseo_notices":[],"_links":{"self":[{"href":"https:\/\/blogsaverroes.juntadeandalucia.es\/iesbulyana\/index.php?rest_route=\/wp\/v2\/posts\/7249"}],"collection":[{"href":"https:\/\/blogsaverroes.juntadeandalucia.es\/iesbulyana\/index.php?rest_route=\/wp\/v2\/posts"}],"about":[{"href":"https:\/\/blogsaverroes.juntadeandalucia.es\/iesbulyana\/index.php?rest_route=\/wp\/v2\/types\/post"}],"author":[{"embeddable":true,"href":"https:\/\/blogsaverroes.juntadeandalucia.es\/iesbulyana\/index.php?rest_route=\/wp\/v2\/users\/16433"}],"replies":[{"embeddable":true,"href":"https:\/\/blogsaverroes.juntadeandalucia.es\/iesbulyana\/index.php?rest_route=%2Fwp%2Fv2%2Fcomments&post=7249"}],"version-history":[{"count":1,"href":"https:\/\/blogsaverroes.juntadeandalucia.es\/iesbulyana\/index.php?rest_route=\/wp\/v2\/posts\/7249\/revisions"}],"predecessor-version":[{"id":7254,"href":"https:\/\/blogsaverroes.juntadeandalucia.es\/iesbulyana\/index.php?rest_route=\/wp\/v2\/posts\/7249\/revisions\/7254"}],"wp:attachment":[{"href":"https:\/\/blogsaverroes.juntadeandalucia.es\/iesbulyana\/index.php?rest_route=%2Fwp%2Fv2%2Fmedia&parent=7249"}],"wp:term":[{"taxonomy":"category","embeddable":true,"href":"https:\/\/blogsaverroes.juntadeandalucia.es\/iesbulyana\/index.php?rest_route=%2Fwp%2Fv2%2Fcategories&post=7249"},{"taxonomy":"post_tag","embeddable":true,"href":"https:\/\/blogsaverroes.juntadeandalucia.es\/iesbulyana\/index.php?rest_route=%2Fwp%2Fv2%2Ftags&post=7249"}],"curies":[{"name":"wp","href":"https:\/\/api.w.org\/{rel}","templated":true}]}}