{"id":7285,"date":"2023-03-30T11:46:38","date_gmt":"2023-03-30T09:46:38","guid":{"rendered":"https:\/\/blogsaverroes.juntadeandalucia.es\/iesbulyana\/?p=7285"},"modified":"2023-03-30T11:46:38","modified_gmt":"2023-03-30T09:46:38","slug":"ix-semana-de-la-ciencia-del-ies-bulyana","status":"publish","type":"post","link":"https:\/\/blogsaverroes.juntadeandalucia.es\/iesbulyana\/?p=7285","title":{"rendered":"IX SEMANA DE LA CIENCIA DEL IES BULYANA"},"content":{"rendered":"<p>Un a\u00f1o m\u00e1s, hemos celebrado en el IES Bulyana nuestra Semana de la Ciencia, en esta ocasi\u00f3n para abordar&nbsp; uno de los problemas m\u00e1s acuciantes del siglo XXI: El Cambio clim\u00e1tico Global. Ha sido una semana llena de nuevas experiencias, conocimientos y sobre todo, de mucha ilusi\u00f3n y trabajo por parte de nuestro alumnado y profesorado. A todos ellos, muchas gracias por su esfuerzo.<\/p>\n<p>Cabe destacar la participaci\u00f3n de dos investigadores cient\u00edficos de primer nivel del CSIC: D\u00f1a. Carlota Escutia Dotti, que nos ha presentado su conferencia \u201cExpedici\u00f3n a la Ant\u00e1rtida: Un viaje al pasado para entender nuestro futuro\u201d, y D. Manuel Espinosa Urgel, con la conferencia \u201cMicroorganismos contra el cambio global\u201d. Agradecer enormemente, a ambos, su presencia e implicaci\u00f3n en la difusi\u00f3n de la ciencia.<\/p>\n<p>En las jornadas de puertas abiertas nos han visitado el CEIP Profesor Tierno Galv\u00e1n de Pulianas y el CEIP La Pur\u00edsina de Jun, la Escuela Infantil Municipal Francisco Giner de los R\u00edos de Pulianas y el Centro de D\u00eda Dr. Alejandro Otero de Pulianas, as\u00ed como las familias de nuestro alumnado y de los CEIP adscritos que han tenido a bien participar en esta experiencia.<\/p>\n<p>Por \u00faltimo, agradecer a los representantes de la Delegaci\u00f3n Territorial de Desarrollo Educativo y F.P. de Granada, de nuestro AMPA \u201cUni\u00f3n Juncaril\u201d y de las Instituciones locales, su apoyo y participaci\u00f3n en estas jornadas.<\/p>\n<p><a href=\"https:\/\/blogsaverroes.juntadeandalucia.es\/iesbulyana\/files\/2023\/03\/dia-de-la-mujer-3.jpeg\"><img loading=\"lazy\" decoding=\"async\" class=\"alignnone size-medium wp-image-7252\" src=\"https:\/\/blogsaverroes.juntadeandalucia.es\/iesbulyana\/files\/2023\/03\/dia-de-la-mujer-3-300x225.jpeg\" alt=\"\" width=\"300\" height=\"225\" srcset=\"https:\/\/blogsaverroes.juntadeandalucia.es\/iesbulyana\/files\/2023\/03\/dia-de-la-mujer-3-300x225.jpeg 300w, https:\/\/blogsaverroes.juntadeandalucia.es\/iesbulyana\/files\/2023\/03\/dia-de-la-mujer-3-1024x768.jpeg 1024w, https:\/\/blogsaverroes.juntadeandalucia.es\/iesbulyana\/files\/2023\/03\/dia-de-la-mujer-3-768x576.jpeg 768w, https:\/\/blogsaverroes.juntadeandalucia.es\/iesbulyana\/files\/2023\/03\/dia-de-la-mujer-3-1536x1152.jpeg 1536w, https:\/\/blogsaverroes.juntadeandalucia.es\/iesbulyana\/files\/2023\/03\/dia-de-la-mujer-3.jpeg 1600w\" sizes=\"(max-width: 300px) 100vw, 300px\" \/><\/a> <a href=\"https:\/\/blogsaverroes.juntadeandalucia.es\/iesbulyana\/files\/2023\/03\/SEMANA-CIENCIA-2.png\"><img loading=\"lazy\" decoding=\"async\" class=\"alignnone size-medium wp-image-7287\" src=\"https:\/\/blogsaverroes.juntadeandalucia.es\/iesbulyana\/files\/2023\/03\/SEMANA-CIENCIA-2-300x217.png\" alt=\"\" width=\"300\" height=\"217\" srcset=\"https:\/\/blogsaverroes.juntadeandalucia.es\/iesbulyana\/files\/2023\/03\/SEMANA-CIENCIA-2-300x217.png 300w, https:\/\/blogsaverroes.juntadeandalucia.es\/iesbulyana\/files\/2023\/03\/SEMANA-CIENCIA-2-768x556.png 768w, https:\/\/blogsaverroes.juntadeandalucia.es\/iesbulyana\/files\/2023\/03\/SEMANA-CIENCIA-2.png 1011w\" sizes=\"(max-width: 300px) 100vw, 300px\" \/><\/a> <a href=\"https:\/\/blogsaverroes.juntadeandalucia.es\/iesbulyana\/files\/2023\/03\/SEMANA-CIENCIA-3.png\"><img loading=\"lazy\" decoding=\"async\" class=\"alignnone size-medium wp-image-7288\" src=\"https:\/\/blogsaverroes.juntadeandalucia.es\/iesbulyana\/files\/2023\/03\/SEMANA-CIENCIA-3-300x252.png\" alt=\"\" width=\"300\" height=\"252\" srcset=\"https:\/\/blogsaverroes.juntadeandalucia.es\/iesbulyana\/files\/2023\/03\/SEMANA-CIENCIA-3-300x252.png 300w, https:\/\/blogsaverroes.juntadeandalucia.es\/iesbulyana\/files\/2023\/03\/SEMANA-CIENCIA-3-768x644.png 768w, https:\/\/blogsaverroes.juntadeandalucia.es\/iesbulyana\/files\/2023\/03\/SEMANA-CIENCIA-3.png 867w\" sizes=\"(max-width: 300px) 100vw, 300px\" \/><\/a> <a href=\"https:\/\/blogsaverroes.juntadeandalucia.es\/iesbulyana\/files\/2023\/03\/SEMANA-CIENCIA-4.png\"><img loading=\"lazy\" decoding=\"async\" class=\"alignnone size-medium wp-image-7289\" src=\"https:\/\/blogsaverroes.juntadeandalucia.es\/iesbulyana\/files\/2023\/03\/SEMANA-CIENCIA-4-300x223.png\" alt=\"\" width=\"300\" height=\"223\" srcset=\"https:\/\/blogsaverroes.juntadeandalucia.es\/iesbulyana\/files\/2023\/03\/SEMANA-CIENCIA-4-300x223.png 300w, https:\/\/blogsaverroes.juntadeandalucia.es\/iesbulyana\/files\/2023\/03\/SEMANA-CIENCIA-4-768x570.png 768w, https:\/\/blogsaverroes.juntadeandalucia.es\/iesbulyana\/files\/2023\/03\/SEMANA-CIENCIA-4.png 1007w\" sizes=\"(max-width: 300px) 100vw, 300px\" \/><\/a> <a href=\"https:\/\/blogsaverroes.juntadeandalucia.es\/iesbulyana\/files\/2023\/03\/SEMANA-CIENCIA-5.png\"><img loading=\"lazy\" decoding=\"async\" class=\"alignnone size-medium wp-image-7290\" src=\"https:\/\/blogsaverroes.juntadeandalucia.es\/iesbulyana\/files\/2023\/03\/SEMANA-CIENCIA-5-300x224.png\" alt=\"\" width=\"300\" height=\"224\" srcset=\"https:\/\/blogsaverroes.juntadeandalucia.es\/iesbulyana\/files\/2023\/03\/SEMANA-CIENCIA-5-300x224.png 300w, https:\/\/blogsaverroes.juntadeandalucia.es\/iesbulyana\/files\/2023\/03\/SEMANA-CIENCIA-5-1024x765.png 1024w, https:\/\/blogsaverroes.juntadeandalucia.es\/iesbulyana\/files\/2023\/03\/SEMANA-CIENCIA-5-768x573.png 768w, https:\/\/blogsaverroes.juntadeandalucia.es\/iesbulyana\/files\/2023\/03\/SEMANA-CIENCIA-5-1536x1147.png 1536w, https:\/\/blogsaverroes.juntadeandalucia.es\/iesbulyana\/files\/2023\/03\/SEMANA-CIENCIA-5-2048x1529.png 2048w, https:\/\/blogsaverroes.juntadeandalucia.es\/iesbulyana\/files\/2023\/03\/SEMANA-CIENCIA-5.png 1600w\" sizes=\"(max-width: 300px) 100vw, 300px\" \/><\/a> <a href=\"https:\/\/blogsaverroes.juntadeandalucia.es\/iesbulyana\/files\/2023\/03\/SEMANA-CIENCIA-6.jpeg\"><img loading=\"lazy\" decoding=\"async\" class=\"alignnone size-medium wp-image-7291\" src=\"https:\/\/blogsaverroes.juntadeandalucia.es\/iesbulyana\/files\/2023\/03\/SEMANA-CIENCIA-6-300x225.jpeg\" alt=\"\" width=\"300\" height=\"225\" srcset=\"https:\/\/blogsaverroes.juntadeandalucia.es\/iesbulyana\/files\/2023\/03\/SEMANA-CIENCIA-6-300x225.jpeg 300w, https:\/\/blogsaverroes.juntadeandalucia.es\/iesbulyana\/files\/2023\/03\/SEMANA-CIENCIA-6-768x576.jpeg 768w, https:\/\/blogsaverroes.juntadeandalucia.es\/iesbulyana\/files\/2023\/03\/SEMANA-CIENCIA-6.jpeg 1024w\" sizes=\"(max-width: 300px) 100vw, 300px\" \/><\/a><\/p>\n","protected":false},"excerpt":{"rendered":"<p>Un a\u00f1o m\u00e1s, hemos celebrado en el IES Bulyana nuestra Semana de la Ciencia, en esta ocasi\u00f3n para abordar&nbsp; uno de los problemas m\u00e1s acuciantes del siglo XXI: El Cambio clim\u00e1tico Global. Ha sido una semana llena de nuevas experiencias, conocimientos y sobre todo, de mucha ilusi\u00f3n y trabajo por parte de nuestro alumnado y &hellip; <\/p>\n<p><a class=\"more-link btn\" href=\"https:\/\/blogsaverroes.juntadeandalucia.es\/iesbulyana\/?p=7285\">Seguir leyendo<\/a><\/p>\n","protected":false},"author":16433,"featured_media":0,"comment_status":"closed","ping_status":"closed","sticky":false,"template":"","format":"standard","meta":{"_exactmetrics_skip_tracking":false,"_exactmetrics_sitenote_active":false,"_exactmetrics_sitenote_note":"","_exactmetrics_sitenote_category":0,"ngg_post_thumbnail":0,"footnotes":""},"categories":[11909],"tags":[],"aioseo_notices":[],"_links":{"self":[{"href":"https:\/\/blogsaverroes.juntadeandalucia.es\/iesbulyana\/index.php?rest_route=\/wp\/v2\/posts\/7285"}],"collection":[{"href":"https:\/\/blogsaverroes.juntadeandalucia.es\/iesbulyana\/index.php?rest_route=\/wp\/v2\/posts"}],"about":[{"href":"https:\/\/blogsaverroes.juntadeandalucia.es\/iesbulyana\/index.php?rest_route=\/wp\/v2\/types\/post"}],"author":[{"embeddable":true,"href":"https:\/\/blogsaverroes.juntadeandalucia.es\/iesbulyana\/index.php?rest_route=\/wp\/v2\/users\/16433"}],"replies":[{"embeddable":true,"href":"https:\/\/blogsaverroes.juntadeandalucia.es\/iesbulyana\/index.php?rest_route=%2Fwp%2Fv2%2Fcomments&post=7285"}],"version-history":[{"count":4,"href":"https:\/\/blogsaverroes.juntadeandalucia.es\/iesbulyana\/index.php?rest_route=\/wp\/v2\/posts\/7285\/revisions"}],"predecessor-version":[{"id":7296,"href":"https:\/\/blogsaverroes.juntadeandalucia.es\/iesbulyana\/index.php?rest_route=\/wp\/v2\/posts\/7285\/revisions\/7296"}],"wp:attachment":[{"href":"https:\/\/blogsaverroes.juntadeandalucia.es\/iesbulyana\/index.php?rest_route=%2Fwp%2Fv2%2Fmedia&parent=7285"}],"wp:term":[{"taxonomy":"category","embeddable":true,"href":"https:\/\/blogsaverroes.juntadeandalucia.es\/iesbulyana\/index.php?rest_route=%2Fwp%2Fv2%2Fcategories&post=7285"},{"taxonomy":"post_tag","embeddable":true,"href":"https:\/\/blogsaverroes.juntadeandalucia.es\/iesbulyana\/index.php?rest_route=%2Fwp%2Fv2%2Ftags&post=7285"}],"curies":[{"name":"wp","href":"https:\/\/api.w.org\/{rel}","templated":true}]}}