{"id":7347,"date":"2023-12-13T11:49:34","date_gmt":"2023-12-13T10:49:34","guid":{"rendered":"https:\/\/blogsaverroes.juntadeandalucia.es\/iesbulyana\/?p=7347"},"modified":"2023-12-13T11:50:48","modified_gmt":"2023-12-13T10:50:48","slug":"informacion-becas-para-el-alumnado-del-curso-actual-2023-2024","status":"publish","type":"post","link":"https:\/\/blogsaverroes.juntadeandalucia.es\/iesbulyana\/?p=7347","title":{"rendered":"Informaci\u00f3n becas curso 2023\/2024"},"content":{"rendered":"<p style=\"text-align: center\"><span style=\"text-decoration: underline\"><strong>Convocatoria p\u00fablica de la Beca Andaluc\u00eda Segunda Oportunidad (BASO) para el curso escolar 2023\/2024.<\/strong> <\/span><\/p>\n<p>El plazo de presentaci\u00f3n de solicitudes ser\u00e1 del 6 de diciembre de 2023 al 5 de enero de 2024.<\/p>\n<p>Informaci\u00f3n:<\/p>\n<p><a href=\"https:\/\/www.juntadeandalucia.es\/educacion\/portals\/web\/becas-y-ayudas\/novedades\/-\/contenidos\/detalle\/convocatoria-publica-de-la-beca-andalucia-segunda-oportunidad-para-el-curso-escolar-2022\">https:\/\/www.juntadeandalucia.es\/educacion\/portals\/web\/becas-y-ayudas\/novedades\/-\/contenidos\/detalle\/convocatoria-publica-de-la-beca-andalucia-segunda-oportunidad-para-el-curso-escolar-2022<\/a><\/p>\n<p><a href=\"https:\/\/www.juntadeandalucia.es\/educacion\/portals\/web\/becas-y-ayudas\/segunda-oportunidad\">https:\/\/www.juntadeandalucia.es\/educacion\/portals\/web\/becas-y-ayudas\/segunda-oportunidad<\/a><\/p>\n<p>Tramitaci\u00f3n: <a href=\"https:\/\/www.juntadeandalucia.es\/educacion\/secretariavirtual\/accesoTramite\/798\/\">https:\/\/www.juntadeandalucia.es\/educacion\/secretariavirtual\/accesoTramite\/798\/<\/a><\/p>\n<hr>\n<p style=\"text-align: center\"><span style=\"text-decoration: underline\"><strong>Convocatoria p\u00fablica de la Beca 6000 para el curso escolar 2023\/2024<\/strong> <\/span><\/p>\n<p>El plazo de presentaci\u00f3n de solicitudes ser\u00e1 del 6 de diciembre de 2023 al 5 de enero de 2024.<\/p>\n<p>Informaci\u00f3n:<\/p>\n<p><a href=\"https:\/\/www.juntadeandalucia.es\/educacion\/portals\/web\/becas-y-ayudas\/novedades\/-\/contenidos\/detalle\/convocatoria-publica-de-la-beca-6000-para-el-curso-escolar-2022\">https:\/\/www.juntadeandalucia.es\/educacion\/portals\/web\/becas-y-ayudas\/novedades\/-\/contenidos\/detalle\/convocatoria-publica-de-la-beca-6000-para-el-curso-escolar-2022<\/a><\/p>\n<p><a href=\"https:\/\/www.juntadeandalucia.es\/educacion\/portals\/web\/becas-y-ayudas\/beca-6000\">https:\/\/www.juntadeandalucia.es\/educacion\/portals\/web\/becas-y-ayudas\/beca-6000<\/a><\/p>\n<p>Tramitaci\u00f3n: <a href=\"https:\/\/www.juntadeandalucia.es\/educacion\/secretariavirtual\/accesoTramite\/800\/\">https:\/\/www.juntadeandalucia.es\/educacion\/secretariavirtual\/accesoTramite\/800\/<\/a><\/p>\n<hr>\n<p style=\"text-align: center\"><span style=\"text-decoration: underline\"><strong>Convocatoria p\u00fablica de la Beca Adriano para el curso escolar 2023\/2024<\/strong> <\/span><\/p>\n<p>El plazo de presentaci\u00f3n de solicitudes ser\u00e1 del 6 de diciembre de 2023 al 5 de enero de 2024. Los alumnos de primer curso de cualquier ense\u00f1anza NO podr\u00e1n optar a la Beca Adriano.<\/p>\n<p>Informaci\u00f3n:<\/p>\n<p><a href=\"https:\/\/www.juntadeandalucia.es\/educacion\/portals\/web\/becas-y-ayudas\/novedades\/-\/contenidos\/detalle\/convocatoria-publica-de-la-beca-adriano-para-el-curso-escolar-2022\">https:\/\/www.juntadeandalucia.es\/educacion\/portals\/web\/becas-y-ayudas\/novedades\/-\/contenidos\/detalle\/convocatoria-publica-de-la-beca-adriano-para-el-curso-escolar-2022<\/a><\/p>\n<p><a href=\"https:\/\/www.juntadeandalucia.es\/educacion\/portals\/web\/becas-y-ayudas\/beca-adriano\">https:\/\/www.juntadeandalucia.es\/educacion\/portals\/web\/becas-y-ayudas\/beca-adriano<\/a><\/p>\n<p>Tramitaci\u00f3n <a href=\"https:\/\/www.juntadeandalucia.es\/educacion\/apl\/becasadriano\/\">https:\/\/www.juntadeandalucia.es\/educacion\/apl\/becasadriano\/<\/a><\/p>\n","protected":false},"excerpt":{"rendered":"<p>Convocatoria p\u00fablica de la Beca Andaluc\u00eda Segunda Oportunidad (BASO) para el curso escolar 2023\/2024. El plazo de presentaci\u00f3n de solicitudes ser\u00e1 del 6 de diciembre de 2023 al 5 de enero de 2024. Informaci\u00f3n: https:\/\/www.juntadeandalucia.es\/educacion\/portals\/web\/becas-y-ayudas\/novedades\/-\/contenidos\/detalle\/convocatoria-publica-de-la-beca-andalucia-segunda-oportunidad-para-el-curso-escolar-2022 https:\/\/www.juntadeandalucia.es\/educacion\/portals\/web\/becas-y-ayudas\/segunda-oportunidad Tramitaci\u00f3n: https:\/\/www.juntadeandalucia.es\/educacion\/secretariavirtual\/accesoTramite\/798\/ Convocatoria p\u00fablica de la Beca 6000 para el curso escolar 2023\/2024 El plazo de presentaci\u00f3n de solicitudes &hellip; <\/p>\n<p><a class=\"more-link btn\" href=\"https:\/\/blogsaverroes.juntadeandalucia.es\/iesbulyana\/?p=7347\">Seguir leyendo<\/a><\/p>\n","protected":false},"author":2209,"featured_media":0,"comment_status":"closed","ping_status":"closed","sticky":false,"template":"","format":"standard","meta":{"_exactmetrics_skip_tracking":false,"_exactmetrics_sitenote_active":false,"_exactmetrics_sitenote_note":"","_exactmetrics_sitenote_category":0,"ngg_post_thumbnail":0,"footnotes":""},"categories":[11909],"tags":[],"aioseo_notices":[],"_links":{"self":[{"href":"https:\/\/blogsaverroes.juntadeandalucia.es\/iesbulyana\/index.php?rest_route=\/wp\/v2\/posts\/7347"}],"collection":[{"href":"https:\/\/blogsaverroes.juntadeandalucia.es\/iesbulyana\/index.php?rest_route=\/wp\/v2\/posts"}],"about":[{"href":"https:\/\/blogsaverroes.juntadeandalucia.es\/iesbulyana\/index.php?rest_route=\/wp\/v2\/types\/post"}],"author":[{"embeddable":true,"href":"https:\/\/blogsaverroes.juntadeandalucia.es\/iesbulyana\/index.php?rest_route=\/wp\/v2\/users\/2209"}],"replies":[{"embeddable":true,"href":"https:\/\/blogsaverroes.juntadeandalucia.es\/iesbulyana\/index.php?rest_route=%2Fwp%2Fv2%2Fcomments&post=7347"}],"version-history":[{"count":5,"href":"https:\/\/blogsaverroes.juntadeandalucia.es\/iesbulyana\/index.php?rest_route=\/wp\/v2\/posts\/7347\/revisions"}],"predecessor-version":[{"id":7352,"href":"https:\/\/blogsaverroes.juntadeandalucia.es\/iesbulyana\/index.php?rest_route=\/wp\/v2\/posts\/7347\/revisions\/7352"}],"wp:attachment":[{"href":"https:\/\/blogsaverroes.juntadeandalucia.es\/iesbulyana\/index.php?rest_route=%2Fwp%2Fv2%2Fmedia&parent=7347"}],"wp:term":[{"taxonomy":"category","embeddable":true,"href":"https:\/\/blogsaverroes.juntadeandalucia.es\/iesbulyana\/index.php?rest_route=%2Fwp%2Fv2%2Fcategories&post=7347"},{"taxonomy":"post_tag","embeddable":true,"href":"https:\/\/blogsaverroes.juntadeandalucia.es\/iesbulyana\/index.php?rest_route=%2Fwp%2Fv2%2Ftags&post=7347"}],"curies":[{"name":"wp","href":"https:\/\/api.w.org\/{rel}","templated":true}]}}