{"id":7355,"date":"2024-01-10T11:49:15","date_gmt":"2024-01-10T10:49:15","guid":{"rendered":"https:\/\/blogsaverroes.juntadeandalucia.es\/iesbulyana\/?p=7355"},"modified":"2024-10-21T10:29:37","modified_gmt":"2024-10-21T08:29:37","slug":"actualizacion-tasas-expedicion-titulos-academicos","status":"publish","type":"post","link":"https:\/\/blogsaverroes.juntadeandalucia.es\/iesbulyana\/?p=7355","title":{"rendered":"Actualizaci\u00f3n tasas expedici\u00f3n t\u00edtulos acad\u00e9micos"},"content":{"rendered":"<p style=\"text-align: center\"><strong>TASAS 2024 POR EXPEDICIO\u0301N DE TI\u0301TULOS ACADE\u0301MICOS Y PROFESIONALES<\/strong><\/p>\n<p style=\"text-align: left\">Se informa de la subida de los importes para la expedici\u00f3n de t\u00edtulos acad\u00e9micos y profesionales no universitarios. Los nuevos importes ser\u00e1n aplicables a partir del 1 de enero de 2024. La subida se rige seg\u00fan la Ley 12\/2023, de 26 de diciembre, del Presupuesto de la Comunidad Aut\u00f3noma de Andaluc\u00eda para el a\u00f1o 2024 (BOJA n\u00ba 248, de 29 de diciembre), que establece en su art\u00edculo 39, que para el a\u00f1o 2024, el importe de las tasas de cuant\u00eda fija de la Comunidad Aut\u00f3noma de Andaluc\u00eda ser\u00e1 el que resulte de la aplicaci\u00f3n del coeficiente 1,02 a la cuant\u00eda exigible para el a\u00f1o 2023.<\/p>\n<table style=\"border-collapse: collapse;width: 100%;height: 97px\">\n<tbody>\n<tr style=\"height: 24px\">\n<td style=\"width: 25%;height: 24px;text-align: center\"><strong>T\u00cdTULO <\/strong><\/td>\n<td style=\"width: 25%;height: 24px;text-align: center\"><strong>TARIFA NORMAL<\/strong><\/td>\n<td style=\"width: 25%;height: 24px;text-align: center\"><strong> TARIFA REDUCIDA<\/strong><\/td>\n<td style=\"width: 25%;height: 24px;text-align: center\"><strong>EXENTOS<\/strong><\/td>\n<\/tr>\n<tr style=\"height: 24px\">\n<td style=\"width: 25%;height: 24px;text-align: center\">T\u00edtulo de Bachiller<\/td>\n<td style=\"width: 25%;height: 24px;text-align: center\">56,07 \u20ac<\/td>\n<td style=\"width: 25%;height: 24px;text-align: center\">28,04 \u20ac<\/td>\n<td style=\"width: 25%;height: 24px;text-align: center\">0,00 \u20ac<\/td>\n<\/tr>\n<tr style=\"height: 24px\">\n<td style=\"width: 25%;height: 24px;text-align: center\">T\u00e9cnico FP<\/td>\n<td style=\"width: 25%;height: 24px;text-align: center\">22,83 \u20ac<\/td>\n<td style=\"width: 25%;height: 24px;text-align: center\">11,42 \u20ac<\/td>\n<td style=\"width: 25%;height: 24px;text-align: center\">0,00 \u20ac<\/td>\n<\/tr>\n<tr style=\"height: 25px\">\n<td style=\"width: 25%;height: 25px;text-align: center\">T\u00e9cnico Superior FP<\/td>\n<td style=\"width: 25%;height: 25px;text-align: center\">56,07 \u20ac<\/td>\n<td style=\"width: 25%;height: 25px;text-align: center\">28,04\u20ac<\/td>\n<td style=\"width: 25%;height: 25px;text-align: center\">0,00 \u20ac<\/td>\n<\/tr>\n<\/tbody>\n<\/table>\n<p style=\"text-align: left\">&nbsp;<\/p>\n<p>1.- Tarifa reducida: los miembros de familia numerosa de categor\u00eda general.<\/p>\n<p>*NOTA: SI REALIZA EL PAGO TELEM\u00c1TICO DE LAS TASAS PODR\u00c1OBTENER UNA BONIFICACI\u00d3N (SI SE\u00d1ALA LA CASILLA DE BONIFICACIO\u0301N), QUE SER\u00c1 DE 3 \u20ac PARA TASAS INFERIORES A 30 \u20ac Y UN 10% PARA TASAS SUPERIORES A DICHA CANTIDAD. EN EL CASO DE TASAS INFERIORES A 3 \u20ac. (Seg\u00fan el Art\u00edculo 78 de la Ley 18\/2003, de 29 de diciembre, por la que se aprueban medidas fiscales y administrativas en su nueva redacci\u00f3n dada por la Disposici\u00f3n Final Quinta de la Ley 3\/2019, de 22 de julio, del Presupuesto de la Comunidad Aut\u00f3noma de Andaluc\u00eda para el a\u00f1o 2019).<\/p>\n<p>2.- Est\u00e1n exentos del pago de estas tasas (pero deben generar igualmente el documento con total a ingresar 0 \u20ac):<\/p>\n<ul>\n<li>Las v\u00edctimas de actos terroristas (Ley 10\/2010 de 15 de noviembre, BOJA de 24\/11\/2010 Relativa a medidas para la asistencia y atenci\u00f3n a las v\u00edctimas de terrorismo de la Comunidad Aut\u00f3noma de Andaluc\u00eda).<\/li>\n<li>Los beneficiarios de familia numerosa de categor\u00eda especial (categor\u00eda establecida en la Ley 40\/2003 de 18 de noviembre, de Protecci\u00f3n a las Familias Numerosas, BOE de 19\/11\/2003)<\/li>\n<li>La expedici\u00f3n de t\u00edtulos duplicados por causa imputable a la administraci\u00f3n<\/li>\n<\/ul>\n<p>&nbsp;<\/p>\n<p>&nbsp;<\/p>\n","protected":false},"excerpt":{"rendered":"<p>TASAS 2024 POR EXPEDICIO\u0301N DE TI\u0301TULOS ACADE\u0301MICOS Y PROFESIONALES Se informa de la subida de los importes para la expedici\u00f3n de t\u00edtulos acad\u00e9micos y profesionales no universitarios. Los nuevos importes ser\u00e1n aplicables a partir del 1 de enero de 2024. La subida se rige seg\u00fan la Ley 12\/2023, de 26 de diciembre, del Presupuesto de &hellip; <\/p>\n<p><a class=\"more-link btn\" href=\"https:\/\/blogsaverroes.juntadeandalucia.es\/iesbulyana\/?p=7355\">Seguir leyendo<\/a><\/p>\n","protected":false},"author":2209,"featured_media":0,"comment_status":"closed","ping_status":"closed","sticky":false,"template":"","format":"standard","meta":{"_exactmetrics_skip_tracking":false,"_exactmetrics_sitenote_active":false,"_exactmetrics_sitenote_note":"","_exactmetrics_sitenote_category":0,"ngg_post_thumbnail":0,"footnotes":""},"categories":[11909],"tags":[],"aioseo_notices":[],"_links":{"self":[{"href":"https:\/\/blogsaverroes.juntadeandalucia.es\/iesbulyana\/index.php?rest_route=\/wp\/v2\/posts\/7355"}],"collection":[{"href":"https:\/\/blogsaverroes.juntadeandalucia.es\/iesbulyana\/index.php?rest_route=\/wp\/v2\/posts"}],"about":[{"href":"https:\/\/blogsaverroes.juntadeandalucia.es\/iesbulyana\/index.php?rest_route=\/wp\/v2\/types\/post"}],"author":[{"embeddable":true,"href":"https:\/\/blogsaverroes.juntadeandalucia.es\/iesbulyana\/index.php?rest_route=\/wp\/v2\/users\/2209"}],"replies":[{"embeddable":true,"href":"https:\/\/blogsaverroes.juntadeandalucia.es\/iesbulyana\/index.php?rest_route=%2Fwp%2Fv2%2Fcomments&post=7355"}],"version-history":[{"count":4,"href":"https:\/\/blogsaverroes.juntadeandalucia.es\/iesbulyana\/index.php?rest_route=\/wp\/v2\/posts\/7355\/revisions"}],"predecessor-version":[{"id":7539,"href":"https:\/\/blogsaverroes.juntadeandalucia.es\/iesbulyana\/index.php?rest_route=\/wp\/v2\/posts\/7355\/revisions\/7539"}],"wp:attachment":[{"href":"https:\/\/blogsaverroes.juntadeandalucia.es\/iesbulyana\/index.php?rest_route=%2Fwp%2Fv2%2Fmedia&parent=7355"}],"wp:term":[{"taxonomy":"category","embeddable":true,"href":"https:\/\/blogsaverroes.juntadeandalucia.es\/iesbulyana\/index.php?rest_route=%2Fwp%2Fv2%2Fcategories&post=7355"},{"taxonomy":"post_tag","embeddable":true,"href":"https:\/\/blogsaverroes.juntadeandalucia.es\/iesbulyana\/index.php?rest_route=%2Fwp%2Fv2%2Ftags&post=7355"}],"curies":[{"name":"wp","href":"https:\/\/api.w.org\/{rel}","templated":true}]}}