{"id":7375,"date":"2024-02-21T11:46:28","date_gmt":"2024-02-21T10:46:28","guid":{"rendered":"https:\/\/blogsaverroes.juntadeandalucia.es\/iesbulyana\/?p=7375"},"modified":"2024-02-23T10:15:19","modified_gmt":"2024-02-23T09:15:19","slug":"tertulia-club-de-lectura-jueves-15-febrero","status":"publish","type":"post","link":"https:\/\/blogsaverroes.juntadeandalucia.es\/iesbulyana\/?p=7375","title":{"rendered":"Tertulia club de lectura jueves 15 febrero"},"content":{"rendered":"<div id=\":oh\" class=\"ii gt\">\n<div id=\":oi\" class=\"a3s aiL \">\n<div class=\"gmail_quote\">\n<div dir=\"ltr\">\n<p>El pasado jueves d\u00eda 15 se celebr\u00f3 la Tertulia del club de lectura en el IES Veleta de Granada, con alumnado de este centro y del IES Alhambra.&nbsp;<\/p>\n<p>La tertulia vers\u00f3 sobre el libro \u00abNo me llames loco, no te llamar\u00e9 idiota\u00bb de la autora Cristina Sanz Guerra. El alumnado de nuestro IES que particip\u00f3 era de los cursos de 2\u00ba a 4\u00ba de ESO , todos miembros del club de lectura, que previamente hab\u00edan le\u00eddo el libro.<\/p>\n<p>La siguiente tertulia la realizaremos en nuestro IES los primeros d\u00edas de Abril, a\u00fan sin confirmar la fecha. El libro elegido para ese d\u00eda es \u00abEl mar detr\u00e1s\u00bb de Giner S\u00e1nchez.<\/p>\n<\/div>\n<div class=\"yj6qo\">ngg_shortcode_0_placeholder<\/div>\n<div class=\"adL\">&nbsp;<\/div>\n<\/div>\n<div class=\"adL\">&nbsp;<\/div>\n<\/div>\n<\/div>\n<div id=\":mf\" class=\"hq gt\">&nbsp;<\/div>\n","protected":false},"excerpt":{"rendered":"<p>El pasado jueves d\u00eda 15 se celebr\u00f3 la Tertulia del club de lectura en el IES Veleta de Granada, con alumnado de este centro y del IES Alhambra.&nbsp; La tertulia vers\u00f3 sobre el libro \u00abNo me llames loco, no te llamar\u00e9 idiota\u00bb de la autora Cristina Sanz Guerra. El alumnado de nuestro IES que particip\u00f3 &hellip; <\/p>\n<p><a class=\"more-link btn\" href=\"https:\/\/blogsaverroes.juntadeandalucia.es\/iesbulyana\/?p=7375\">Seguir leyendo<\/a><\/p>\n","protected":false},"author":2209,"featured_media":0,"comment_status":"closed","ping_status":"closed","sticky":false,"template":"","format":"standard","meta":{"_exactmetrics_skip_tracking":false,"_exactmetrics_sitenote_active":false,"_exactmetrics_sitenote_note":"","_exactmetrics_sitenote_category":0,"ngg_post_thumbnail":0,"footnotes":""},"categories":[11909],"tags":[],"aioseo_notices":[],"_links":{"self":[{"href":"https:\/\/blogsaverroes.juntadeandalucia.es\/iesbulyana\/index.php?rest_route=\/wp\/v2\/posts\/7375"}],"collection":[{"href":"https:\/\/blogsaverroes.juntadeandalucia.es\/iesbulyana\/index.php?rest_route=\/wp\/v2\/posts"}],"about":[{"href":"https:\/\/blogsaverroes.juntadeandalucia.es\/iesbulyana\/index.php?rest_route=\/wp\/v2\/types\/post"}],"author":[{"embeddable":true,"href":"https:\/\/blogsaverroes.juntadeandalucia.es\/iesbulyana\/index.php?rest_route=\/wp\/v2\/users\/2209"}],"replies":[{"embeddable":true,"href":"https:\/\/blogsaverroes.juntadeandalucia.es\/iesbulyana\/index.php?rest_route=%2Fwp%2Fv2%2Fcomments&post=7375"}],"version-history":[{"count":3,"href":"https:\/\/blogsaverroes.juntadeandalucia.es\/iesbulyana\/index.php?rest_route=\/wp\/v2\/posts\/7375\/revisions"}],"predecessor-version":[{"id":7394,"href":"https:\/\/blogsaverroes.juntadeandalucia.es\/iesbulyana\/index.php?rest_route=\/wp\/v2\/posts\/7375\/revisions\/7394"}],"wp:attachment":[{"href":"https:\/\/blogsaverroes.juntadeandalucia.es\/iesbulyana\/index.php?rest_route=%2Fwp%2Fv2%2Fmedia&parent=7375"}],"wp:term":[{"taxonomy":"category","embeddable":true,"href":"https:\/\/blogsaverroes.juntadeandalucia.es\/iesbulyana\/index.php?rest_route=%2Fwp%2Fv2%2Fcategories&post=7375"},{"taxonomy":"post_tag","embeddable":true,"href":"https:\/\/blogsaverroes.juntadeandalucia.es\/iesbulyana\/index.php?rest_route=%2Fwp%2Fv2%2Ftags&post=7375"}],"curies":[{"name":"wp","href":"https:\/\/api.w.org\/{rel}","templated":true}]}}