{"id":7573,"date":"2024-11-25T10:08:22","date_gmt":"2024-11-25T09:08:22","guid":{"rendered":"https:\/\/blogsaverroes.juntadeandalucia.es\/iesbulyana\/?p=7573"},"modified":"2024-11-25T10:12:31","modified_gmt":"2024-11-25T09:12:31","slug":"ayudas-desplazamiento-fp-dual-y-fct-2023-2024","status":"publish","type":"post","link":"https:\/\/blogsaverroes.juntadeandalucia.es\/iesbulyana\/?p=7573","title":{"rendered":"Ayudas desplazamiento FP Dual y FCT 2023\/2024"},"content":{"rendered":"<p>Con fechas 18 y 19 de noviembre de 2024 se han publicado, en las p\u00e1ginas web de las Delegaciones Territoriales con competencias en educaci\u00f3n, las Resoluciones Provisionales por las que se conceden ayudas para el alumnado que realiza el m\u00f3dulo profesional de Formaci\u00f3n en Centros de Trabajo o la formaci\u00f3n pr\u00e1ctica de la Formaci\u00f3n Profesional dual en empresas o entidades situadas a una distancia superior a 5 kil\u00f3metros desde el centro docente en el que ha estado matriculado en el curso acad\u00e9mico 2023\/2024.<\/p>\n<p>La consulta individualizada y el tr\u00e1mite de alegaciones ya est\u00e1n disponibles en la web de la Secretar\u00eda Virtual para el alumnado solicitante. El plazo de presentaci\u00f3n de alegaciones es de 10 d\u00edas h\u00e1biles a partir de la fecha de publicaci\u00f3n de la resoluci\u00f3n provisional. Para el alumnado de las provincias de Almer\u00eda, C\u00e1diz, C\u00f3rdoba, Granada, Huelva y Sevilla, dicho tr\u00e1mite finalizar\u00e1 el 02\/12\/24 por haberse publicado en estas provincias resoluciones provisionales el 18\/11\/24. Para el alumnado de las provincias de M\u00e1laga y Ja\u00e9n, el tr\u00e1mite de alegaciones finalizar\u00e1 el 03\/12\/24, ya que en estas provincias la publicaci\u00f3n de las resoluciones provisionales ha tenido lugar el 19\/11\/24.<\/p>\n<div class=\"panel-heading\">\n<p class=\"panel-title\"><strong>Acceso a Resoluci\u00f3n provisional ayudas por desplazamiento FP Dual 2023\/2024:<\/strong><\/p>\n<p class=\"panel-title\"><a style=\"font-size: 16px\" href=\"https:\/\/www.juntadeandalucia.es\/educacion\/secretariavirtual\/accesoConsultas\/1807\/\">https:\/\/www.juntadeandalucia.es\/educacion\/secretariavirtual\/accesoConsultas\/1807\/<\/a><\/p>\n<\/div>\n<div class=\"panel-heading\">\n<p class=\"panel-title\"><strong>Acceso a Resoluci\u00f3n provisional ayudas por desplazamiento FP FCT 2023\/2024<\/strong><\/p>\n<\/div>\n<p><a href=\"https:\/\/www.juntadeandalucia.es\/educacion\/secretariavirtual\/accesoConsultas\/1805\/\">https:\/\/www.juntadeandalucia.es\/educacion\/secretariavirtual\/accesoConsultas\/1805\/<\/a><\/p>\n","protected":false},"excerpt":{"rendered":"<p>Con fechas 18 y 19 de noviembre de 2024 se han publicado, en las p\u00e1ginas web de las Delegaciones Territoriales con competencias en educaci\u00f3n, las Resoluciones Provisionales por las que se conceden ayudas para el alumnado que realiza el m\u00f3dulo profesional de Formaci\u00f3n en Centros de Trabajo o la formaci\u00f3n pr\u00e1ctica de la Formaci\u00f3n Profesional &hellip; <\/p>\n<p><a class=\"more-link btn\" href=\"https:\/\/blogsaverroes.juntadeandalucia.es\/iesbulyana\/?p=7573\">Seguir leyendo<\/a><\/p>\n","protected":false},"author":2209,"featured_media":0,"comment_status":"closed","ping_status":"closed","sticky":false,"template":"","format":"standard","meta":{"_exactmetrics_skip_tracking":false,"_exactmetrics_sitenote_active":false,"_exactmetrics_sitenote_note":"","_exactmetrics_sitenote_category":0,"ngg_post_thumbnail":0,"footnotes":""},"categories":[11909],"tags":[],"aioseo_notices":[],"_links":{"self":[{"href":"https:\/\/blogsaverroes.juntadeandalucia.es\/iesbulyana\/index.php?rest_route=\/wp\/v2\/posts\/7573"}],"collection":[{"href":"https:\/\/blogsaverroes.juntadeandalucia.es\/iesbulyana\/index.php?rest_route=\/wp\/v2\/posts"}],"about":[{"href":"https:\/\/blogsaverroes.juntadeandalucia.es\/iesbulyana\/index.php?rest_route=\/wp\/v2\/types\/post"}],"author":[{"embeddable":true,"href":"https:\/\/blogsaverroes.juntadeandalucia.es\/iesbulyana\/index.php?rest_route=\/wp\/v2\/users\/2209"}],"replies":[{"embeddable":true,"href":"https:\/\/blogsaverroes.juntadeandalucia.es\/iesbulyana\/index.php?rest_route=%2Fwp%2Fv2%2Fcomments&post=7573"}],"version-history":[{"count":4,"href":"https:\/\/blogsaverroes.juntadeandalucia.es\/iesbulyana\/index.php?rest_route=\/wp\/v2\/posts\/7573\/revisions"}],"predecessor-version":[{"id":7577,"href":"https:\/\/blogsaverroes.juntadeandalucia.es\/iesbulyana\/index.php?rest_route=\/wp\/v2\/posts\/7573\/revisions\/7577"}],"wp:attachment":[{"href":"https:\/\/blogsaverroes.juntadeandalucia.es\/iesbulyana\/index.php?rest_route=%2Fwp%2Fv2%2Fmedia&parent=7573"}],"wp:term":[{"taxonomy":"category","embeddable":true,"href":"https:\/\/blogsaverroes.juntadeandalucia.es\/iesbulyana\/index.php?rest_route=%2Fwp%2Fv2%2Fcategories&post=7573"},{"taxonomy":"post_tag","embeddable":true,"href":"https:\/\/blogsaverroes.juntadeandalucia.es\/iesbulyana\/index.php?rest_route=%2Fwp%2Fv2%2Ftags&post=7573"}],"curies":[{"name":"wp","href":"https:\/\/api.w.org\/{rel}","templated":true}]}}