{"id":7602,"date":"2024-12-20T12:56:05","date_gmt":"2024-12-20T11:56:05","guid":{"rendered":"https:\/\/blogsaverroes.juntadeandalucia.es\/iesbulyana\/?p=7602"},"modified":"2024-12-20T12:56:05","modified_gmt":"2024-12-20T11:56:05","slug":"el-i-e-s-bulyana-os-desea-unas-felices-fiestas","status":"publish","type":"post","link":"https:\/\/blogsaverroes.juntadeandalucia.es\/iesbulyana\/?p=7602","title":{"rendered":"El I.E.S Bulyana os desea unas felices fiestas"},"content":{"rendered":"<p>Estimadas familias.<\/p>\n<p>Terminamos la primera evaluaci\u00f3n y queremos tomar un momento para agradecerles su continuo apoyo y colaboraci\u00f3n en el desarrollo educativo de sus hijos\/as.<\/p>\n<p>Aprovechamos la oportunidad para desearles a ustedes y a sus seres queridos un Feliz A\u00f1o Nuevo. Que el pr\u00f3ximo a\u00f1o est\u00e9 lleno de alegr\u00eda, \u00e9xito y nuevas oportunidades para todos. Agradecemos su confianza y colaboraci\u00f3n y esperamos continuar trabajando juntos en el pr\u00f3ximo trimestre. Gracias nuevamente por ser parte de nuestra comunidad educativa.<\/p>\n<p>Recordad que el inicio del segundo trimestre ser\u00e1 el martes, 7 de enero de 2025.<\/p>\n<p>En nombre del equipo directivo, del profesorado y del personal de administraci\u00f3n y servicios de nuestro centro les deseamos unas felices fiestas y un pr\u00f3spero a\u00f1o nuevo.<\/p>\n<p>Alicia Mart\u00ednez<\/p>\n<p>Directora IES Bulyana<\/p>\n","protected":false},"excerpt":{"rendered":"<p>Estimadas familias. Terminamos la primera evaluaci\u00f3n y queremos tomar un momento para agradecerles su continuo apoyo y colaboraci\u00f3n en el desarrollo educativo de sus hijos\/as. Aprovechamos la oportunidad para desearles a ustedes y a sus seres queridos un Feliz A\u00f1o Nuevo. Que el pr\u00f3ximo a\u00f1o est\u00e9 lleno de alegr\u00eda, \u00e9xito y nuevas oportunidades para todos. &hellip; <\/p>\n<p><a class=\"more-link btn\" href=\"https:\/\/blogsaverroes.juntadeandalucia.es\/iesbulyana\/?p=7602\">Seguir leyendo<\/a><\/p>\n","protected":false},"author":2209,"featured_media":0,"comment_status":"closed","ping_status":"closed","sticky":false,"template":"","format":"standard","meta":{"_exactmetrics_skip_tracking":false,"_exactmetrics_sitenote_active":false,"_exactmetrics_sitenote_note":"","_exactmetrics_sitenote_category":0,"ngg_post_thumbnail":0,"footnotes":""},"categories":[11909],"tags":[],"aioseo_notices":[],"_links":{"self":[{"href":"https:\/\/blogsaverroes.juntadeandalucia.es\/iesbulyana\/index.php?rest_route=\/wp\/v2\/posts\/7602"}],"collection":[{"href":"https:\/\/blogsaverroes.juntadeandalucia.es\/iesbulyana\/index.php?rest_route=\/wp\/v2\/posts"}],"about":[{"href":"https:\/\/blogsaverroes.juntadeandalucia.es\/iesbulyana\/index.php?rest_route=\/wp\/v2\/types\/post"}],"author":[{"embeddable":true,"href":"https:\/\/blogsaverroes.juntadeandalucia.es\/iesbulyana\/index.php?rest_route=\/wp\/v2\/users\/2209"}],"replies":[{"embeddable":true,"href":"https:\/\/blogsaverroes.juntadeandalucia.es\/iesbulyana\/index.php?rest_route=%2Fwp%2Fv2%2Fcomments&post=7602"}],"version-history":[{"count":1,"href":"https:\/\/blogsaverroes.juntadeandalucia.es\/iesbulyana\/index.php?rest_route=\/wp\/v2\/posts\/7602\/revisions"}],"predecessor-version":[{"id":7603,"href":"https:\/\/blogsaverroes.juntadeandalucia.es\/iesbulyana\/index.php?rest_route=\/wp\/v2\/posts\/7602\/revisions\/7603"}],"wp:attachment":[{"href":"https:\/\/blogsaverroes.juntadeandalucia.es\/iesbulyana\/index.php?rest_route=%2Fwp%2Fv2%2Fmedia&parent=7602"}],"wp:term":[{"taxonomy":"category","embeddable":true,"href":"https:\/\/blogsaverroes.juntadeandalucia.es\/iesbulyana\/index.php?rest_route=%2Fwp%2Fv2%2Fcategories&post=7602"},{"taxonomy":"post_tag","embeddable":true,"href":"https:\/\/blogsaverroes.juntadeandalucia.es\/iesbulyana\/index.php?rest_route=%2Fwp%2Fv2%2Ftags&post=7602"}],"curies":[{"name":"wp","href":"https:\/\/api.w.org\/{rel}","templated":true}]}}