{"id":7682,"date":"2025-03-24T10:35:04","date_gmt":"2025-03-24T09:35:04","guid":{"rendered":"https:\/\/blogsaverroes.juntadeandalucia.es\/iesbulyana\/?p=7682"},"modified":"2025-03-24T10:35:04","modified_gmt":"2025-03-24T09:35:04","slug":"plazo-solicitud-beca-general-del-mec-2025-2026-fp-y-bachillerato","status":"publish","type":"post","link":"https:\/\/blogsaverroes.juntadeandalucia.es\/iesbulyana\/?p=7682","title":{"rendered":"Plazo solicitud beca general del MEC 2025-2026 (FP y Bachillerato)"},"content":{"rendered":"<p>Buenos d\u00edas,<\/p>\n<p>Desde el 24 de marzo hasta el 14 de mayo (a las 15:00) se puede solicitar la beca general de estudios del Ministerio. En nuestro centro, esta beca es interesante para el alumnado que en 2025-2026 vaya a cursar Bachillerato o FP (grado medio o superior).&nbsp;<\/p>\n<p>En el siguiente enlace est\u00e1 la informaci\u00f3n de la p\u00e1gina oficial del Ministerio: <a href=\"https:\/\/www.becaseducacion.gob.es\/becas-y-ayudas\/fp-bachillerato-otros\/tipos-de-becas.html\" target=\"_blank\" rel=\"noopener\">https:\/\/www.becaseducacion.gob.es\/becas-y-ayudas\/fp-bachillerato-otros\/tipos-de-becas.html<\/a>&nbsp;<\/p>\n<p>Dentro, en el men\u00fa de la izquierda, se accede a los diferentes apartados.&nbsp;<\/p>\n<p>Saludos<\/p>\n<p>Departamento de orientaci\u00f3n IES Bulyana<\/p>\n","protected":false},"excerpt":{"rendered":"<p>Buenos d\u00edas, Desde el 24 de marzo hasta el 14 de mayo (a las 15:00) se puede solicitar la beca general de estudios del Ministerio. En nuestro centro, esta beca es interesante para el alumnado que en 2025-2026 vaya a cursar Bachillerato o FP (grado medio o superior).&nbsp; En el siguiente enlace est\u00e1 la informaci\u00f3n &hellip; <\/p>\n<p><a class=\"more-link btn\" href=\"https:\/\/blogsaverroes.juntadeandalucia.es\/iesbulyana\/?p=7682\">Seguir leyendo<\/a><\/p>\n","protected":false},"author":2209,"featured_media":0,"comment_status":"closed","ping_status":"closed","sticky":false,"template":"","format":"standard","meta":{"_exactmetrics_skip_tracking":false,"_exactmetrics_sitenote_active":false,"_exactmetrics_sitenote_note":"","_exactmetrics_sitenote_category":0,"ngg_post_thumbnail":0,"footnotes":""},"categories":[11909],"tags":[],"aioseo_notices":[],"_links":{"self":[{"href":"https:\/\/blogsaverroes.juntadeandalucia.es\/iesbulyana\/index.php?rest_route=\/wp\/v2\/posts\/7682"}],"collection":[{"href":"https:\/\/blogsaverroes.juntadeandalucia.es\/iesbulyana\/index.php?rest_route=\/wp\/v2\/posts"}],"about":[{"href":"https:\/\/blogsaverroes.juntadeandalucia.es\/iesbulyana\/index.php?rest_route=\/wp\/v2\/types\/post"}],"author":[{"embeddable":true,"href":"https:\/\/blogsaverroes.juntadeandalucia.es\/iesbulyana\/index.php?rest_route=\/wp\/v2\/users\/2209"}],"replies":[{"embeddable":true,"href":"https:\/\/blogsaverroes.juntadeandalucia.es\/iesbulyana\/index.php?rest_route=%2Fwp%2Fv2%2Fcomments&post=7682"}],"version-history":[{"count":1,"href":"https:\/\/blogsaverroes.juntadeandalucia.es\/iesbulyana\/index.php?rest_route=\/wp\/v2\/posts\/7682\/revisions"}],"predecessor-version":[{"id":7683,"href":"https:\/\/blogsaverroes.juntadeandalucia.es\/iesbulyana\/index.php?rest_route=\/wp\/v2\/posts\/7682\/revisions\/7683"}],"wp:attachment":[{"href":"https:\/\/blogsaverroes.juntadeandalucia.es\/iesbulyana\/index.php?rest_route=%2Fwp%2Fv2%2Fmedia&parent=7682"}],"wp:term":[{"taxonomy":"category","embeddable":true,"href":"https:\/\/blogsaverroes.juntadeandalucia.es\/iesbulyana\/index.php?rest_route=%2Fwp%2Fv2%2Fcategories&post=7682"},{"taxonomy":"post_tag","embeddable":true,"href":"https:\/\/blogsaverroes.juntadeandalucia.es\/iesbulyana\/index.php?rest_route=%2Fwp%2Fv2%2Ftags&post=7682"}],"curies":[{"name":"wp","href":"https:\/\/api.w.org\/{rel}","templated":true}]}}