{"id":150,"date":"2020-10-08T08:53:05","date_gmt":"2020-10-08T08:53:05","guid":{"rendered":"https:\/\/blogsaverroes.juntadeandalucia.es\/iescabeza\/?p=150"},"modified":"2022-01-13T09:13:26","modified_gmt":"2022-01-13T09:13:26","slug":"comunicado-ampa-del-centro","status":"publish","type":"post","link":"https:\/\/blogsaverroes.juntadeandalucia.es\/iescabeza\/comunicado-ampa-del-centro\/","title":{"rendered":"COMUNICADO AMPA DEL CENTRO"},"content":{"rendered":"<div class=\"content clearfix\">\n<div class=\"field field-name-body field-type-text-with-summary field-label-hidden\">\n<div class=\"field-items\">\n<div class=\"field-item even\">\n<p>Se adjunta comunicado de la Asociaci\u00f3n de Madres y Padres del IES Ntra. Sra. de la Cabeza<\/p>\n<\/div>\n<\/div>\n<\/div>\n<div class=\"field field-name-field-ambito field-type-taxonomy-term-reference field-label-above\">\n<div class=\"field-label\">\u00c1mbito:<\/div>\n<\/div>\n<div class=\"field field-name-field-archivo field-type-file field-label-above\">\n<div class=\"field-label\">Archivo:&nbsp;<\/div>\n<div class=\"field-items\">\n<div class=\"field-item even\"><span class=\"file\"><img decoding=\"async\" class=\"file-icon\" title=\"application\/pdf\" src=\"http:\/\/www.iescabeza.es\/modules\/file\/icons\/application-pdf.png\" alt=\"\"><a href=\"http:\/\/www.iescabeza.es\/sites\/default\/files\/Asociaci%C3%B3n%20de%20Madres%20y%20Padres.pdf\"><strong>Asociaci\u00f3n de Madres y Padres.pdf<\/strong><\/a><\/span><\/div>\n<\/div>\n<\/div>\n<\/div>\n<div>&nbsp;<\/div>\n<div>&nbsp;<\/div>\n","protected":false},"excerpt":{"rendered":"<p>Se adjunta comunicado de la Asociaci\u00f3n de Madres y Padres del IES Ntra. Sra. de la Cabeza \u00c1mbito: Archivo:&nbsp; Asociaci\u00f3n de Madres y Padres.pdf &nbsp; &nbsp;<\/p>\n","protected":false},"author":13753,"featured_media":0,"comment_status":"open","ping_status":"open","sticky":false,"template":"","format":"standard","meta":{"ngg_post_thumbnail":0,"footnotes":""},"categories":[7],"tags":[],"aioseo_notices":[],"_links":{"self":[{"href":"https:\/\/blogsaverroes.juntadeandalucia.es\/iescabeza\/wp-json\/wp\/v2\/posts\/150"}],"collection":[{"href":"https:\/\/blogsaverroes.juntadeandalucia.es\/iescabeza\/wp-json\/wp\/v2\/posts"}],"about":[{"href":"https:\/\/blogsaverroes.juntadeandalucia.es\/iescabeza\/wp-json\/wp\/v2\/types\/post"}],"author":[{"embeddable":true,"href":"https:\/\/blogsaverroes.juntadeandalucia.es\/iescabeza\/wp-json\/wp\/v2\/users\/13753"}],"replies":[{"embeddable":true,"href":"https:\/\/blogsaverroes.juntadeandalucia.es\/iescabeza\/wp-json\/wp\/v2\/comments?post=150"}],"version-history":[{"count":4,"href":"https:\/\/blogsaverroes.juntadeandalucia.es\/iescabeza\/wp-json\/wp\/v2\/posts\/150\/revisions"}],"predecessor-version":[{"id":206,"href":"https:\/\/blogsaverroes.juntadeandalucia.es\/iescabeza\/wp-json\/wp\/v2\/posts\/150\/revisions\/206"}],"wp:attachment":[{"href":"https:\/\/blogsaverroes.juntadeandalucia.es\/iescabeza\/wp-json\/wp\/v2\/media?parent=150"}],"wp:term":[{"taxonomy":"category","embeddable":true,"href":"https:\/\/blogsaverroes.juntadeandalucia.es\/iescabeza\/wp-json\/wp\/v2\/categories?post=150"},{"taxonomy":"post_tag","embeddable":true,"href":"https:\/\/blogsaverroes.juntadeandalucia.es\/iescabeza\/wp-json\/wp\/v2\/tags?post=150"}],"curies":[{"name":"wp","href":"https:\/\/api.w.org\/{rel}","templated":true}]}}