{"id":3276,"date":"2021-03-03T14:12:20","date_gmt":"2021-03-03T13:12:20","guid":{"rendered":"https:\/\/blogsaverroes.juntadeandalucia.es\/iescamposdenijar\/?p=3276"},"modified":"2021-03-24T13:20:01","modified_gmt":"2021-03-24T12:20:01","slug":"actividad-bio-dependencia","status":"publish","type":"post","link":"https:\/\/blogsaverroes.juntadeandalucia.es\/iescamposdenijar\/actividad-bio-dependencia\/","title":{"rendered":"Actividad &#8220;BIO-DEPENDENCIA&#8221;"},"content":{"rendered":"<p style=\"text-align: center\"><strong><em>EXPOSICI\u00d3N \u201cBIO-DEPENDENCIA\u201d<\/em><\/strong><\/p>\n<p style=\"text-align: justify\">El Departamento de Biolog\u00eda y Geolog\u00eda del IES Campos de N\u00edjar ha organizado la actividad <em>\u201cBIO-DEPENDENCIA\u201d<\/em> durante todo el mes de febrero con motivo de la celebraci\u00f3n del D\u00eda de Andaluc\u00eda.<\/p>\n<p style=\"text-align: justify\">El alumnado de 3\u00ba y 4\u00ba ESO as\u00ed como 1\u00ba y 2\u00ba de Bachillerato ha visitado la exposici\u00f3n, cedida por el grupo <em>Ecologistas en Acci\u00f3n<\/em>, en la que han reflexionado sobre la <strong>importancia de la biodiversidad<\/strong>, valorando los bienes y servicios que ofrece, como alimentaci\u00f3n, disminuci\u00f3n del calentamiento global, uso medicinal, depuraci\u00f3n de aguas\u2026. As\u00ed como la <strong>problem\u00e1tica actual de p\u00e9rdida de biodiversidad <\/strong>producida por el cambio clim\u00e1tico, la destrucci\u00f3n de h\u00e1bitats, contaminaci\u00f3n, entre otros, que est\u00e1 provocando la p\u00e9rdida de especies de forma alarmante.<\/p>\n<p><!--more--><\/p>\n<p style=\"text-align: justify\">Adem\u00e1s, el alumnado de 1\u00ba ESO ha realizado esta actividad con la colaboraci\u00f3n del alumnado de 1\u00ba y 2\u00ba de Bachillerato de Ciencias, que han explicado en peque\u00f1os grupos los diferentes paneles. Han realizado una importante labor de <strong>concienciaci\u00f3n entre los m\u00e1s j\u00f3venes<\/strong> ante esta problem\u00e1tica global, <strong>reflexionando <\/strong>sobre la dependencia de la biodiversidad para nuestra supervivencia, as\u00ed como necesidad de cuidado y conservaci\u00f3n de la misma. Esta <strong>colaboraci\u00f3n entre grupos de diferentes niveles<\/strong> ha sido valorada muy positivamente por alumnado y profesorado.<\/p>\n<p><a href=\"https:\/\/blogsaverroes.juntadeandalucia.es\/iescamposdenijar\/files\/2021\/03\/FOTO-Actividad-dia-de-Andalucia-1.png\"><img loading=\"lazy\" decoding=\"async\" class=\"wp-image-3277 aligncenter\" src=\"https:\/\/blogsaverroes.juntadeandalucia.es\/iescamposdenijar\/files\/2021\/03\/FOTO-Actividad-dia-de-Andalucia-1-300x134.png\" alt=\"\" width=\"535\" height=\"239\" srcset=\"https:\/\/blogsaverroes.juntadeandalucia.es\/iescamposdenijar\/files\/2021\/03\/FOTO-Actividad-dia-de-Andalucia-1-300x134.png 300w, https:\/\/blogsaverroes.juntadeandalucia.es\/iescamposdenijar\/files\/2021\/03\/FOTO-Actividad-dia-de-Andalucia-1.png 534w\" sizes=\"(max-width: 535px) 100vw, 535px\" \/><\/a><br \/>\nAlumnado de 1\u00ba Bachillerato (izquierda) y 2\u00ba Bachillerato (derecha) mostrando la exposici\u00f3n al alumnado de 1\u00ba ESO.<\/p>\n","protected":false},"excerpt":{"rendered":"<p>EXPOSICI\u00d3N \u201cBIO-DEPENDENCIA\u201d El Departamento de Biolog\u00eda y Geolog\u00eda del IES Campos de N\u00edjar ha organizado la actividad \u201cBIO-DEPENDENCIA\u201d durante todo el mes de febrero con motivo de la celebraci\u00f3n del D\u00eda de Andaluc\u00eda. El&#46;&#46;&#46;<\/p>\n","protected":false},"author":11991,"featured_media":3475,"comment_status":"closed","ping_status":"open","sticky":false,"template":"","format":"standard","meta":{"ngg_post_thumbnail":0,"footnotes":""},"categories":[25512,2351882,526],"tags":[],"aioseo_notices":[],"_links":{"self":[{"href":"https:\/\/blogsaverroes.juntadeandalucia.es\/iescamposdenijar\/wp-json\/wp\/v2\/posts\/3276"}],"collection":[{"href":"https:\/\/blogsaverroes.juntadeandalucia.es\/iescamposdenijar\/wp-json\/wp\/v2\/posts"}],"about":[{"href":"https:\/\/blogsaverroes.juntadeandalucia.es\/iescamposdenijar\/wp-json\/wp\/v2\/types\/post"}],"author":[{"embeddable":true,"href":"https:\/\/blogsaverroes.juntadeandalucia.es\/iescamposdenijar\/wp-json\/wp\/v2\/users\/11991"}],"replies":[{"embeddable":true,"href":"https:\/\/blogsaverroes.juntadeandalucia.es\/iescamposdenijar\/wp-json\/wp\/v2\/comments?post=3276"}],"version-history":[{"count":5,"href":"https:\/\/blogsaverroes.juntadeandalucia.es\/iescamposdenijar\/wp-json\/wp\/v2\/posts\/3276\/revisions"}],"predecessor-version":[{"id":3476,"href":"https:\/\/blogsaverroes.juntadeandalucia.es\/iescamposdenijar\/wp-json\/wp\/v2\/posts\/3276\/revisions\/3476"}],"wp:featuredmedia":[{"embeddable":true,"href":"https:\/\/blogsaverroes.juntadeandalucia.es\/iescamposdenijar\/wp-json\/wp\/v2\/media\/3475"}],"wp:attachment":[{"href":"https:\/\/blogsaverroes.juntadeandalucia.es\/iescamposdenijar\/wp-json\/wp\/v2\/media?parent=3276"}],"wp:term":[{"taxonomy":"category","embeddable":true,"href":"https:\/\/blogsaverroes.juntadeandalucia.es\/iescamposdenijar\/wp-json\/wp\/v2\/categories?post=3276"},{"taxonomy":"post_tag","embeddable":true,"href":"https:\/\/blogsaverroes.juntadeandalucia.es\/iescamposdenijar\/wp-json\/wp\/v2\/tags?post=3276"}],"curies":[{"name":"wp","href":"https:\/\/api.w.org\/{rel}","templated":true}]}}