{"id":4630,"date":"2024-02-27T20:19:35","date_gmt":"2024-02-27T19:19:35","guid":{"rendered":"https:\/\/blogsaverroes.juntadeandalucia.es\/iescamposdenijar\/?p=4630"},"modified":"2024-02-27T20:28:15","modified_gmt":"2024-02-27T19:28:15","slug":"proyecto-erasmus-2023-24","status":"publish","type":"post","link":"https:\/\/blogsaverroes.juntadeandalucia.es\/iescamposdenijar\/proyecto-erasmus-2023-24\/","title":{"rendered":"PROYECTO ERASMUS+ 2023\/24"},"content":{"rendered":"<table class=\" aligncenter\" style=\"height: 216px;width: 70%;border-collapse: collapse;border-style: none;border-color: #ffffff\">\n<tbody>\n<tr style=\"height: 24px\">\n<td style=\"height: 24px;background-color: #e3dede;width: 42.2282%;border-style: solid;border-color: #ffffff\"><strong>N\u00famero del proyecto<\/strong><\/td>\n<td style=\"height: 24px;width: 57.7718%;border-style: solid;border-color: #ffffff\">2023-1-ES01-KA122-ADU-000148163<\/td>\n<\/tr>\n<tr style=\"height: 24px\">\n<td style=\"height: 24px;background-color: #e3dede;width: 42.2282%;border-style: solid;border-color: #ffffff\"><strong>Nombre del proyecto<\/strong><\/td>\n<td style=\"height: 24px;width: 57.7718%;border-style: solid;border-color: #ffffff\">La ense\u00f1anza para adultos en el entorno del mediterr\u00e1neo: retos y buenas pr\u00e1cticas<\/td>\n<\/tr>\n<tr style=\"height: 24px\">\n<td style=\"height: 24px;background-color: #e3dede;width: 42.2282%;border-style: solid;border-color: #ffffff\"><strong>Convocatoria<\/strong><\/td>\n<td style=\"height: 24px;width: 57.7718%;border-style: solid;border-color: #ffffff\">Convocatoria de propuesta 2023 &#8211; EAC\/A10\/2022 Programa Erasmus+<\/td>\n<\/tr>\n<tr style=\"height: 24px\">\n<td style=\"height: 24px;background-color: #e3dede;width: 42.2282%;border-style: solid;border-color: #ffffff\"><strong>Tipo de acci\u00f3n<\/strong><\/td>\n<td style=\"height: 24px;width: 57.7718%;border-style: solid;border-color: #ffffff\">Proyectos de corta duraci\u00f3n para la movilidad de estudiantes y personal de Educaci\u00f3n para Personas Adultas (KA122-ADU)<\/td>\n<\/tr>\n<tr style=\"height: 24px\">\n<td style=\"height: 24px;background-color: #e3dede;width: 42.2282%;border-style: solid;border-color: #ffffff\"><strong>Autoridad otorgante<\/strong><\/td>\n<td style=\"height: 24px;width: 57.7718%;border-style: solid;border-color: #ffffff\">ES01 &#8211; Servicio Espa\u00f1ol para la Internacionalizaci\u00f3n de la Educaci\u00f3n (SEPIE)<\/td>\n<\/tr>\n<tr style=\"height: 24px\">\n<td style=\"height: 24px;background-color: #e3dede;width: 42.2282%;border-style: solid;border-color: #ffffff\"><strong>Fecha de inicio del proyecto<\/strong><\/td>\n<td style=\"height: 24px;width: 57.7718%;border-style: solid;border-color: #ffffff\">15-09-2023<\/td>\n<\/tr>\n<tr style=\"height: 24px\">\n<td style=\"height: 24px;background-color: #e3dede;width: 42.2282%;border-style: solid;border-color: #ffffff\"><strong>Fecha de finalizaci\u00f3n del proyecto<\/strong><\/td>\n<td style=\"height: 24px;width: 57.7718%;border-style: solid;border-color: #ffffff\">14-06-2024<\/td>\n<\/tr>\n<tr style=\"height: 24px\">\n<td style=\"height: 24px;background-color: #e3dede;width: 42.2282%;border-style: solid;border-color: #ffffff\"><strong>Duraci\u00f3n del proyecto<\/strong><\/td>\n<td style=\"height: 24px;width: 57.7718%;border-style: solid;border-color: #ffffff\">9 meses<\/td>\n<\/tr>\n<tr style=\"height: 24px\">\n<td style=\"height: 24px;background-color: #e3dede;width: 42.2282%;border-style: solid;border-color: #ffffff\"><strong>Acuerdo de consorcio<\/strong><\/td>\n<td style=\"height: 24px;width: 57.7718%;border-style: solid;border-color: #ffffff\">No<\/td>\n<\/tr>\n<\/tbody>\n<\/table>\n<p>&nbsp;<\/p>\n<p>&nbsp;<\/p>\n<p>&nbsp;<\/p>\n<p>&nbsp;<\/p>\n<p>&nbsp;<\/p>\n<p><span style=\"font-weight: 400\">El proyecto desarrollado por el profesorado de Educaci\u00f3n de Adultos del IES Campos de N\u00edjar ha sido aprobado y financiado por el Programa Erasmus + de la Uni\u00f3n Europea. Durante un per\u00edodo de 9 meses, las actividades que se llevar\u00e1n a cabo ser\u00e1n las siguientes:<\/span><\/p>\n<ul>\n<li style=\"font-weight: 400\"><span style=\"font-weight: 400\">Aprendizaje por observacio\u0301n\u00a0<\/span><\/li>\n<li style=\"font-weight: 400\"><span style=\"font-weight: 400\">Movilidad de grupo de estudiantes\u00a0<\/span><\/li>\n<li style=\"font-weight: 400\"><span style=\"font-weight: 400\">Cursos y formacio\u0301n<\/span><\/li>\n<\/ul>\n<p><span style=\"font-weight: 400\">En la<a href=\"https:\/\/blogsaverroes.juntadeandalucia.es\/iescamposdenijar\/category\/planes-y-programas\/erasmus\/\"> secci\u00f3n Erasmus +<\/a> se ir\u00e1n subiendo las actividades que se vayan desarrollando junto con los testimonios (presentaciones, v\u00eddeos, comentarios\u2026) de los participantes.<\/span><\/p>\n","protected":false},"excerpt":{"rendered":"<p>N\u00famero del proyecto 2023-1-ES01-KA122-ADU-000148163 Nombre del proyecto La ense\u00f1anza para adultos en el entorno del mediterr\u00e1neo: retos y buenas pr\u00e1cticas Convocatoria Convocatoria de propuesta 2023 &#8211; EAC\/A10\/2022 Programa Erasmus+ Tipo de acci\u00f3n Proyectos de&#46;&#46;&#46;<\/p>\n","protected":false},"author":14495,"featured_media":0,"comment_status":"closed","ping_status":"open","sticky":false,"template":"","format":"standard","meta":{"ngg_post_thumbnail":0,"footnotes":""},"categories":[2352097,1338823,33096,2351941,526],"tags":[],"aioseo_notices":[],"_links":{"self":[{"href":"https:\/\/blogsaverroes.juntadeandalucia.es\/iescamposdenijar\/wp-json\/wp\/v2\/posts\/4630"}],"collection":[{"href":"https:\/\/blogsaverroes.juntadeandalucia.es\/iescamposdenijar\/wp-json\/wp\/v2\/posts"}],"about":[{"href":"https:\/\/blogsaverroes.juntadeandalucia.es\/iescamposdenijar\/wp-json\/wp\/v2\/types\/post"}],"author":[{"embeddable":true,"href":"https:\/\/blogsaverroes.juntadeandalucia.es\/iescamposdenijar\/wp-json\/wp\/v2\/users\/14495"}],"replies":[{"embeddable":true,"href":"https:\/\/blogsaverroes.juntadeandalucia.es\/iescamposdenijar\/wp-json\/wp\/v2\/comments?post=4630"}],"version-history":[{"count":11,"href":"https:\/\/blogsaverroes.juntadeandalucia.es\/iescamposdenijar\/wp-json\/wp\/v2\/posts\/4630\/revisions"}],"predecessor-version":[{"id":4642,"href":"https:\/\/blogsaverroes.juntadeandalucia.es\/iescamposdenijar\/wp-json\/wp\/v2\/posts\/4630\/revisions\/4642"}],"wp:attachment":[{"href":"https:\/\/blogsaverroes.juntadeandalucia.es\/iescamposdenijar\/wp-json\/wp\/v2\/media?parent=4630"}],"wp:term":[{"taxonomy":"category","embeddable":true,"href":"https:\/\/blogsaverroes.juntadeandalucia.es\/iescamposdenijar\/wp-json\/wp\/v2\/categories?post=4630"},{"taxonomy":"post_tag","embeddable":true,"href":"https:\/\/blogsaverroes.juntadeandalucia.es\/iescamposdenijar\/wp-json\/wp\/v2\/tags?post=4630"}],"curies":[{"name":"wp","href":"https:\/\/api.w.org\/{rel}","templated":true}]}}