{"id":1110,"date":"2023-01-31T11:43:24","date_gmt":"2023-01-31T10:43:24","guid":{"rendered":"https:\/\/blogsaverroes.juntadeandalucia.es\/iescantely\/?p=1110"},"modified":"2023-01-31T11:43:24","modified_gmt":"2023-01-31T10:43:24","slug":"navidad-en-el-ies-cantely","status":"publish","type":"post","link":"https:\/\/blogsaverroes.juntadeandalucia.es\/iescantely\/navidad-en-el-ies-cantely\/","title":{"rendered":"Navidad en el IES Cantely"},"content":{"rendered":"<p>El pasado 22 de diciembre celebramos nuestra fiesta de fin de trimestre en el IES Cantely. Todo el centro se visti\u00f3 de Navidad, incluidas las distintas aulas, cuyos alumnos\/as participaron en un concurso de decoraci\u00f3n en el que colaboraron los tutores y tutoras y varios profesores\/as. Tambi\u00e9n se celebr\u00f3 un concurso de disfraces navide\u00f1os y, a lo largo de la jornada, los alumnos y alumnas pudieron disfrutar de diversas actividades l\u00fadicas, como un desayuno con chocolate y churros organizado por la AMPA, un photocall navide\u00f1o, la visita de SS.MM. los Reyes Magos, y diversas actuaciones. Aqu\u00ed os dejamos diversas fotograf\u00edas de lo que fue un estupendo d\u00eda de convivencia para todos y todas.&nbsp;<\/p>\n\n\t\t<style type=\"text\/css\">\n\t\t\t#gallery-1 {\n\t\t\t\tmargin: auto;\n\t\t\t}\n\t\t\t#gallery-1 .gallery-item {\n\t\t\t\tfloat: left;\n\t\t\t\tmargin-top: 10px;\n\t\t\t\ttext-align: center;\n\t\t\t\twidth: 33%;\n\t\t\t}\n\t\t\t#gallery-1 img {\n\t\t\t\tborder: 2px solid #cfcfcf;\n\t\t\t}\n\t\t\t#gallery-1 .gallery-caption {\n\t\t\t\tmargin-left: 0;\n\t\t\t}\n\t\t\t\/* see gallery_shortcode() in wp-includes\/media.php *\/\n\t\t<\/style>\n\t\t<div id='gallery-1' class='gallery galleryid-1110 gallery-columns-3 gallery-size-full'><dl class='gallery-item'>\n\t\t\t<dt class='gallery-icon portrait'>\n\t\t\t\t<a href='https:\/\/blogsaverroes.juntadeandalucia.es\/iescantely\/navidad-en-el-ies-cantely\/attachment\/1671826195871\/'><img loading=\"lazy\" decoding=\"async\" width=\"2105\" height=\"2467\" src=\"https:\/\/blogsaverroes.juntadeandalucia.es\/iescantely\/files\/2023\/01\/1671826195871.jpg\" class=\"attachment-full size-full\" alt=\"\" srcset=\"https:\/\/blogsaverroes.juntadeandalucia.es\/iescantely\/files\/2023\/01\/1671826195871.jpg 2105w, https:\/\/blogsaverroes.juntadeandalucia.es\/iescantely\/files\/2023\/01\/1671826195871-256x300.jpg 256w, https:\/\/blogsaverroes.juntadeandalucia.es\/iescantely\/files\/2023\/01\/1671826195871-874x1024.jpg 874w, https:\/\/blogsaverroes.juntadeandalucia.es\/iescantely\/files\/2023\/01\/1671826195871-768x900.jpg 768w, https:\/\/blogsaverroes.juntadeandalucia.es\/iescantely\/files\/2023\/01\/1671826195871-1311x1536.jpg 1311w, https:\/\/blogsaverroes.juntadeandalucia.es\/iescantely\/files\/2023\/01\/1671826195871-1747x2048.jpg 1747w\" sizes=\"(max-width: 2105px) 100vw, 2105px\" \/><\/a>\n\t\t\t<\/dt><\/dl><dl class='gallery-item'>\n\t\t\t<dt class='gallery-icon portrait'>\n\t\t\t\t<a href='https:\/\/blogsaverroes.juntadeandalucia.es\/iescantely\/navidad-en-el-ies-cantely\/attachment\/1671826195902\/'><img loading=\"lazy\" decoding=\"async\" width=\"2209\" height=\"2349\" src=\"https:\/\/blogsaverroes.juntadeandalucia.es\/iescantely\/files\/2023\/01\/1671826195902.jpg\" class=\"attachment-full size-full\" alt=\"\" srcset=\"https:\/\/blogsaverroes.juntadeandalucia.es\/iescantely\/files\/2023\/01\/1671826195902.jpg 2209w, https:\/\/blogsaverroes.juntadeandalucia.es\/iescantely\/files\/2023\/01\/1671826195902-282x300.jpg 282w, https:\/\/blogsaverroes.juntadeandalucia.es\/iescantely\/files\/2023\/01\/1671826195902-963x1024.jpg 963w, https:\/\/blogsaverroes.juntadeandalucia.es\/iescantely\/files\/2023\/01\/1671826195902-768x817.jpg 768w, https:\/\/blogsaverroes.juntadeandalucia.es\/iescantely\/files\/2023\/01\/1671826195902-1444x1536.jpg 1444w, https:\/\/blogsaverroes.juntadeandalucia.es\/iescantely\/files\/2023\/01\/1671826195902-1926x2048.jpg 1926w\" sizes=\"(max-width: 2209px) 100vw, 2209px\" \/><\/a>\n\t\t\t<\/dt><\/dl><dl class='gallery-item'>\n\t\t\t<dt class='gallery-icon portrait'>\n\t\t\t\t<a href='https:\/\/blogsaverroes.juntadeandalucia.es\/iescantely\/navidad-en-el-ies-cantely\/attachment\/1671826195932\/'><img loading=\"lazy\" decoding=\"async\" width=\"2124\" height=\"2325\" src=\"https:\/\/blogsaverroes.juntadeandalucia.es\/iescantely\/files\/2023\/01\/1671826195932.jpg\" class=\"attachment-full size-full\" alt=\"\" srcset=\"https:\/\/blogsaverroes.juntadeandalucia.es\/iescantely\/files\/2023\/01\/1671826195932.jpg 2124w, https:\/\/blogsaverroes.juntadeandalucia.es\/iescantely\/files\/2023\/01\/1671826195932-274x300.jpg 274w, https:\/\/blogsaverroes.juntadeandalucia.es\/iescantely\/files\/2023\/01\/1671826195932-935x1024.jpg 935w, https:\/\/blogsaverroes.juntadeandalucia.es\/iescantely\/files\/2023\/01\/1671826195932-768x841.jpg 768w, https:\/\/blogsaverroes.juntadeandalucia.es\/iescantely\/files\/2023\/01\/1671826195932-1403x1536.jpg 1403w, https:\/\/blogsaverroes.juntadeandalucia.es\/iescantely\/files\/2023\/01\/1671826195932-1871x2048.jpg 1871w\" sizes=\"(max-width: 2124px) 100vw, 2124px\" \/><\/a>\n\t\t\t<\/dt><\/dl><br style=\"clear: both\" \/><dl class='gallery-item'>\n\t\t\t<dt class='gallery-icon portrait'>\n\t\t\t\t<a href='https:\/\/blogsaverroes.juntadeandalucia.es\/iescantely\/navidad-en-el-ies-cantely\/attachment\/1671826195995\/'><img loading=\"lazy\" decoding=\"async\" width=\"2250\" height=\"2375\" src=\"https:\/\/blogsaverroes.juntadeandalucia.es\/iescantely\/files\/2023\/01\/1671826195995.jpg\" class=\"attachment-full size-full\" alt=\"\" srcset=\"https:\/\/blogsaverroes.juntadeandalucia.es\/iescantely\/files\/2023\/01\/1671826195995.jpg 2250w, https:\/\/blogsaverroes.juntadeandalucia.es\/iescantely\/files\/2023\/01\/1671826195995-284x300.jpg 284w, https:\/\/blogsaverroes.juntadeandalucia.es\/iescantely\/files\/2023\/01\/1671826195995-970x1024.jpg 970w, https:\/\/blogsaverroes.juntadeandalucia.es\/iescantely\/files\/2023\/01\/1671826195995-768x811.jpg 768w, https:\/\/blogsaverroes.juntadeandalucia.es\/iescantely\/files\/2023\/01\/1671826195995-1455x1536.jpg 1455w, https:\/\/blogsaverroes.juntadeandalucia.es\/iescantely\/files\/2023\/01\/1671826195995-1940x2048.jpg 1940w\" sizes=\"(max-width: 2250px) 100vw, 2250px\" \/><\/a>\n\t\t\t<\/dt><\/dl><dl class='gallery-item'>\n\t\t\t<dt class='gallery-icon portrait'>\n\t\t\t\t<a href='https:\/\/blogsaverroes.juntadeandalucia.es\/iescantely\/navidad-en-el-ies-cantely\/attachment\/1671826196025\/'><img loading=\"lazy\" decoding=\"async\" width=\"2250\" height=\"2433\" src=\"https:\/\/blogsaverroes.juntadeandalucia.es\/iescantely\/files\/2023\/01\/1671826196025.jpg\" class=\"attachment-full size-full\" alt=\"\" srcset=\"https:\/\/blogsaverroes.juntadeandalucia.es\/iescantely\/files\/2023\/01\/1671826196025.jpg 2250w, https:\/\/blogsaverroes.juntadeandalucia.es\/iescantely\/files\/2023\/01\/1671826196025-277x300.jpg 277w, https:\/\/blogsaverroes.juntadeandalucia.es\/iescantely\/files\/2023\/01\/1671826196025-947x1024.jpg 947w, https:\/\/blogsaverroes.juntadeandalucia.es\/iescantely\/files\/2023\/01\/1671826196025-768x830.jpg 768w, https:\/\/blogsaverroes.juntadeandalucia.es\/iescantely\/files\/2023\/01\/1671826196025-1420x1536.jpg 1420w, https:\/\/blogsaverroes.juntadeandalucia.es\/iescantely\/files\/2023\/01\/1671826196025-1894x2048.jpg 1894w\" sizes=\"(max-width: 2250px) 100vw, 2250px\" \/><\/a>\n\t\t\t<\/dt><\/dl><dl class='gallery-item'>\n\t\t\t<dt class='gallery-icon portrait'>\n\t\t\t\t<a href='https:\/\/blogsaverroes.juntadeandalucia.es\/iescantely\/navidad-en-el-ies-cantely\/attachment\/1671826196055\/'><img loading=\"lazy\" decoding=\"async\" width=\"2201\" height=\"2302\" src=\"https:\/\/blogsaverroes.juntadeandalucia.es\/iescantely\/files\/2023\/01\/1671826196055.jpg\" class=\"attachment-full size-full\" alt=\"\" srcset=\"https:\/\/blogsaverroes.juntadeandalucia.es\/iescantely\/files\/2023\/01\/1671826196055.jpg 2201w, https:\/\/blogsaverroes.juntadeandalucia.es\/iescantely\/files\/2023\/01\/1671826196055-287x300.jpg 287w, https:\/\/blogsaverroes.juntadeandalucia.es\/iescantely\/files\/2023\/01\/1671826196055-979x1024.jpg 979w, https:\/\/blogsaverroes.juntadeandalucia.es\/iescantely\/files\/2023\/01\/1671826196055-768x803.jpg 768w, https:\/\/blogsaverroes.juntadeandalucia.es\/iescantely\/files\/2023\/01\/1671826196055-1469x1536.jpg 1469w, https:\/\/blogsaverroes.juntadeandalucia.es\/iescantely\/files\/2023\/01\/1671826196055-1958x2048.jpg 1958w\" sizes=\"(max-width: 2201px) 100vw, 2201px\" \/><\/a>\n\t\t\t<\/dt><\/dl><br style=\"clear: both\" \/><dl class='gallery-item'>\n\t\t\t<dt class='gallery-icon landscape'>\n\t\t\t\t<a href='https:\/\/blogsaverroes.juntadeandalucia.es\/iescantely\/navidad-en-el-ies-cantely\/attachment\/1671826443972\/'><img loading=\"lazy\" decoding=\"async\" width=\"2481\" height=\"1800\" src=\"https:\/\/blogsaverroes.juntadeandalucia.es\/iescantely\/files\/2023\/01\/1671826443972.jpg\" class=\"attachment-full size-full\" alt=\"\" srcset=\"https:\/\/blogsaverroes.juntadeandalucia.es\/iescantely\/files\/2023\/01\/1671826443972.jpg 2481w, https:\/\/blogsaverroes.juntadeandalucia.es\/iescantely\/files\/2023\/01\/1671826443972-300x218.jpg 300w, https:\/\/blogsaverroes.juntadeandalucia.es\/iescantely\/files\/2023\/01\/1671826443972-1024x743.jpg 1024w, https:\/\/blogsaverroes.juntadeandalucia.es\/iescantely\/files\/2023\/01\/1671826443972-768x557.jpg 768w, https:\/\/blogsaverroes.juntadeandalucia.es\/iescantely\/files\/2023\/01\/1671826443972-1536x1114.jpg 1536w, https:\/\/blogsaverroes.juntadeandalucia.es\/iescantely\/files\/2023\/01\/1671826443972-2048x1486.jpg 2048w\" sizes=\"(max-width: 2481px) 100vw, 2481px\" \/><\/a>\n\t\t\t<\/dt><\/dl><dl class='gallery-item'>\n\t\t\t<dt class='gallery-icon landscape'>\n\t\t\t\t<a href='https:\/\/blogsaverroes.juntadeandalucia.es\/iescantely\/navidad-en-el-ies-cantely\/attachment\/1672321853397\/'><img loading=\"lazy\" decoding=\"async\" width=\"2560\" height=\"1747\" src=\"https:\/\/blogsaverroes.juntadeandalucia.es\/iescantely\/files\/2023\/01\/1672321853397-scaled.jpg\" class=\"attachment-full size-full\" alt=\"\" srcset=\"https:\/\/blogsaverroes.juntadeandalucia.es\/iescantely\/files\/2023\/01\/1672321853397-scaled.jpg 2560w, https:\/\/blogsaverroes.juntadeandalucia.es\/iescantely\/files\/2023\/01\/1672321853397-300x205.jpg 300w, https:\/\/blogsaverroes.juntadeandalucia.es\/iescantely\/files\/2023\/01\/1672321853397-1024x699.jpg 1024w, https:\/\/blogsaverroes.juntadeandalucia.es\/iescantely\/files\/2023\/01\/1672321853397-768x524.jpg 768w, https:\/\/blogsaverroes.juntadeandalucia.es\/iescantely\/files\/2023\/01\/1672321853397-1536x1048.jpg 1536w, https:\/\/blogsaverroes.juntadeandalucia.es\/iescantely\/files\/2023\/01\/1672321853397-2048x1397.jpg 2048w\" sizes=\"(max-width: 2560px) 100vw, 2560px\" \/><\/a>\n\t\t\t<\/dt><\/dl><dl class='gallery-item'>\n\t\t\t<dt class='gallery-icon landscape'>\n\t\t\t\t<a href='https:\/\/blogsaverroes.juntadeandalucia.es\/iescantely\/navidad-en-el-ies-cantely\/attachment\/1672321853462\/'><img loading=\"lazy\" decoding=\"async\" width=\"2291\" height=\"1643\" src=\"https:\/\/blogsaverroes.juntadeandalucia.es\/iescantely\/files\/2023\/01\/1672321853462.jpg\" class=\"attachment-full size-full\" alt=\"\" srcset=\"https:\/\/blogsaverroes.juntadeandalucia.es\/iescantely\/files\/2023\/01\/1672321853462.jpg 2291w, https:\/\/blogsaverroes.juntadeandalucia.es\/iescantely\/files\/2023\/01\/1672321853462-300x215.jpg 300w, https:\/\/blogsaverroes.juntadeandalucia.es\/iescantely\/files\/2023\/01\/1672321853462-1024x734.jpg 1024w, https:\/\/blogsaverroes.juntadeandalucia.es\/iescantely\/files\/2023\/01\/1672321853462-768x551.jpg 768w, https:\/\/blogsaverroes.juntadeandalucia.es\/iescantely\/files\/2023\/01\/1672321853462-1536x1102.jpg 1536w, https:\/\/blogsaverroes.juntadeandalucia.es\/iescantely\/files\/2023\/01\/1672321853462-2048x1469.jpg 2048w\" sizes=\"(max-width: 2291px) 100vw, 2291px\" \/><\/a>\n\t\t\t<\/dt><\/dl><br style=\"clear: both\" \/><dl class='gallery-item'>\n\t\t\t<dt class='gallery-icon landscape'>\n\t\t\t\t<a href='https:\/\/blogsaverroes.juntadeandalucia.es\/iescantely\/navidad-en-el-ies-cantely\/attachment\/1672321853490\/'><img loading=\"lazy\" decoding=\"async\" width=\"2560\" height=\"1657\" src=\"https:\/\/blogsaverroes.juntadeandalucia.es\/iescantely\/files\/2023\/01\/1672321853490-scaled.jpg\" class=\"attachment-full size-full\" alt=\"\" srcset=\"https:\/\/blogsaverroes.juntadeandalucia.es\/iescantely\/files\/2023\/01\/1672321853490-scaled.jpg 2560w, https:\/\/blogsaverroes.juntadeandalucia.es\/iescantely\/files\/2023\/01\/1672321853490-300x194.jpg 300w, https:\/\/blogsaverroes.juntadeandalucia.es\/iescantely\/files\/2023\/01\/1672321853490-1024x663.jpg 1024w, https:\/\/blogsaverroes.juntadeandalucia.es\/iescantely\/files\/2023\/01\/1672321853490-768x497.jpg 768w, https:\/\/blogsaverroes.juntadeandalucia.es\/iescantely\/files\/2023\/01\/1672321853490-1536x994.jpg 1536w, https:\/\/blogsaverroes.juntadeandalucia.es\/iescantely\/files\/2023\/01\/1672321853490-2048x1326.jpg 2048w\" sizes=\"(max-width: 2560px) 100vw, 2560px\" \/><\/a>\n\t\t\t<\/dt><\/dl><dl class='gallery-item'>\n\t\t\t<dt class='gallery-icon landscape'>\n\t\t\t\t<a href='https:\/\/blogsaverroes.juntadeandalucia.es\/iescantely\/navidad-en-el-ies-cantely\/attachment\/1672321853521\/'><img loading=\"lazy\" decoding=\"async\" width=\"2560\" height=\"1668\" src=\"https:\/\/blogsaverroes.juntadeandalucia.es\/iescantely\/files\/2023\/01\/1672321853521-scaled.jpg\" class=\"attachment-full size-full\" alt=\"\" srcset=\"https:\/\/blogsaverroes.juntadeandalucia.es\/iescantely\/files\/2023\/01\/1672321853521-scaled.jpg 2560w, https:\/\/blogsaverroes.juntadeandalucia.es\/iescantely\/files\/2023\/01\/1672321853521-300x195.jpg 300w, https:\/\/blogsaverroes.juntadeandalucia.es\/iescantely\/files\/2023\/01\/1672321853521-1024x667.jpg 1024w, https:\/\/blogsaverroes.juntadeandalucia.es\/iescantely\/files\/2023\/01\/1672321853521-768x500.jpg 768w, https:\/\/blogsaverroes.juntadeandalucia.es\/iescantely\/files\/2023\/01\/1672321853521-1536x1001.jpg 1536w, https:\/\/blogsaverroes.juntadeandalucia.es\/iescantely\/files\/2023\/01\/1672321853521-2048x1334.jpg 2048w\" sizes=\"(max-width: 2560px) 100vw, 2560px\" \/><\/a>\n\t\t\t<\/dt><\/dl><dl class='gallery-item'>\n\t\t\t<dt class='gallery-icon landscape'>\n\t\t\t\t<a href='https:\/\/blogsaverroes.juntadeandalucia.es\/iescantely\/navidad-en-el-ies-cantely\/attachment\/1672321853548\/'><img loading=\"lazy\" decoding=\"async\" width=\"2560\" height=\"1542\" src=\"https:\/\/blogsaverroes.juntadeandalucia.es\/iescantely\/files\/2023\/01\/1672321853548-scaled.jpg\" class=\"attachment-full size-full\" alt=\"\" srcset=\"https:\/\/blogsaverroes.juntadeandalucia.es\/iescantely\/files\/2023\/01\/1672321853548-scaled.jpg 2560w, https:\/\/blogsaverroes.juntadeandalucia.es\/iescantely\/files\/2023\/01\/1672321853548-300x181.jpg 300w, https:\/\/blogsaverroes.juntadeandalucia.es\/iescantely\/files\/2023\/01\/1672321853548-1024x617.jpg 1024w, https:\/\/blogsaverroes.juntadeandalucia.es\/iescantely\/files\/2023\/01\/1672321853548-768x463.jpg 768w, https:\/\/blogsaverroes.juntadeandalucia.es\/iescantely\/files\/2023\/01\/1672321853548-1536x925.jpg 1536w, https:\/\/blogsaverroes.juntadeandalucia.es\/iescantely\/files\/2023\/01\/1672321853548-2048x1234.jpg 2048w\" sizes=\"(max-width: 2560px) 100vw, 2560px\" \/><\/a>\n\t\t\t<\/dt><\/dl><br style=\"clear: both\" \/><dl class='gallery-item'>\n\t\t\t<dt class='gallery-icon landscape'>\n\t\t\t\t<a href='https:\/\/blogsaverroes.juntadeandalucia.es\/iescantely\/navidad-en-el-ies-cantely\/attachment\/1672321853574\/'><img loading=\"lazy\" decoding=\"async\" width=\"2560\" height=\"1723\" src=\"https:\/\/blogsaverroes.juntadeandalucia.es\/iescantely\/files\/2023\/01\/1672321853574-scaled.jpg\" class=\"attachment-full size-full\" alt=\"\" srcset=\"https:\/\/blogsaverroes.juntadeandalucia.es\/iescantely\/files\/2023\/01\/1672321853574-scaled.jpg 2560w, https:\/\/blogsaverroes.juntadeandalucia.es\/iescantely\/files\/2023\/01\/1672321853574-300x202.jpg 300w, https:\/\/blogsaverroes.juntadeandalucia.es\/iescantely\/files\/2023\/01\/1672321853574-1024x689.jpg 1024w, https:\/\/blogsaverroes.juntadeandalucia.es\/iescantely\/files\/2023\/01\/1672321853574-768x517.jpg 768w, https:\/\/blogsaverroes.juntadeandalucia.es\/iescantely\/files\/2023\/01\/1672321853574-1536x1034.jpg 1536w, https:\/\/blogsaverroes.juntadeandalucia.es\/iescantely\/files\/2023\/01\/1672321853574-2048x1378.jpg 2048w\" sizes=\"(max-width: 2560px) 100vw, 2560px\" \/><\/a>\n\t\t\t<\/dt><\/dl><dl class='gallery-item'>\n\t\t\t<dt class='gallery-icon landscape'>\n\t\t\t\t<a href='https:\/\/blogsaverroes.juntadeandalucia.es\/iescantely\/navidad-en-el-ies-cantely\/attachment\/1672321853600\/'><img loading=\"lazy\" decoding=\"async\" width=\"2560\" height=\"1675\" src=\"https:\/\/blogsaverroes.juntadeandalucia.es\/iescantely\/files\/2023\/01\/1672321853600-scaled.jpg\" class=\"attachment-full size-full\" alt=\"\" srcset=\"https:\/\/blogsaverroes.juntadeandalucia.es\/iescantely\/files\/2023\/01\/1672321853600-scaled.jpg 2560w, https:\/\/blogsaverroes.juntadeandalucia.es\/iescantely\/files\/2023\/01\/1672321853600-300x196.jpg 300w, https:\/\/blogsaverroes.juntadeandalucia.es\/iescantely\/files\/2023\/01\/1672321853600-1024x670.jpg 1024w, https:\/\/blogsaverroes.juntadeandalucia.es\/iescantely\/files\/2023\/01\/1672321853600-768x503.jpg 768w, https:\/\/blogsaverroes.juntadeandalucia.es\/iescantely\/files\/2023\/01\/1672321853600-1536x1005.jpg 1536w, https:\/\/blogsaverroes.juntadeandalucia.es\/iescantely\/files\/2023\/01\/1672321853600-2048x1340.jpg 2048w\" sizes=\"(max-width: 2560px) 100vw, 2560px\" \/><\/a>\n\t\t\t<\/dt><\/dl><dl class='gallery-item'>\n\t\t\t<dt class='gallery-icon landscape'>\n\t\t\t\t<a href='https:\/\/blogsaverroes.juntadeandalucia.es\/iescantely\/navidad-en-el-ies-cantely\/attachment\/1672321853702\/'><img loading=\"lazy\" decoding=\"async\" width=\"2369\" height=\"1800\" src=\"https:\/\/blogsaverroes.juntadeandalucia.es\/iescantely\/files\/2023\/01\/1672321853702.jpg\" class=\"attachment-full size-full\" alt=\"\" srcset=\"https:\/\/blogsaverroes.juntadeandalucia.es\/iescantely\/files\/2023\/01\/1672321853702.jpg 2369w, https:\/\/blogsaverroes.juntadeandalucia.es\/iescantely\/files\/2023\/01\/1672321853702-300x228.jpg 300w, https:\/\/blogsaverroes.juntadeandalucia.es\/iescantely\/files\/2023\/01\/1672321853702-1024x778.jpg 1024w, https:\/\/blogsaverroes.juntadeandalucia.es\/iescantely\/files\/2023\/01\/1672321853702-768x584.jpg 768w, https:\/\/blogsaverroes.juntadeandalucia.es\/iescantely\/files\/2023\/01\/1672321853702-1536x1167.jpg 1536w, https:\/\/blogsaverroes.juntadeandalucia.es\/iescantely\/files\/2023\/01\/1672321853702-2048x1556.jpg 2048w\" sizes=\"(max-width: 2369px) 100vw, 2369px\" \/><\/a>\n\t\t\t<\/dt><\/dl><br style=\"clear: both\" \/><dl class='gallery-item'>\n\t\t\t<dt class='gallery-icon landscape'>\n\t\t\t\t<a href='https:\/\/blogsaverroes.juntadeandalucia.es\/iescantely\/navidad-en-el-ies-cantely\/attachment\/1672321853721\/'><img loading=\"lazy\" decoding=\"async\" width=\"2560\" height=\"1697\" src=\"https:\/\/blogsaverroes.juntadeandalucia.es\/iescantely\/files\/2023\/01\/1672321853721-scaled.jpg\" class=\"attachment-full size-full\" alt=\"\" srcset=\"https:\/\/blogsaverroes.juntadeandalucia.es\/iescantely\/files\/2023\/01\/1672321853721-scaled.jpg 2560w, https:\/\/blogsaverroes.juntadeandalucia.es\/iescantely\/files\/2023\/01\/1672321853721-300x199.jpg 300w, https:\/\/blogsaverroes.juntadeandalucia.es\/iescantely\/files\/2023\/01\/1672321853721-1024x679.jpg 1024w, https:\/\/blogsaverroes.juntadeandalucia.es\/iescantely\/files\/2023\/01\/1672321853721-768x509.jpg 768w, https:\/\/blogsaverroes.juntadeandalucia.es\/iescantely\/files\/2023\/01\/1672321853721-1536x1018.jpg 1536w, https:\/\/blogsaverroes.juntadeandalucia.es\/iescantely\/files\/2023\/01\/1672321853721-2048x1357.jpg 2048w\" sizes=\"(max-width: 2560px) 100vw, 2560px\" \/><\/a>\n\t\t\t<\/dt><\/dl><dl class='gallery-item'>\n\t\t\t<dt class='gallery-icon landscape'>\n\t\t\t\t<a href='https:\/\/blogsaverroes.juntadeandalucia.es\/iescantely\/navidad-en-el-ies-cantely\/attachment\/1672321853741\/'><img loading=\"lazy\" decoding=\"async\" width=\"2231\" height=\"1800\" src=\"https:\/\/blogsaverroes.juntadeandalucia.es\/iescantely\/files\/2023\/01\/1672321853741.jpg\" class=\"attachment-full size-full\" alt=\"\" srcset=\"https:\/\/blogsaverroes.juntadeandalucia.es\/iescantely\/files\/2023\/01\/1672321853741.jpg 2231w, https:\/\/blogsaverroes.juntadeandalucia.es\/iescantely\/files\/2023\/01\/1672321853741-300x242.jpg 300w, https:\/\/blogsaverroes.juntadeandalucia.es\/iescantely\/files\/2023\/01\/1672321853741-1024x826.jpg 1024w, https:\/\/blogsaverroes.juntadeandalucia.es\/iescantely\/files\/2023\/01\/1672321853741-768x620.jpg 768w, https:\/\/blogsaverroes.juntadeandalucia.es\/iescantely\/files\/2023\/01\/1672321853741-1536x1239.jpg 1536w, https:\/\/blogsaverroes.juntadeandalucia.es\/iescantely\/files\/2023\/01\/1672321853741-2048x1652.jpg 2048w\" sizes=\"(max-width: 2231px) 100vw, 2231px\" \/><\/a>\n\t\t\t<\/dt><\/dl><dl class='gallery-item'>\n\t\t\t<dt class='gallery-icon landscape'>\n\t\t\t\t<a href='https:\/\/blogsaverroes.juntadeandalucia.es\/iescantely\/navidad-en-el-ies-cantely\/attachment\/1672321853796\/'><img loading=\"lazy\" decoding=\"async\" width=\"2560\" height=\"1718\" src=\"https:\/\/blogsaverroes.juntadeandalucia.es\/iescantely\/files\/2023\/01\/1672321853796-scaled.jpg\" class=\"attachment-full size-full\" alt=\"\" srcset=\"https:\/\/blogsaverroes.juntadeandalucia.es\/iescantely\/files\/2023\/01\/1672321853796-scaled.jpg 2560w, https:\/\/blogsaverroes.juntadeandalucia.es\/iescantely\/files\/2023\/01\/1672321853796-300x201.jpg 300w, https:\/\/blogsaverroes.juntadeandalucia.es\/iescantely\/files\/2023\/01\/1672321853796-1024x687.jpg 1024w, https:\/\/blogsaverroes.juntadeandalucia.es\/iescantely\/files\/2023\/01\/1672321853796-768x515.jpg 768w, https:\/\/blogsaverroes.juntadeandalucia.es\/iescantely\/files\/2023\/01\/1672321853796-1536x1031.jpg 1536w, https:\/\/blogsaverroes.juntadeandalucia.es\/iescantely\/files\/2023\/01\/1672321853796-2048x1374.jpg 2048w\" sizes=\"(max-width: 2560px) 100vw, 2560px\" \/><\/a>\n\t\t\t<\/dt><\/dl><br style=\"clear: both\" \/><dl class='gallery-item'>\n\t\t\t<dt class='gallery-icon landscape'>\n\t\t\t\t<a href='https:\/\/blogsaverroes.juntadeandalucia.es\/iescantely\/navidad-en-el-ies-cantely\/attachment\/1672321853829\/'><img loading=\"lazy\" decoding=\"async\" width=\"2492\" height=\"1800\" src=\"https:\/\/blogsaverroes.juntadeandalucia.es\/iescantely\/files\/2023\/01\/1672321853829.jpg\" class=\"attachment-full size-full\" alt=\"\" srcset=\"https:\/\/blogsaverroes.juntadeandalucia.es\/iescantely\/files\/2023\/01\/1672321853829.jpg 2492w, https:\/\/blogsaverroes.juntadeandalucia.es\/iescantely\/files\/2023\/01\/1672321853829-300x217.jpg 300w, https:\/\/blogsaverroes.juntadeandalucia.es\/iescantely\/files\/2023\/01\/1672321853829-1024x740.jpg 1024w, https:\/\/blogsaverroes.juntadeandalucia.es\/iescantely\/files\/2023\/01\/1672321853829-768x555.jpg 768w, https:\/\/blogsaverroes.juntadeandalucia.es\/iescantely\/files\/2023\/01\/1672321853829-1536x1109.jpg 1536w, https:\/\/blogsaverroes.juntadeandalucia.es\/iescantely\/files\/2023\/01\/1672321853829-2048x1479.jpg 2048w\" sizes=\"(max-width: 2492px) 100vw, 2492px\" \/><\/a>\n\t\t\t<\/dt><\/dl><dl class='gallery-item'>\n\t\t\t<dt class='gallery-icon landscape'>\n\t\t\t\t<a href='https:\/\/blogsaverroes.juntadeandalucia.es\/iescantely\/navidad-en-el-ies-cantely\/attachment\/1672321853855\/'><img loading=\"lazy\" decoding=\"async\" width=\"2524\" height=\"1800\" src=\"https:\/\/blogsaverroes.juntadeandalucia.es\/iescantely\/files\/2023\/01\/1672321853855.jpg\" class=\"attachment-full size-full\" alt=\"\" srcset=\"https:\/\/blogsaverroes.juntadeandalucia.es\/iescantely\/files\/2023\/01\/1672321853855.jpg 2524w, https:\/\/blogsaverroes.juntadeandalucia.es\/iescantely\/files\/2023\/01\/1672321853855-300x214.jpg 300w, https:\/\/blogsaverroes.juntadeandalucia.es\/iescantely\/files\/2023\/01\/1672321853855-1024x730.jpg 1024w, https:\/\/blogsaverroes.juntadeandalucia.es\/iescantely\/files\/2023\/01\/1672321853855-768x548.jpg 768w, https:\/\/blogsaverroes.juntadeandalucia.es\/iescantely\/files\/2023\/01\/1672321853855-1536x1095.jpg 1536w, https:\/\/blogsaverroes.juntadeandalucia.es\/iescantely\/files\/2023\/01\/1672321853855-2048x1461.jpg 2048w\" sizes=\"(max-width: 2524px) 100vw, 2524px\" \/><\/a>\n\t\t\t<\/dt><\/dl><dl class='gallery-item'>\n\t\t\t<dt class='gallery-icon landscape'>\n\t\t\t\t<a href='https:\/\/blogsaverroes.juntadeandalucia.es\/iescantely\/navidad-en-el-ies-cantely\/attachment\/1672321853878\/'><img loading=\"lazy\" decoding=\"async\" width=\"2458\" height=\"1800\" src=\"https:\/\/blogsaverroes.juntadeandalucia.es\/iescantely\/files\/2023\/01\/1672321853878.jpg\" class=\"attachment-full size-full\" alt=\"\" srcset=\"https:\/\/blogsaverroes.juntadeandalucia.es\/iescantely\/files\/2023\/01\/1672321853878.jpg 2458w, https:\/\/blogsaverroes.juntadeandalucia.es\/iescantely\/files\/2023\/01\/1672321853878-300x220.jpg 300w, https:\/\/blogsaverroes.juntadeandalucia.es\/iescantely\/files\/2023\/01\/1672321853878-1024x750.jpg 1024w, https:\/\/blogsaverroes.juntadeandalucia.es\/iescantely\/files\/2023\/01\/1672321853878-768x562.jpg 768w, https:\/\/blogsaverroes.juntadeandalucia.es\/iescantely\/files\/2023\/01\/1672321853878-1536x1125.jpg 1536w, https:\/\/blogsaverroes.juntadeandalucia.es\/iescantely\/files\/2023\/01\/1672321853878-2048x1500.jpg 2048w\" sizes=\"(max-width: 2458px) 100vw, 2458px\" \/><\/a>\n\t\t\t<\/dt><\/dl><br style=\"clear: both\" \/><dl class='gallery-item'>\n\t\t\t<dt class='gallery-icon landscape'>\n\t\t\t\t<a href='https:\/\/blogsaverroes.juntadeandalucia.es\/iescantely\/navidad-en-el-ies-cantely\/attachment\/1672321853903\/'><img loading=\"lazy\" decoding=\"async\" width=\"2328\" height=\"1800\" src=\"https:\/\/blogsaverroes.juntadeandalucia.es\/iescantely\/files\/2023\/01\/1672321853903.jpg\" class=\"attachment-full size-full\" alt=\"\" srcset=\"https:\/\/blogsaverroes.juntadeandalucia.es\/iescantely\/files\/2023\/01\/1672321853903.jpg 2328w, https:\/\/blogsaverroes.juntadeandalucia.es\/iescantely\/files\/2023\/01\/1672321853903-300x232.jpg 300w, https:\/\/blogsaverroes.juntadeandalucia.es\/iescantely\/files\/2023\/01\/1672321853903-1024x792.jpg 1024w, https:\/\/blogsaverroes.juntadeandalucia.es\/iescantely\/files\/2023\/01\/1672321853903-768x594.jpg 768w, https:\/\/blogsaverroes.juntadeandalucia.es\/iescantely\/files\/2023\/01\/1672321853903-1536x1188.jpg 1536w, https:\/\/blogsaverroes.juntadeandalucia.es\/iescantely\/files\/2023\/01\/1672321853903-2048x1584.jpg 2048w\" sizes=\"(max-width: 2328px) 100vw, 2328px\" \/><\/a>\n\t\t\t<\/dt><\/dl><dl class='gallery-item'>\n\t\t\t<dt class='gallery-icon landscape'>\n\t\t\t\t<a href='https:\/\/blogsaverroes.juntadeandalucia.es\/iescantely\/navidad-en-el-ies-cantely\/attachment\/1672321853925\/'><img loading=\"lazy\" decoding=\"async\" width=\"2255\" height=\"1765\" src=\"https:\/\/blogsaverroes.juntadeandalucia.es\/iescantely\/files\/2023\/01\/1672321853925.jpg\" class=\"attachment-full size-full\" alt=\"\" srcset=\"https:\/\/blogsaverroes.juntadeandalucia.es\/iescantely\/files\/2023\/01\/1672321853925.jpg 2255w, https:\/\/blogsaverroes.juntadeandalucia.es\/iescantely\/files\/2023\/01\/1672321853925-300x235.jpg 300w, https:\/\/blogsaverroes.juntadeandalucia.es\/iescantely\/files\/2023\/01\/1672321853925-1024x801.jpg 1024w, https:\/\/blogsaverroes.juntadeandalucia.es\/iescantely\/files\/2023\/01\/1672321853925-768x601.jpg 768w, https:\/\/blogsaverroes.juntadeandalucia.es\/iescantely\/files\/2023\/01\/1672321853925-1536x1202.jpg 1536w, https:\/\/blogsaverroes.juntadeandalucia.es\/iescantely\/files\/2023\/01\/1672321853925-2048x1603.jpg 2048w\" sizes=\"(max-width: 2255px) 100vw, 2255px\" \/><\/a>\n\t\t\t<\/dt><\/dl><dl class='gallery-item'>\n\t\t\t<dt class='gallery-icon landscape'>\n\t\t\t\t<a href='https:\/\/blogsaverroes.juntadeandalucia.es\/iescantely\/navidad-en-el-ies-cantely\/attachment\/1672321853971\/'><img loading=\"lazy\" decoding=\"async\" width=\"2560\" height=\"1152\" src=\"https:\/\/blogsaverroes.juntadeandalucia.es\/iescantely\/files\/2023\/01\/1672321853971-scaled.jpg\" class=\"attachment-full size-full\" alt=\"\" srcset=\"https:\/\/blogsaverroes.juntadeandalucia.es\/iescantely\/files\/2023\/01\/1672321853971-scaled.jpg 2560w, https:\/\/blogsaverroes.juntadeandalucia.es\/iescantely\/files\/2023\/01\/1672321853971-300x135.jpg 300w, https:\/\/blogsaverroes.juntadeandalucia.es\/iescantely\/files\/2023\/01\/1672321853971-1024x461.jpg 1024w, https:\/\/blogsaverroes.juntadeandalucia.es\/iescantely\/files\/2023\/01\/1672321853971-768x346.jpg 768w, https:\/\/blogsaverroes.juntadeandalucia.es\/iescantely\/files\/2023\/01\/1672321853971-1536x691.jpg 1536w, https:\/\/blogsaverroes.juntadeandalucia.es\/iescantely\/files\/2023\/01\/1672321853971-2048x922.jpg 2048w\" sizes=\"(max-width: 2560px) 100vw, 2560px\" \/><\/a>\n\t\t\t<\/dt><\/dl><br style=\"clear: both\" \/><dl class='gallery-item'>\n\t\t\t<dt class='gallery-icon landscape'>\n\t\t\t\t<a href='https:\/\/blogsaverroes.juntadeandalucia.es\/iescantely\/navidad-en-el-ies-cantely\/attachment\/1672321854013\/'><img loading=\"lazy\" decoding=\"async\" width=\"2560\" height=\"1152\" src=\"https:\/\/blogsaverroes.juntadeandalucia.es\/iescantely\/files\/2023\/01\/1672321854013-scaled.jpg\" class=\"attachment-full size-full\" alt=\"\" srcset=\"https:\/\/blogsaverroes.juntadeandalucia.es\/iescantely\/files\/2023\/01\/1672321854013-scaled.jpg 2560w, https:\/\/blogsaverroes.juntadeandalucia.es\/iescantely\/files\/2023\/01\/1672321854013-300x135.jpg 300w, https:\/\/blogsaverroes.juntadeandalucia.es\/iescantely\/files\/2023\/01\/1672321854013-1024x461.jpg 1024w, https:\/\/blogsaverroes.juntadeandalucia.es\/iescantely\/files\/2023\/01\/1672321854013-768x346.jpg 768w, https:\/\/blogsaverroes.juntadeandalucia.es\/iescantely\/files\/2023\/01\/1672321854013-1536x691.jpg 1536w, https:\/\/blogsaverroes.juntadeandalucia.es\/iescantely\/files\/2023\/01\/1672321854013-2048x922.jpg 2048w\" sizes=\"(max-width: 2560px) 100vw, 2560px\" \/><\/a>\n\t\t\t<\/dt><\/dl><dl class='gallery-item'>\n\t\t\t<dt class='gallery-icon landscape'>\n\t\t\t\t<a href='https:\/\/blogsaverroes.juntadeandalucia.es\/iescantely\/navidad-en-el-ies-cantely\/attachment\/1672321854031\/'><img loading=\"lazy\" decoding=\"async\" width=\"2560\" height=\"1152\" src=\"https:\/\/blogsaverroes.juntadeandalucia.es\/iescantely\/files\/2023\/01\/1672321854031-scaled.jpg\" class=\"attachment-full size-full\" alt=\"\" srcset=\"https:\/\/blogsaverroes.juntadeandalucia.es\/iescantely\/files\/2023\/01\/1672321854031-scaled.jpg 2560w, https:\/\/blogsaverroes.juntadeandalucia.es\/iescantely\/files\/2023\/01\/1672321854031-300x135.jpg 300w, https:\/\/blogsaverroes.juntadeandalucia.es\/iescantely\/files\/2023\/01\/1672321854031-1024x461.jpg 1024w, https:\/\/blogsaverroes.juntadeandalucia.es\/iescantely\/files\/2023\/01\/1672321854031-768x346.jpg 768w, https:\/\/blogsaverroes.juntadeandalucia.es\/iescantely\/files\/2023\/01\/1672321854031-1536x691.jpg 1536w, https:\/\/blogsaverroes.juntadeandalucia.es\/iescantely\/files\/2023\/01\/1672321854031-2048x922.jpg 2048w\" sizes=\"(max-width: 2560px) 100vw, 2560px\" \/><\/a>\n\t\t\t<\/dt><\/dl><dl class='gallery-item'>\n\t\t\t<dt class='gallery-icon landscape'>\n\t\t\t\t<a href='https:\/\/blogsaverroes.juntadeandalucia.es\/iescantely\/navidad-en-el-ies-cantely\/img_20221222_130602\/'><img loading=\"lazy\" decoding=\"async\" width=\"2560\" height=\"1152\" src=\"https:\/\/blogsaverroes.juntadeandalucia.es\/iescantely\/files\/2023\/01\/IMG_20221222_130602-scaled.jpg\" class=\"attachment-full size-full\" alt=\"\" srcset=\"https:\/\/blogsaverroes.juntadeandalucia.es\/iescantely\/files\/2023\/01\/IMG_20221222_130602-scaled.jpg 2560w, https:\/\/blogsaverroes.juntadeandalucia.es\/iescantely\/files\/2023\/01\/IMG_20221222_130602-300x135.jpg 300w, https:\/\/blogsaverroes.juntadeandalucia.es\/iescantely\/files\/2023\/01\/IMG_20221222_130602-1024x461.jpg 1024w, https:\/\/blogsaverroes.juntadeandalucia.es\/iescantely\/files\/2023\/01\/IMG_20221222_130602-768x346.jpg 768w, https:\/\/blogsaverroes.juntadeandalucia.es\/iescantely\/files\/2023\/01\/IMG_20221222_130602-1536x691.jpg 1536w, https:\/\/blogsaverroes.juntadeandalucia.es\/iescantely\/files\/2023\/01\/IMG_20221222_130602-2048x922.jpg 2048w\" sizes=\"(max-width: 2560px) 100vw, 2560px\" \/><\/a>\n\t\t\t<\/dt><\/dl><br style=\"clear: both\" \/><dl class='gallery-item'>\n\t\t\t<dt class='gallery-icon landscape'>\n\t\t\t\t<a href='https:\/\/blogsaverroes.juntadeandalucia.es\/iescantely\/navidad-en-el-ies-cantely\/img_20221222_130623\/'><img loading=\"lazy\" decoding=\"async\" width=\"2560\" height=\"1152\" src=\"https:\/\/blogsaverroes.juntadeandalucia.es\/iescantely\/files\/2023\/01\/IMG_20221222_130623-scaled.jpg\" class=\"attachment-full size-full\" alt=\"\" srcset=\"https:\/\/blogsaverroes.juntadeandalucia.es\/iescantely\/files\/2023\/01\/IMG_20221222_130623-scaled.jpg 2560w, https:\/\/blogsaverroes.juntadeandalucia.es\/iescantely\/files\/2023\/01\/IMG_20221222_130623-300x135.jpg 300w, https:\/\/blogsaverroes.juntadeandalucia.es\/iescantely\/files\/2023\/01\/IMG_20221222_130623-1024x461.jpg 1024w, https:\/\/blogsaverroes.juntadeandalucia.es\/iescantely\/files\/2023\/01\/IMG_20221222_130623-768x346.jpg 768w, https:\/\/blogsaverroes.juntadeandalucia.es\/iescantely\/files\/2023\/01\/IMG_20221222_130623-1536x691.jpg 1536w, https:\/\/blogsaverroes.juntadeandalucia.es\/iescantely\/files\/2023\/01\/IMG_20221222_130623-2048x922.jpg 2048w\" sizes=\"(max-width: 2560px) 100vw, 2560px\" \/><\/a>\n\t\t\t<\/dt><\/dl><dl class='gallery-item'>\n\t\t\t<dt class='gallery-icon landscape'>\n\t\t\t\t<a href='https:\/\/blogsaverroes.juntadeandalucia.es\/iescantely\/navidad-en-el-ies-cantely\/img_20221222_130640\/'><img loading=\"lazy\" decoding=\"async\" width=\"2560\" height=\"1152\" src=\"https:\/\/blogsaverroes.juntadeandalucia.es\/iescantely\/files\/2023\/01\/IMG_20221222_130640-scaled.jpg\" class=\"attachment-full size-full\" alt=\"\" srcset=\"https:\/\/blogsaverroes.juntadeandalucia.es\/iescantely\/files\/2023\/01\/IMG_20221222_130640-scaled.jpg 2560w, https:\/\/blogsaverroes.juntadeandalucia.es\/iescantely\/files\/2023\/01\/IMG_20221222_130640-300x135.jpg 300w, https:\/\/blogsaverroes.juntadeandalucia.es\/iescantely\/files\/2023\/01\/IMG_20221222_130640-1024x461.jpg 1024w, https:\/\/blogsaverroes.juntadeandalucia.es\/iescantely\/files\/2023\/01\/IMG_20221222_130640-768x346.jpg 768w, https:\/\/blogsaverroes.juntadeandalucia.es\/iescantely\/files\/2023\/01\/IMG_20221222_130640-1536x691.jpg 1536w, https:\/\/blogsaverroes.juntadeandalucia.es\/iescantely\/files\/2023\/01\/IMG_20221222_130640-2048x922.jpg 2048w\" sizes=\"(max-width: 2560px) 100vw, 2560px\" \/><\/a>\n\t\t\t<\/dt><\/dl><dl class='gallery-item'>\n\t\t\t<dt class='gallery-icon landscape'>\n\t\t\t\t<a href='https:\/\/blogsaverroes.juntadeandalucia.es\/iescantely\/navidad-en-el-ies-cantely\/img_20221222_131024\/'><img loading=\"lazy\" decoding=\"async\" width=\"2560\" height=\"1152\" src=\"https:\/\/blogsaverroes.juntadeandalucia.es\/iescantely\/files\/2023\/01\/IMG_20221222_131024-scaled.jpg\" class=\"attachment-full size-full\" alt=\"\" srcset=\"https:\/\/blogsaverroes.juntadeandalucia.es\/iescantely\/files\/2023\/01\/IMG_20221222_131024-scaled.jpg 2560w, https:\/\/blogsaverroes.juntadeandalucia.es\/iescantely\/files\/2023\/01\/IMG_20221222_131024-300x135.jpg 300w, https:\/\/blogsaverroes.juntadeandalucia.es\/iescantely\/files\/2023\/01\/IMG_20221222_131024-1024x461.jpg 1024w, https:\/\/blogsaverroes.juntadeandalucia.es\/iescantely\/files\/2023\/01\/IMG_20221222_131024-768x346.jpg 768w, https:\/\/blogsaverroes.juntadeandalucia.es\/iescantely\/files\/2023\/01\/IMG_20221222_131024-1536x691.jpg 1536w, https:\/\/blogsaverroes.juntadeandalucia.es\/iescantely\/files\/2023\/01\/IMG_20221222_131024-2048x922.jpg 2048w\" sizes=\"(max-width: 2560px) 100vw, 2560px\" \/><\/a>\n\t\t\t<\/dt><\/dl><br style=\"clear: both\" \/><dl class='gallery-item'>\n\t\t\t<dt class='gallery-icon landscape'>\n\t\t\t\t<a href='https:\/\/blogsaverroes.juntadeandalucia.es\/iescantely\/navidad-en-el-ies-cantely\/img_20221222_132631\/'><img loading=\"lazy\" decoding=\"async\" width=\"2560\" height=\"1152\" src=\"https:\/\/blogsaverroes.juntadeandalucia.es\/iescantely\/files\/2023\/01\/IMG_20221222_132631-scaled.jpg\" class=\"attachment-full size-full\" alt=\"\" srcset=\"https:\/\/blogsaverroes.juntadeandalucia.es\/iescantely\/files\/2023\/01\/IMG_20221222_132631-scaled.jpg 2560w, https:\/\/blogsaverroes.juntadeandalucia.es\/iescantely\/files\/2023\/01\/IMG_20221222_132631-300x135.jpg 300w, https:\/\/blogsaverroes.juntadeandalucia.es\/iescantely\/files\/2023\/01\/IMG_20221222_132631-1024x461.jpg 1024w, https:\/\/blogsaverroes.juntadeandalucia.es\/iescantely\/files\/2023\/01\/IMG_20221222_132631-768x346.jpg 768w, https:\/\/blogsaverroes.juntadeandalucia.es\/iescantely\/files\/2023\/01\/IMG_20221222_132631-1536x691.jpg 1536w, https:\/\/blogsaverroes.juntadeandalucia.es\/iescantely\/files\/2023\/01\/IMG_20221222_132631-2048x922.jpg 2048w\" sizes=\"(max-width: 2560px) 100vw, 2560px\" \/><\/a>\n\t\t\t<\/dt><\/dl><dl class='gallery-item'>\n\t\t\t<dt class='gallery-icon landscape'>\n\t\t\t\t<a href='https:\/\/blogsaverroes.juntadeandalucia.es\/iescantely\/navidad-en-el-ies-cantely\/img_20221222_135214\/'><img loading=\"lazy\" decoding=\"async\" width=\"2560\" height=\"1152\" src=\"https:\/\/blogsaverroes.juntadeandalucia.es\/iescantely\/files\/2023\/01\/IMG_20221222_135214-scaled.jpg\" class=\"attachment-full size-full\" alt=\"\" srcset=\"https:\/\/blogsaverroes.juntadeandalucia.es\/iescantely\/files\/2023\/01\/IMG_20221222_135214-scaled.jpg 2560w, https:\/\/blogsaverroes.juntadeandalucia.es\/iescantely\/files\/2023\/01\/IMG_20221222_135214-300x135.jpg 300w, https:\/\/blogsaverroes.juntadeandalucia.es\/iescantely\/files\/2023\/01\/IMG_20221222_135214-1024x461.jpg 1024w, https:\/\/blogsaverroes.juntadeandalucia.es\/iescantely\/files\/2023\/01\/IMG_20221222_135214-768x346.jpg 768w, https:\/\/blogsaverroes.juntadeandalucia.es\/iescantely\/files\/2023\/01\/IMG_20221222_135214-1536x691.jpg 1536w, https:\/\/blogsaverroes.juntadeandalucia.es\/iescantely\/files\/2023\/01\/IMG_20221222_135214-2048x922.jpg 2048w\" sizes=\"(max-width: 2560px) 100vw, 2560px\" \/><\/a>\n\t\t\t<\/dt><\/dl><dl class='gallery-item'>\n\t\t\t<dt class='gallery-icon landscape'>\n\t\t\t\t<a href='https:\/\/blogsaverroes.juntadeandalucia.es\/iescantely\/navidad-en-el-ies-cantely\/img_20221222_140520\/'><img loading=\"lazy\" decoding=\"async\" width=\"2560\" height=\"1152\" src=\"https:\/\/blogsaverroes.juntadeandalucia.es\/iescantely\/files\/2023\/01\/IMG_20221222_140520-scaled.jpg\" class=\"attachment-full size-full\" alt=\"\" srcset=\"https:\/\/blogsaverroes.juntadeandalucia.es\/iescantely\/files\/2023\/01\/IMG_20221222_140520-scaled.jpg 2560w, https:\/\/blogsaverroes.juntadeandalucia.es\/iescantely\/files\/2023\/01\/IMG_20221222_140520-300x135.jpg 300w, https:\/\/blogsaverroes.juntadeandalucia.es\/iescantely\/files\/2023\/01\/IMG_20221222_140520-1024x461.jpg 1024w, https:\/\/blogsaverroes.juntadeandalucia.es\/iescantely\/files\/2023\/01\/IMG_20221222_140520-768x346.jpg 768w, https:\/\/blogsaverroes.juntadeandalucia.es\/iescantely\/files\/2023\/01\/IMG_20221222_140520-1536x691.jpg 1536w, https:\/\/blogsaverroes.juntadeandalucia.es\/iescantely\/files\/2023\/01\/IMG_20221222_140520-2048x922.jpg 2048w\" sizes=\"(max-width: 2560px) 100vw, 2560px\" \/><\/a>\n\t\t\t<\/dt><\/dl><br style=\"clear: both\" \/><dl class='gallery-item'>\n\t\t\t<dt class='gallery-icon portrait'>\n\t\t\t\t<a href='https:\/\/blogsaverroes.juntadeandalucia.es\/iescantely\/navidad-en-el-ies-cantely\/attachment\/1672321853432\/'><img loading=\"lazy\" decoding=\"async\" width=\"1800\" height=\"2498\" src=\"https:\/\/blogsaverroes.juntadeandalucia.es\/iescantely\/files\/2023\/01\/1672321853432.jpg\" class=\"attachment-full size-full\" alt=\"\" srcset=\"https:\/\/blogsaverroes.juntadeandalucia.es\/iescantely\/files\/2023\/01\/1672321853432.jpg 1800w, https:\/\/blogsaverroes.juntadeandalucia.es\/iescantely\/files\/2023\/01\/1672321853432-216x300.jpg 216w, https:\/\/blogsaverroes.juntadeandalucia.es\/iescantely\/files\/2023\/01\/1672321853432-738x1024.jpg 738w, https:\/\/blogsaverroes.juntadeandalucia.es\/iescantely\/files\/2023\/01\/1672321853432-768x1066.jpg 768w, https:\/\/blogsaverroes.juntadeandalucia.es\/iescantely\/files\/2023\/01\/1672321853432-1107x1536.jpg 1107w, https:\/\/blogsaverroes.juntadeandalucia.es\/iescantely\/files\/2023\/01\/1672321853432-1476x2048.jpg 1476w\" sizes=\"(max-width: 1800px) 100vw, 1800px\" \/><\/a>\n\t\t\t<\/dt><\/dl><dl class='gallery-item'>\n\t\t\t<dt class='gallery-icon portrait'>\n\t\t\t\t<a href='https:\/\/blogsaverroes.juntadeandalucia.es\/iescantely\/navidad-en-el-ies-cantely\/img_20221222_141233538_burst000_cover_top\/'><img loading=\"lazy\" decoding=\"async\" width=\"1920\" height=\"2560\" src=\"https:\/\/blogsaverroes.juntadeandalucia.es\/iescantely\/files\/2023\/01\/IMG_20221222_141233538_BURST000_COVER_TOP-scaled.jpg\" class=\"attachment-full size-full\" alt=\"\" srcset=\"https:\/\/blogsaverroes.juntadeandalucia.es\/iescantely\/files\/2023\/01\/IMG_20221222_141233538_BURST000_COVER_TOP-scaled.jpg 1920w, https:\/\/blogsaverroes.juntadeandalucia.es\/iescantely\/files\/2023\/01\/IMG_20221222_141233538_BURST000_COVER_TOP-225x300.jpg 225w, https:\/\/blogsaverroes.juntadeandalucia.es\/iescantely\/files\/2023\/01\/IMG_20221222_141233538_BURST000_COVER_TOP-768x1024.jpg 768w, https:\/\/blogsaverroes.juntadeandalucia.es\/iescantely\/files\/2023\/01\/IMG_20221222_141233538_BURST000_COVER_TOP-1152x1536.jpg 1152w, https:\/\/blogsaverroes.juntadeandalucia.es\/iescantely\/files\/2023\/01\/IMG_20221222_141233538_BURST000_COVER_TOP-1536x2048.jpg 1536w\" sizes=\"(max-width: 1920px) 100vw, 1920px\" \/><\/a>\n\t\t\t<\/dt><\/dl><dl class='gallery-item'>\n\t\t\t<dt class='gallery-icon portrait'>\n\t\t\t\t<a href='https:\/\/blogsaverroes.juntadeandalucia.es\/iescantely\/navidad-en-el-ies-cantely\/img_20221222_091422711\/'><img loading=\"lazy\" decoding=\"async\" width=\"1920\" height=\"2560\" src=\"https:\/\/blogsaverroes.juntadeandalucia.es\/iescantely\/files\/2023\/01\/IMG_20221222_091422711-scaled.jpg\" class=\"attachment-full size-full\" alt=\"\" srcset=\"https:\/\/blogsaverroes.juntadeandalucia.es\/iescantely\/files\/2023\/01\/IMG_20221222_091422711-scaled.jpg 1920w, https:\/\/blogsaverroes.juntadeandalucia.es\/iescantely\/files\/2023\/01\/IMG_20221222_091422711-225x300.jpg 225w, https:\/\/blogsaverroes.juntadeandalucia.es\/iescantely\/files\/2023\/01\/IMG_20221222_091422711-768x1024.jpg 768w, https:\/\/blogsaverroes.juntadeandalucia.es\/iescantely\/files\/2023\/01\/IMG_20221222_091422711-1152x1536.jpg 1152w, https:\/\/blogsaverroes.juntadeandalucia.es\/iescantely\/files\/2023\/01\/IMG_20221222_091422711-1536x2048.jpg 1536w\" sizes=\"(max-width: 1920px) 100vw, 1920px\" \/><\/a>\n\t\t\t<\/dt><\/dl><br style=\"clear: both\" \/><dl class='gallery-item'>\n\t\t\t<dt class='gallery-icon landscape'>\n\t\t\t\t<a href='https:\/\/blogsaverroes.juntadeandalucia.es\/iescantely\/navidad-en-el-ies-cantely\/img_20221222_091409070_burst003\/'><img loading=\"lazy\" decoding=\"async\" width=\"2560\" height=\"1920\" src=\"https:\/\/blogsaverroes.juntadeandalucia.es\/iescantely\/files\/2023\/01\/IMG_20221222_091409070_BURST003-scaled.jpg\" class=\"attachment-full size-full\" alt=\"\" srcset=\"https:\/\/blogsaverroes.juntadeandalucia.es\/iescantely\/files\/2023\/01\/IMG_20221222_091409070_BURST003-scaled.jpg 2560w, https:\/\/blogsaverroes.juntadeandalucia.es\/iescantely\/files\/2023\/01\/IMG_20221222_091409070_BURST003-300x225.jpg 300w, https:\/\/blogsaverroes.juntadeandalucia.es\/iescantely\/files\/2023\/01\/IMG_20221222_091409070_BURST003-1024x768.jpg 1024w, https:\/\/blogsaverroes.juntadeandalucia.es\/iescantely\/files\/2023\/01\/IMG_20221222_091409070_BURST003-768x576.jpg 768w, https:\/\/blogsaverroes.juntadeandalucia.es\/iescantely\/files\/2023\/01\/IMG_20221222_091409070_BURST003-1536x1152.jpg 1536w, https:\/\/blogsaverroes.juntadeandalucia.es\/iescantely\/files\/2023\/01\/IMG_20221222_091409070_BURST003-2048x1536.jpg 2048w\" sizes=\"(max-width: 2560px) 100vw, 2560px\" \/><\/a>\n\t\t\t<\/dt><\/dl><dl class='gallery-item'>\n\t\t\t<dt class='gallery-icon landscape'>\n\t\t\t\t<a href='https:\/\/blogsaverroes.juntadeandalucia.es\/iescantely\/navidad-en-el-ies-cantely\/img_20221222_102230121\/'><img loading=\"lazy\" decoding=\"async\" width=\"2560\" height=\"1920\" src=\"https:\/\/blogsaverroes.juntadeandalucia.es\/iescantely\/files\/2023\/01\/IMG_20221222_102230121-scaled.jpg\" class=\"attachment-full size-full\" alt=\"\" srcset=\"https:\/\/blogsaverroes.juntadeandalucia.es\/iescantely\/files\/2023\/01\/IMG_20221222_102230121-scaled.jpg 2560w, https:\/\/blogsaverroes.juntadeandalucia.es\/iescantely\/files\/2023\/01\/IMG_20221222_102230121-300x225.jpg 300w, https:\/\/blogsaverroes.juntadeandalucia.es\/iescantely\/files\/2023\/01\/IMG_20221222_102230121-1024x768.jpg 1024w, https:\/\/blogsaverroes.juntadeandalucia.es\/iescantely\/files\/2023\/01\/IMG_20221222_102230121-768x576.jpg 768w, https:\/\/blogsaverroes.juntadeandalucia.es\/iescantely\/files\/2023\/01\/IMG_20221222_102230121-1536x1152.jpg 1536w, https:\/\/blogsaverroes.juntadeandalucia.es\/iescantely\/files\/2023\/01\/IMG_20221222_102230121-2048x1536.jpg 2048w\" sizes=\"(max-width: 2560px) 100vw, 2560px\" \/><\/a>\n\t\t\t<\/dt><\/dl><dl class='gallery-item'>\n\t\t\t<dt class='gallery-icon landscape'>\n\t\t\t\t<a href='https:\/\/blogsaverroes.juntadeandalucia.es\/iescantely\/navidad-en-el-ies-cantely\/img_20221222_091433320\/'><img loading=\"lazy\" decoding=\"async\" width=\"2560\" height=\"1920\" src=\"https:\/\/blogsaverroes.juntadeandalucia.es\/iescantely\/files\/2023\/01\/IMG_20221222_091433320-scaled.jpg\" class=\"attachment-full size-full\" alt=\"\" srcset=\"https:\/\/blogsaverroes.juntadeandalucia.es\/iescantely\/files\/2023\/01\/IMG_20221222_091433320-scaled.jpg 2560w, https:\/\/blogsaverroes.juntadeandalucia.es\/iescantely\/files\/2023\/01\/IMG_20221222_091433320-300x225.jpg 300w, https:\/\/blogsaverroes.juntadeandalucia.es\/iescantely\/files\/2023\/01\/IMG_20221222_091433320-1024x768.jpg 1024w, https:\/\/blogsaverroes.juntadeandalucia.es\/iescantely\/files\/2023\/01\/IMG_20221222_091433320-768x576.jpg 768w, https:\/\/blogsaverroes.juntadeandalucia.es\/iescantely\/files\/2023\/01\/IMG_20221222_091433320-1536x1152.jpg 1536w, https:\/\/blogsaverroes.juntadeandalucia.es\/iescantely\/files\/2023\/01\/IMG_20221222_091433320-2048x1536.jpg 2048w\" sizes=\"(max-width: 2560px) 100vw, 2560px\" \/><\/a>\n\t\t\t<\/dt><\/dl><br style=\"clear: both\" \/><dl class='gallery-item'>\n\t\t\t<dt class='gallery-icon portrait'>\n\t\t\t\t<a href='https:\/\/blogsaverroes.juntadeandalucia.es\/iescantely\/navidad-en-el-ies-cantely\/4b\/'><img loading=\"lazy\" decoding=\"async\" width=\"1920\" height=\"2560\" src=\"https:\/\/blogsaverroes.juntadeandalucia.es\/iescantely\/files\/2023\/01\/4B-scaled.jpg\" class=\"attachment-full size-full\" alt=\"\" srcset=\"https:\/\/blogsaverroes.juntadeandalucia.es\/iescantely\/files\/2023\/01\/4B-scaled.jpg 1920w, https:\/\/blogsaverroes.juntadeandalucia.es\/iescantely\/files\/2023\/01\/4B-225x300.jpg 225w, https:\/\/blogsaverroes.juntadeandalucia.es\/iescantely\/files\/2023\/01\/4B-768x1024.jpg 768w, https:\/\/blogsaverroes.juntadeandalucia.es\/iescantely\/files\/2023\/01\/4B-1152x1536.jpg 1152w, https:\/\/blogsaverroes.juntadeandalucia.es\/iescantely\/files\/2023\/01\/4B-1536x2048.jpg 1536w\" sizes=\"(max-width: 1920px) 100vw, 1920px\" \/><\/a>\n\t\t\t<\/dt><\/dl><dl class='gallery-item'>\n\t\t\t<dt class='gallery-icon portrait'>\n\t\t\t\t<a href='https:\/\/blogsaverroes.juntadeandalucia.es\/iescantely\/navidad-en-el-ies-cantely\/img_20221222_102242868\/'><img loading=\"lazy\" decoding=\"async\" width=\"1920\" height=\"2560\" src=\"https:\/\/blogsaverroes.juntadeandalucia.es\/iescantely\/files\/2023\/01\/IMG_20221222_102242868-scaled.jpg\" class=\"attachment-full size-full\" alt=\"\" srcset=\"https:\/\/blogsaverroes.juntadeandalucia.es\/iescantely\/files\/2023\/01\/IMG_20221222_102242868-scaled.jpg 1920w, https:\/\/blogsaverroes.juntadeandalucia.es\/iescantely\/files\/2023\/01\/IMG_20221222_102242868-225x300.jpg 225w, https:\/\/blogsaverroes.juntadeandalucia.es\/iescantely\/files\/2023\/01\/IMG_20221222_102242868-768x1024.jpg 768w, https:\/\/blogsaverroes.juntadeandalucia.es\/iescantely\/files\/2023\/01\/IMG_20221222_102242868-1152x1536.jpg 1152w, https:\/\/blogsaverroes.juntadeandalucia.es\/iescantely\/files\/2023\/01\/IMG_20221222_102242868-1536x2048.jpg 1536w\" sizes=\"(max-width: 1920px) 100vw, 1920px\" \/><\/a>\n\t\t\t<\/dt><\/dl><dl class='gallery-item'>\n\t\t\t<dt class='gallery-icon portrait'>\n\t\t\t\t<a href='https:\/\/blogsaverroes.juntadeandalucia.es\/iescantely\/navidad-en-el-ies-cantely\/img_20221222_102424621\/'><img loading=\"lazy\" decoding=\"async\" width=\"1920\" height=\"2560\" src=\"https:\/\/blogsaverroes.juntadeandalucia.es\/iescantely\/files\/2023\/01\/IMG_20221222_102424621-scaled.jpg\" class=\"attachment-full size-full\" alt=\"\" srcset=\"https:\/\/blogsaverroes.juntadeandalucia.es\/iescantely\/files\/2023\/01\/IMG_20221222_102424621-scaled.jpg 1920w, https:\/\/blogsaverroes.juntadeandalucia.es\/iescantely\/files\/2023\/01\/IMG_20221222_102424621-225x300.jpg 225w, https:\/\/blogsaverroes.juntadeandalucia.es\/iescantely\/files\/2023\/01\/IMG_20221222_102424621-768x1024.jpg 768w, https:\/\/blogsaverroes.juntadeandalucia.es\/iescantely\/files\/2023\/01\/IMG_20221222_102424621-1152x1536.jpg 1152w, https:\/\/blogsaverroes.juntadeandalucia.es\/iescantely\/files\/2023\/01\/IMG_20221222_102424621-1536x2048.jpg 1536w\" sizes=\"(max-width: 1920px) 100vw, 1920px\" \/><\/a>\n\t\t\t<\/dt><\/dl><br style=\"clear: both\" \/><dl class='gallery-item'>\n\t\t\t<dt class='gallery-icon portrait'>\n\t\t\t\t<a href='https:\/\/blogsaverroes.juntadeandalucia.es\/iescantely\/navidad-en-el-ies-cantely\/img_20221222_102442891\/'><img loading=\"lazy\" decoding=\"async\" width=\"1920\" height=\"2560\" src=\"https:\/\/blogsaverroes.juntadeandalucia.es\/iescantely\/files\/2023\/01\/IMG_20221222_102442891-scaled.jpg\" class=\"attachment-full size-full\" alt=\"\" srcset=\"https:\/\/blogsaverroes.juntadeandalucia.es\/iescantely\/files\/2023\/01\/IMG_20221222_102442891-scaled.jpg 1920w, https:\/\/blogsaverroes.juntadeandalucia.es\/iescantely\/files\/2023\/01\/IMG_20221222_102442891-225x300.jpg 225w, https:\/\/blogsaverroes.juntadeandalucia.es\/iescantely\/files\/2023\/01\/IMG_20221222_102442891-768x1024.jpg 768w, https:\/\/blogsaverroes.juntadeandalucia.es\/iescantely\/files\/2023\/01\/IMG_20221222_102442891-1152x1536.jpg 1152w, https:\/\/blogsaverroes.juntadeandalucia.es\/iescantely\/files\/2023\/01\/IMG_20221222_102442891-1536x2048.jpg 1536w\" sizes=\"(max-width: 1920px) 100vw, 1920px\" \/><\/a>\n\t\t\t<\/dt><\/dl><dl class='gallery-item'>\n\t\t\t<dt class='gallery-icon landscape'>\n\t\t\t\t<a href='https:\/\/blogsaverroes.juntadeandalucia.es\/iescantely\/navidad-en-el-ies-cantely\/img_20221222_102321337\/'><img loading=\"lazy\" decoding=\"async\" width=\"2560\" height=\"1920\" src=\"https:\/\/blogsaverroes.juntadeandalucia.es\/iescantely\/files\/2023\/01\/IMG_20221222_102321337-scaled.jpg\" class=\"attachment-full size-full\" alt=\"\" srcset=\"https:\/\/blogsaverroes.juntadeandalucia.es\/iescantely\/files\/2023\/01\/IMG_20221222_102321337-scaled.jpg 2560w, https:\/\/blogsaverroes.juntadeandalucia.es\/iescantely\/files\/2023\/01\/IMG_20221222_102321337-300x225.jpg 300w, https:\/\/blogsaverroes.juntadeandalucia.es\/iescantely\/files\/2023\/01\/IMG_20221222_102321337-1024x768.jpg 1024w, https:\/\/blogsaverroes.juntadeandalucia.es\/iescantely\/files\/2023\/01\/IMG_20221222_102321337-768x576.jpg 768w, https:\/\/blogsaverroes.juntadeandalucia.es\/iescantely\/files\/2023\/01\/IMG_20221222_102321337-1536x1152.jpg 1536w, https:\/\/blogsaverroes.juntadeandalucia.es\/iescantely\/files\/2023\/01\/IMG_20221222_102321337-2048x1536.jpg 2048w\" sizes=\"(max-width: 2560px) 100vw, 2560px\" \/><\/a>\n\t\t\t<\/dt><\/dl>\n\t\t\t<br style='clear: both' \/>\n\t\t<\/div>\n\n<p>&nbsp;<\/p>\n<p>&nbsp;<\/p>\n","protected":false},"excerpt":{"rendered":"<p>El pasado 22 de diciembre celebramos nuestra fiesta de fin de trimestre en el IES Cantely. Todo el centro se visti\u00f3 de Navidad, incluidas las distintas aulas, cuyos alumnos\/as participaron en un concurso de decoraci\u00f3n en el que colaboraron los tutores y tutoras y varios profesores\/as. Tambi\u00e9n se celebr\u00f3 un concurso de disfraces navide\u00f1os y, &hellip; <\/p>\n<p><a class=\"more-link btn\" href=\"https:\/\/blogsaverroes.juntadeandalucia.es\/iescantely\/navidad-en-el-ies-cantely\/\">Seguir leyendo<\/a><\/p>\n","protected":false},"author":14686,"featured_media":0,"comment_status":"closed","ping_status":"open","sticky":false,"template":"","format":"standard","meta":{"ngg_post_thumbnail":0,"footnotes":""},"categories":[1],"tags":[],"aioseo_notices":[],"_links":{"self":[{"href":"https:\/\/blogsaverroes.juntadeandalucia.es\/iescantely\/wp-json\/wp\/v2\/posts\/1110"}],"collection":[{"href":"https:\/\/blogsaverroes.juntadeandalucia.es\/iescantely\/wp-json\/wp\/v2\/posts"}],"about":[{"href":"https:\/\/blogsaverroes.juntadeandalucia.es\/iescantely\/wp-json\/wp\/v2\/types\/post"}],"author":[{"embeddable":true,"href":"https:\/\/blogsaverroes.juntadeandalucia.es\/iescantely\/wp-json\/wp\/v2\/users\/14686"}],"replies":[{"embeddable":true,"href":"https:\/\/blogsaverroes.juntadeandalucia.es\/iescantely\/wp-json\/wp\/v2\/comments?post=1110"}],"version-history":[{"count":7,"href":"https:\/\/blogsaverroes.juntadeandalucia.es\/iescantely\/wp-json\/wp\/v2\/posts\/1110\/revisions"}],"predecessor-version":[{"id":1179,"href":"https:\/\/blogsaverroes.juntadeandalucia.es\/iescantely\/wp-json\/wp\/v2\/posts\/1110\/revisions\/1179"}],"wp:attachment":[{"href":"https:\/\/blogsaverroes.juntadeandalucia.es\/iescantely\/wp-json\/wp\/v2\/media?parent=1110"}],"wp:term":[{"taxonomy":"category","embeddable":true,"href":"https:\/\/blogsaverroes.juntadeandalucia.es\/iescantely\/wp-json\/wp\/v2\/categories?post=1110"},{"taxonomy":"post_tag","embeddable":true,"href":"https:\/\/blogsaverroes.juntadeandalucia.es\/iescantely\/wp-json\/wp\/v2\/tags?post=1110"}],"curies":[{"name":"wp","href":"https:\/\/api.w.org\/{rel}","templated":true}]}}