{"id":1213,"date":"2023-03-09T21:18:15","date_gmt":"2023-03-09T20:18:15","guid":{"rendered":"https:\/\/blogsaverroes.juntadeandalucia.es\/iescantely\/?p=1213"},"modified":"2024-05-06T23:13:03","modified_gmt":"2024-05-06T22:13:03","slug":"8-de-marzo-dia-internacional-de-la-mujer","status":"publish","type":"post","link":"https:\/\/blogsaverroes.juntadeandalucia.es\/iescantely\/8-de-marzo-dia-internacional-de-la-mujer\/","title":{"rendered":"8 de marzo: D\u00eda Internacional de la Mujer"},"content":{"rendered":"<p>Con motivo del D\u00eda Internacional de la Mujer, ayer el IES Cantely se visti\u00f3 de violeta, oponi\u00e9ndonos, como todos los d\u00edas, a las desigualdades de g\u00e9nero. Os dejamos por aqu\u00ed la coreograf\u00eda realizada por diversos alumnos y alumnas de 1\u00ba de ESO junto con su profe Raquel, con colaboraci\u00f3n de otras profes, alumnado de otros cursos y personal del centro. La canci\u00f3n elegida fue &#8220;Flowers&#8221;, de Miley Cyrus, que adem\u00e1s de ser tendencia, tiene un importante mensaje sobre el empoderamiento femenino.<\/p>\n<div style=\"width: 750px;\" class=\"wp-video\"><!--[if lt IE 9]><script>document.createElement('video');<\/script><![endif]-->\n<video class=\"wp-video-shortcode\" id=\"video-1213-1\" width=\"750\" height=\"422\" preload=\"metadata\" controls=\"controls\"><source type=\"video\/mp4\" src=\"https:\/\/blogsaverroes.juntadeandalucia.es\/iescantely\/files\/2023\/03\/8m-2023-flowers-conv.mp4?_=1\" \/><a href=\"https:\/\/blogsaverroes.juntadeandalucia.es\/iescantely\/files\/2023\/03\/8m-2023-flowers-conv.mp4\">https:\/\/blogsaverroes.juntadeandalucia.es\/iescantely\/files\/2023\/03\/8m-2023-flowers-conv.mp4<\/a><\/video><\/div>\n","protected":false},"excerpt":{"rendered":"<p>Con motivo del D\u00eda Internacional de la Mujer, ayer el IES Cantely se visti\u00f3 de violeta, oponi\u00e9ndonos, como todos los d\u00edas, a las desigualdades de g\u00e9nero. Os dejamos por aqu\u00ed la coreograf\u00eda realizada por diversos alumnos y alumnas de 1\u00ba de ESO junto con su profe Raquel, con colaboraci\u00f3n de otras profes, alumnado de otros &hellip; <\/p>\n<p><a class=\"more-link btn\" href=\"https:\/\/blogsaverroes.juntadeandalucia.es\/iescantely\/8-de-marzo-dia-internacional-de-la-mujer\/\">Seguir leyendo<\/a><\/p>\n","protected":false},"author":14686,"featured_media":0,"comment_status":"closed","ping_status":"open","sticky":false,"template":"","format":"standard","meta":{"ngg_post_thumbnail":0,"footnotes":""},"categories":[1],"tags":[],"aioseo_notices":[],"_links":{"self":[{"href":"https:\/\/blogsaverroes.juntadeandalucia.es\/iescantely\/wp-json\/wp\/v2\/posts\/1213"}],"collection":[{"href":"https:\/\/blogsaverroes.juntadeandalucia.es\/iescantely\/wp-json\/wp\/v2\/posts"}],"about":[{"href":"https:\/\/blogsaverroes.juntadeandalucia.es\/iescantely\/wp-json\/wp\/v2\/types\/post"}],"author":[{"embeddable":true,"href":"https:\/\/blogsaverroes.juntadeandalucia.es\/iescantely\/wp-json\/wp\/v2\/users\/14686"}],"replies":[{"embeddable":true,"href":"https:\/\/blogsaverroes.juntadeandalucia.es\/iescantely\/wp-json\/wp\/v2\/comments?post=1213"}],"version-history":[{"count":1,"href":"https:\/\/blogsaverroes.juntadeandalucia.es\/iescantely\/wp-json\/wp\/v2\/posts\/1213\/revisions"}],"predecessor-version":[{"id":1215,"href":"https:\/\/blogsaverroes.juntadeandalucia.es\/iescantely\/wp-json\/wp\/v2\/posts\/1213\/revisions\/1215"}],"wp:attachment":[{"href":"https:\/\/blogsaverroes.juntadeandalucia.es\/iescantely\/wp-json\/wp\/v2\/media?parent=1213"}],"wp:term":[{"taxonomy":"category","embeddable":true,"href":"https:\/\/blogsaverroes.juntadeandalucia.es\/iescantely\/wp-json\/wp\/v2\/categories?post=1213"},{"taxonomy":"post_tag","embeddable":true,"href":"https:\/\/blogsaverroes.juntadeandalucia.es\/iescantely\/wp-json\/wp\/v2\/tags?post=1213"}],"curies":[{"name":"wp","href":"https:\/\/api.w.org\/{rel}","templated":true}]}}