{"id":1413,"date":"2023-12-16T10:56:49","date_gmt":"2023-12-16T09:56:49","guid":{"rendered":"https:\/\/blogsaverroes.juntadeandalucia.es\/iescantely\/?p=1413"},"modified":"2024-05-06T23:13:02","modified_gmt":"2024-05-06T22:13:02","slug":"campana-solidaria-navidena-operacion-kilo","status":"publish","type":"post","link":"https:\/\/blogsaverroes.juntadeandalucia.es\/iescantely\/campana-solidaria-navidena-operacion-kilo\/","title":{"rendered":"CAMPA\u00d1A SOLIDARIA  NAVIDE\u00d1A: OPERACI\u00d3N KILO"},"content":{"rendered":"<p>De nuevo nuestro instituto hace una llamada solidaria para toda la Comunidad educativa con la <span style=\"font-size: 18pt\"><strong><span style=\"color: #ff0000\">Operaci\u00f3n kilo de&nbsp; recogida de alimentos<\/span><\/strong><\/span> no perecederos. Se ha puesto en marcha desde el d\u00eda 11 de diciembre hasta el 22, en que los voluntarios de C\u00e1ritas vendr\u00e1n a recogerlos.&nbsp;<\/p>\n<p>\u00c1nimo para participar, nuestra &#8220;peque\u00f1a ayuda&#8221; ser\u00e1 &#8220;grande&#8221; para muchas familias del barrio.<\/p>\n","protected":false},"excerpt":{"rendered":"<p>De nuevo nuestro instituto hace una llamada solidaria para toda la Comunidad educativa con la Operaci\u00f3n kilo de&nbsp; recogida de alimentos no perecederos. Se ha puesto en marcha desde el d\u00eda 11 de diciembre hasta el 22, en que los voluntarios de C\u00e1ritas vendr\u00e1n a recogerlos.&nbsp; \u00c1nimo para participar, nuestra &#8220;peque\u00f1a ayuda&#8221; ser\u00e1 &#8220;grande&#8221; para &hellip; <\/p>\n<p><a class=\"more-link btn\" href=\"https:\/\/blogsaverroes.juntadeandalucia.es\/iescantely\/campana-solidaria-navidena-operacion-kilo\/\">Seguir leyendo<\/a><\/p>\n","protected":false},"author":14686,"featured_media":0,"comment_status":"closed","ping_status":"open","sticky":false,"template":"","format":"standard","meta":{"ngg_post_thumbnail":0,"footnotes":""},"categories":[1],"tags":[],"aioseo_notices":[],"_links":{"self":[{"href":"https:\/\/blogsaverroes.juntadeandalucia.es\/iescantely\/wp-json\/wp\/v2\/posts\/1413"}],"collection":[{"href":"https:\/\/blogsaverroes.juntadeandalucia.es\/iescantely\/wp-json\/wp\/v2\/posts"}],"about":[{"href":"https:\/\/blogsaverroes.juntadeandalucia.es\/iescantely\/wp-json\/wp\/v2\/types\/post"}],"author":[{"embeddable":true,"href":"https:\/\/blogsaverroes.juntadeandalucia.es\/iescantely\/wp-json\/wp\/v2\/users\/14686"}],"replies":[{"embeddable":true,"href":"https:\/\/blogsaverroes.juntadeandalucia.es\/iescantely\/wp-json\/wp\/v2\/comments?post=1413"}],"version-history":[{"count":1,"href":"https:\/\/blogsaverroes.juntadeandalucia.es\/iescantely\/wp-json\/wp\/v2\/posts\/1413\/revisions"}],"predecessor-version":[{"id":1414,"href":"https:\/\/blogsaverroes.juntadeandalucia.es\/iescantely\/wp-json\/wp\/v2\/posts\/1413\/revisions\/1414"}],"wp:attachment":[{"href":"https:\/\/blogsaverroes.juntadeandalucia.es\/iescantely\/wp-json\/wp\/v2\/media?parent=1413"}],"wp:term":[{"taxonomy":"category","embeddable":true,"href":"https:\/\/blogsaverroes.juntadeandalucia.es\/iescantely\/wp-json\/wp\/v2\/categories?post=1413"},{"taxonomy":"post_tag","embeddable":true,"href":"https:\/\/blogsaverroes.juntadeandalucia.es\/iescantely\/wp-json\/wp\/v2\/tags?post=1413"}],"curies":[{"name":"wp","href":"https:\/\/api.w.org\/{rel}","templated":true}]}}