{"id":2489,"date":"2018-11-16T12:07:13","date_gmt":"2018-11-16T10:07:13","guid":{"rendered":"http:\/\/blogsaverroes.juntadeandalucia.es\/iescarbula\/?p=2489"},"modified":"2018-11-16T12:07:13","modified_gmt":"2018-11-16T10:07:13","slug":"circular-para-la-comunidad-educativa-del-ies-carbula","status":"publish","type":"post","link":"https:\/\/blogsaverroes.juntadeandalucia.es\/iescarbulaweb\/circular-para-la-comunidad-educativa-del-ies-carbula\/","title":{"rendered":"Circular para la Comunidad Educativa del IES Carbula"},"content":{"rendered":"<p>El art. 167 del ROF, en el que se regula el funcionamiento en los cambios de clase, entre otros establece:<br \/>\n1. Durante los cambios de clase el alumnado permanecer\u00e1 en el interior de su aula. El profesorado de guardia ser\u00e1 el encargado de velar, durante los cinco primeros minutos, por que el alumnado permanezca dentro de su aula mientras el profesorado se dirige a su pr\u00f3xima clase. Para ello habr\u00e1 un profesor de guardia en cada pasillo.<br \/>\n2. En los cambios de clase el alumnado no podr\u00e1 salir a beber agua al patio salvo por causas de fuerza mayor.<br \/>\nAdem\u00e1s, se recuerda, que salvo problemas de salud justificados, la salida al servicio durante las sesiones de clase es una medida extraordinaria, por lo que debe evitarse la salida del alumnado y su circulaci\u00f3n por los pasillos.<br \/>\nEn cumplimiento a esta normativa, a partir del lunes 19 de noviembre, todo el alumnado que permanezca en los pasillos durante los cambios de clase ser\u00e1 sancionado (recibir\u00e1 un parte) por cualquier profesor que lo detecte. En caso de reiteraci\u00f3n de sanciones, llegar\u00e1 a ser privado del derecho de asistencia al centro por un periodo que determinar\u00e1 Jefatura de Estudios.<\/p>\n<p style=\"text-align: right\">Jefatura de Estudios<\/p>\n","protected":false},"excerpt":{"rendered":"<p>El art. 167 del ROF, en el que se regula el funcionamiento en los cambios de clase, entre otros establece: 1. Durante los cambios de clase el alumnado permanecer\u00e1 en el interior de su aula. El profesorado de guardia ser\u00e1 el encargado de velar, durante los cinco primeros minutos, por que el alumnado permanezca dentro [&hellip;]<\/p>\n","protected":false},"author":3731,"featured_media":0,"comment_status":"closed","ping_status":"open","sticky":false,"template":"","format":"standard","meta":{"_et_pb_use_builder":"","_et_pb_old_content":"","_et_gb_content_width":"","ngg_post_thumbnail":0,"footnotes":""},"categories":[9,10],"tags":[],"aioseo_notices":[],"_links":{"self":[{"href":"https:\/\/blogsaverroes.juntadeandalucia.es\/iescarbulaweb\/wp-json\/wp\/v2\/posts\/2489"}],"collection":[{"href":"https:\/\/blogsaverroes.juntadeandalucia.es\/iescarbulaweb\/wp-json\/wp\/v2\/posts"}],"about":[{"href":"https:\/\/blogsaverroes.juntadeandalucia.es\/iescarbulaweb\/wp-json\/wp\/v2\/types\/post"}],"author":[{"embeddable":true,"href":"https:\/\/blogsaverroes.juntadeandalucia.es\/iescarbulaweb\/wp-json\/wp\/v2\/users\/3731"}],"replies":[{"embeddable":true,"href":"https:\/\/blogsaverroes.juntadeandalucia.es\/iescarbulaweb\/wp-json\/wp\/v2\/comments?post=2489"}],"version-history":[{"count":0,"href":"https:\/\/blogsaverroes.juntadeandalucia.es\/iescarbulaweb\/wp-json\/wp\/v2\/posts\/2489\/revisions"}],"wp:attachment":[{"href":"https:\/\/blogsaverroes.juntadeandalucia.es\/iescarbulaweb\/wp-json\/wp\/v2\/media?parent=2489"}],"wp:term":[{"taxonomy":"category","embeddable":true,"href":"https:\/\/blogsaverroes.juntadeandalucia.es\/iescarbulaweb\/wp-json\/wp\/v2\/categories?post=2489"},{"taxonomy":"post_tag","embeddable":true,"href":"https:\/\/blogsaverroes.juntadeandalucia.es\/iescarbulaweb\/wp-json\/wp\/v2\/tags?post=2489"}],"curies":[{"name":"wp","href":"https:\/\/api.w.org\/{rel}","templated":true}]}}