{"id":2558,"date":"2019-01-19T12:49:37","date_gmt":"2019-01-19T10:49:37","guid":{"rendered":"http:\/\/blogsaverroes.juntadeandalucia.es\/iescarbula\/?p=2558"},"modified":"2019-01-19T12:49:37","modified_gmt":"2019-01-19T10:49:37","slug":"el-buscon-de-quevedo","status":"publish","type":"post","link":"https:\/\/blogsaverroes.juntadeandalucia.es\/iescarbulaweb\/el-buscon-de-quevedo\/","title":{"rendered":"El Busc\u00f3n de Quevedo"},"content":{"rendered":"<p><span style=\"font-weight: 400\">El &nbsp;viernes 18 de enero de 2019, un grupo de 75 alumnos de 3\u00baESO y 1\u00baBachillerato acompa\u00f1ados por 4 profesores del Departamento de Lengua asistimos a la representaci\u00f3n de una acertada adaptaci\u00f3n teatral de la novela <\/span><b><i>El Busc\u00f3n<\/i><\/b><span style=\"font-weight: 400\"> de Francisco de Quevedo en el Rectorado de la Universidad de C\u00f3rdoba.<\/span><\/p>\n<p><span style=\"font-weight: 400\">Si genial fue la puesta en escena por parte de la compa\u00f1\u00eda Regenta Teatro, no menos destacable fue la excelente actitud de nuestros alumnos que disfrutaron de la funci\u00f3n respetando en todo momento la labor de los actores.<\/span><\/p>\n<p><span style=\"font-weight: 400\">\u00a1As\u00ed da gusto organizar actividades!<\/span><br \/>\n<a href=\"https:\/\/photos.google.com\/share\/AF1QipPMretmDyvGa5284QT51nYiSKEAxxIKFkw0kLSabIumV9Gr0yfnderbU0aXz_IqEA?key=SXF3T3Iwa211d05zSTU1NEpXZ21MRkRYd0loYnVR&amp;source=ctrlq.org\"><img loading=\"lazy\" decoding=\"async\" class=\"alignleft\" src=\"https:\/\/lh3.googleusercontent.com\/Fr48WbUnv8DytzK17ZayLkyoEEd8HeQ92rxmiZZM-8tRR6DyspOK7luQrox7KHVCndxgb1VdQDziEZOqep1mNAQZzNjMSlFc3Dsk5SuuS3UIB-sQXsrgp5A4HYXvVZkYuerdEv19qQ=w2400\" width=\"361\" height=\"271\"><\/a><br \/>\n<a href=\"https:\/\/photos.google.com\/share\/AF1QipN9c57c7l6mUsbrXgqEMVcdRMGQ64XBiQTCI_5s4fVzEfF0ZTV9UXjzhUt6d--O_g?key=cnMtb0FZRWxrR1dMRFhtZjlSVEVKcHJFbklWTExR&amp;source=ctrlq.org\"><img loading=\"lazy\" decoding=\"async\" class=\"\" src=\"https:\/\/lh3.googleusercontent.com\/yQyblO8KziU6pEwIaLWT0TVZa7PwnIAzcd4T3yu8DMfTSu7GF7SGe0rx35gzlqIas3zyY8W5UkbtM8nw9b2Hgkb5LcknKzHKw2Hb5AnnCMmx2Gt28DRsKMPDnz3hVvcQ6RHLOl0NgQ=w2400\" width=\"415\" height=\"233\"><\/a><\/p>\n<p>&nbsp;<\/p>\n","protected":false},"excerpt":{"rendered":"<p>El &nbsp;viernes 18 de enero de 2019, un grupo de 75 alumnos de 3\u00baESO y 1\u00baBachillerato acompa\u00f1ados por 4 profesores del Departamento de Lengua asistimos a la representaci\u00f3n de una acertada adaptaci\u00f3n teatral de la novela El Busc\u00f3n de Francisco de Quevedo en el Rectorado de la Universidad de C\u00f3rdoba. Si genial fue la puesta [&hellip;]<\/p>\n","protected":false},"author":3731,"featured_media":0,"comment_status":"closed","ping_status":"open","sticky":false,"template":"","format":"standard","meta":{"_et_pb_use_builder":"","_et_pb_old_content":"","_et_gb_content_width":"","ngg_post_thumbnail":0,"footnotes":""},"categories":[9,15,16,21],"tags":[],"aioseo_notices":[],"_links":{"self":[{"href":"https:\/\/blogsaverroes.juntadeandalucia.es\/iescarbulaweb\/wp-json\/wp\/v2\/posts\/2558"}],"collection":[{"href":"https:\/\/blogsaverroes.juntadeandalucia.es\/iescarbulaweb\/wp-json\/wp\/v2\/posts"}],"about":[{"href":"https:\/\/blogsaverroes.juntadeandalucia.es\/iescarbulaweb\/wp-json\/wp\/v2\/types\/post"}],"author":[{"embeddable":true,"href":"https:\/\/blogsaverroes.juntadeandalucia.es\/iescarbulaweb\/wp-json\/wp\/v2\/users\/3731"}],"replies":[{"embeddable":true,"href":"https:\/\/blogsaverroes.juntadeandalucia.es\/iescarbulaweb\/wp-json\/wp\/v2\/comments?post=2558"}],"version-history":[{"count":0,"href":"https:\/\/blogsaverroes.juntadeandalucia.es\/iescarbulaweb\/wp-json\/wp\/v2\/posts\/2558\/revisions"}],"wp:attachment":[{"href":"https:\/\/blogsaverroes.juntadeandalucia.es\/iescarbulaweb\/wp-json\/wp\/v2\/media?parent=2558"}],"wp:term":[{"taxonomy":"category","embeddable":true,"href":"https:\/\/blogsaverroes.juntadeandalucia.es\/iescarbulaweb\/wp-json\/wp\/v2\/categories?post=2558"},{"taxonomy":"post_tag","embeddable":true,"href":"https:\/\/blogsaverroes.juntadeandalucia.es\/iescarbulaweb\/wp-json\/wp\/v2\/tags?post=2558"}],"curies":[{"name":"wp","href":"https:\/\/api.w.org\/{rel}","templated":true}]}}