{"id":3083,"date":"2020-02-10T14:56:18","date_gmt":"2020-02-10T12:56:18","guid":{"rendered":"http:\/\/blogsaverroes.juntadeandalucia.es\/iescarbula\/?p=3083"},"modified":"2020-02-10T14:56:18","modified_gmt":"2020-02-10T12:56:18","slug":"3083-2","status":"publish","type":"post","link":"https:\/\/blogsaverroes.juntadeandalucia.es\/iescarbulaweb\/3083-2\/","title":{"rendered":""},"content":{"rendered":"<p>Visita al Sal\u00f3n Expobelleza en el Palacio de Congresos de Sevilla con el alumnado de Fp b\u00e1sica de Peluquer\u00eda y Est\u00e9tica para ver las \u00faltimas tendencias de la moda,aparatolog\u00eda y conocieron casas comerciales, tambi\u00e9n vieron un desfile de maquillaje, color y cortes masculinos.<br \/>\n<a href=\"https:\/\/photos.google.com\/share\/AF1QipOnD0ulDY19jGf9vOO-a3hjHbfIKWkffJ5rQOWFWPNtlWnQytO5NhAcY9gE56H7lw?key=LTBuT01DajhwckFEcW5wV1hkTmV3ZUwyVGlHcnNB&amp;source=ctrlq.org\"><img decoding=\"async\" src=\"https:\/\/lh3.googleusercontent.com\/O-F45RSIYhv8R-kDohStmbZI1H-VSnnLjhsawwPbUmeumiuMHKVY5Ns4_mK9dlx1ZJ3XgAzMtpS1b4yK5JJNkvTTM94MQh3TbItl6X_1R2qCAn5oNNoFEormYdhPcYLVVY1xdXbF=w2400\"><\/a><\/p>\n","protected":false},"excerpt":{"rendered":"<p>Visita al Sal\u00f3n Expobelleza en el Palacio de Congresos de Sevilla con el alumnado de Fp b\u00e1sica de Peluquer\u00eda y Est\u00e9tica para ver las \u00faltimas tendencias de la moda,aparatolog\u00eda y conocieron casas comerciales, tambi\u00e9n vieron un desfile de maquillaje, color y cortes masculinos.<\/p>\n","protected":false},"author":3731,"featured_media":0,"comment_status":"closed","ping_status":"open","sticky":false,"template":"","format":"standard","meta":{"_et_pb_use_builder":"","_et_pb_old_content":"","_et_gb_content_width":"","ngg_post_thumbnail":0,"footnotes":""},"categories":[42,15,22],"tags":[],"aioseo_notices":[],"_links":{"self":[{"href":"https:\/\/blogsaverroes.juntadeandalucia.es\/iescarbulaweb\/wp-json\/wp\/v2\/posts\/3083"}],"collection":[{"href":"https:\/\/blogsaverroes.juntadeandalucia.es\/iescarbulaweb\/wp-json\/wp\/v2\/posts"}],"about":[{"href":"https:\/\/blogsaverroes.juntadeandalucia.es\/iescarbulaweb\/wp-json\/wp\/v2\/types\/post"}],"author":[{"embeddable":true,"href":"https:\/\/blogsaverroes.juntadeandalucia.es\/iescarbulaweb\/wp-json\/wp\/v2\/users\/3731"}],"replies":[{"embeddable":true,"href":"https:\/\/blogsaverroes.juntadeandalucia.es\/iescarbulaweb\/wp-json\/wp\/v2\/comments?post=3083"}],"version-history":[{"count":0,"href":"https:\/\/blogsaverroes.juntadeandalucia.es\/iescarbulaweb\/wp-json\/wp\/v2\/posts\/3083\/revisions"}],"wp:attachment":[{"href":"https:\/\/blogsaverroes.juntadeandalucia.es\/iescarbulaweb\/wp-json\/wp\/v2\/media?parent=3083"}],"wp:term":[{"taxonomy":"category","embeddable":true,"href":"https:\/\/blogsaverroes.juntadeandalucia.es\/iescarbulaweb\/wp-json\/wp\/v2\/categories?post=3083"},{"taxonomy":"post_tag","embeddable":true,"href":"https:\/\/blogsaverroes.juntadeandalucia.es\/iescarbulaweb\/wp-json\/wp\/v2\/tags?post=3083"}],"curies":[{"name":"wp","href":"https:\/\/api.w.org\/{rel}","templated":true}]}}