{"id":4086,"date":"2022-03-29T13:43:37","date_gmt":"2022-03-29T11:43:37","guid":{"rendered":"http:\/\/blogsaverroes.juntadeandalucia.es\/iescarbula\/?p=4086"},"modified":"2022-03-29T13:43:37","modified_gmt":"2022-03-29T11:43:37","slug":"ies-carbula-participa-en-el-programa-andalucia-profundiza","status":"publish","type":"post","link":"https:\/\/blogsaverroes.juntadeandalucia.es\/iescarbulaweb\/ies-carbula-participa-en-el-programa-andalucia-profundiza\/","title":{"rendered":"IES C\u00e1rbula participa en el Programa Andaluc\u00eda Profundiza"},"content":{"rendered":"<p>Nuestro IES ha sido seleccionado por la Consejer\u00eda de Educaci\u00f3n y Deporte para desarrollar el Programa&nbsp; \u201cAndaluc\u00eda Profundiza\u201d, a trav\u00e9s del cual se pretende&nbsp;potenciar el inter\u00e9s del alumnado de 1\u00b0ESO por la ciencia y por la investigaci\u00f3n, convirti\u00e9ndolos en agentes activos en la construcci\u00f3n de sus aprendizajes.<\/p>\n<p>El proyecto titulado \u00ab<b>Las disc\u00edpulas de Gaia\u00bb,<\/b>&nbsp;ser\u00e1 desarrollado por un total de 15 alumnos de 1\u00b0ESO (A, B y C) bajo la coordinaci\u00f3n de nuestra profesora de Biolog\u00eda y Geolog\u00eda, Angustias M\u00e1rquez. Gracias a este proyecto se estimular\u00e1 el aprendizaje y la iniciativa del alumnado de 1\u00b0ESO A, B y C, que destaca por su capacidad, inter\u00e9s y motivaci\u00f3n hacia la realizaci\u00f3n de actividades que supongan una profundizaci\u00f3n con respecto al curr\u00edculo ordinario.<\/p>\n<p>Desde aqu\u00ed queremos agradecer el inter\u00e9s demostrado por el alumnado y profesorado participante, as\u00ed como del equipo directivo, para que este programa pueda desarrollarse este a\u00f1o en nuestro IES.<\/p>\n<p><a href=\"https:\/\/lh3.googleusercontent.com\/_kSjiRx90r0umjgwgvgO9yCDfW9b2wbGvRvDkjl01Kdzl8h7ugaFGlPZ1Hn5FC4Xp9RsvrX8x_6dwbgZRxC4Iz7TiNjdp4o4vQPC4ABZRFGSk2wE1QV2kX9adN1BL82L69fiqgoS=w2400?source=screenshot.guru\"> <img decoding=\"async\" src=\"https:\/\/lh3.googleusercontent.com\/_kSjiRx90r0umjgwgvgO9yCDfW9b2wbGvRvDkjl01Kdzl8h7ugaFGlPZ1Hn5FC4Xp9RsvrX8x_6dwbgZRxC4Iz7TiNjdp4o4vQPC4ABZRFGSk2wE1QV2kX9adN1BL82L69fiqgoS=w300-h315-p-k\"> <\/a><\/p>\n","protected":false},"excerpt":{"rendered":"<p>Nuestro IES ha sido seleccionado por la Consejer\u00eda de Educaci\u00f3n y Deporte para desarrollar el Programa&nbsp; \u201cAndaluc\u00eda Profundiza\u201d, a trav\u00e9s del cual se pretende&nbsp;potenciar el inter\u00e9s del alumnado de 1\u00b0ESO por la ciencia y por la investigaci\u00f3n, convirti\u00e9ndolos en agentes activos en la construcci\u00f3n de sus aprendizajes. El proyecto titulado \u00abLas disc\u00edpulas de Gaia\u00bb,&nbsp;ser\u00e1 desarrollado [&hellip;]<\/p>\n","protected":false},"author":3731,"featured_media":4087,"comment_status":"closed","ping_status":"open","sticky":false,"template":"","format":"standard","meta":{"_et_pb_use_builder":"","_et_pb_old_content":"","_et_gb_content_width":"","ngg_post_thumbnail":0,"footnotes":""},"categories":[29,77,99],"tags":[100],"aioseo_notices":[],"_links":{"self":[{"href":"https:\/\/blogsaverroes.juntadeandalucia.es\/iescarbulaweb\/wp-json\/wp\/v2\/posts\/4086"}],"collection":[{"href":"https:\/\/blogsaverroes.juntadeandalucia.es\/iescarbulaweb\/wp-json\/wp\/v2\/posts"}],"about":[{"href":"https:\/\/blogsaverroes.juntadeandalucia.es\/iescarbulaweb\/wp-json\/wp\/v2\/types\/post"}],"author":[{"embeddable":true,"href":"https:\/\/blogsaverroes.juntadeandalucia.es\/iescarbulaweb\/wp-json\/wp\/v2\/users\/3731"}],"replies":[{"embeddable":true,"href":"https:\/\/blogsaverroes.juntadeandalucia.es\/iescarbulaweb\/wp-json\/wp\/v2\/comments?post=4086"}],"version-history":[{"count":0,"href":"https:\/\/blogsaverroes.juntadeandalucia.es\/iescarbulaweb\/wp-json\/wp\/v2\/posts\/4086\/revisions"}],"wp:featuredmedia":[{"embeddable":true,"href":"https:\/\/blogsaverroes.juntadeandalucia.es\/iescarbulaweb\/wp-json\/wp\/v2\/media\/4087"}],"wp:attachment":[{"href":"https:\/\/blogsaverroes.juntadeandalucia.es\/iescarbulaweb\/wp-json\/wp\/v2\/media?parent=4086"}],"wp:term":[{"taxonomy":"category","embeddable":true,"href":"https:\/\/blogsaverroes.juntadeandalucia.es\/iescarbulaweb\/wp-json\/wp\/v2\/categories?post=4086"},{"taxonomy":"post_tag","embeddable":true,"href":"https:\/\/blogsaverroes.juntadeandalucia.es\/iescarbulaweb\/wp-json\/wp\/v2\/tags?post=4086"}],"curies":[{"name":"wp","href":"https:\/\/api.w.org\/{rel}","templated":true}]}}