{"id":4089,"date":"2022-04-05T20:43:17","date_gmt":"2022-04-05T18:43:17","guid":{"rendered":"http:\/\/blogsaverroes.juntadeandalucia.es\/iescarbula\/?p=4089"},"modified":"2024-01-20T13:12:54","modified_gmt":"2024-01-20T12:12:54","slug":"visita-de-la-delegada-territorial-de-educacion-y-deporte-dna-inmaculada-troncoso","status":"publish","type":"post","link":"https:\/\/blogsaverroes.juntadeandalucia.es\/iescarbulaweb\/visita-de-la-delegada-territorial-de-educacion-y-deporte-dna-inmaculada-troncoso\/","title":{"rendered":"Visita de la Delegada Territorial de Educaci\u00f3n y Deporte D\u00f1a. Inmaculada Troncoso"},"content":{"rendered":"<p>Hoy nos ha visitado la Delegada Territorial de Educaci\u00f3n y Deporte D\u00f1a. Inmaculada Troncoso, que junto al Equipo Directivo de nuestro instituto y representantes del Ayuntamiento de Almod\u00f3var, ha visitado dentro de las instalaciones del instituto, el Ciclo Formativo de Enfermer\u00eda, la FPB de Peluquer\u00eda y Electricidad y Electr\u00f3nica as\u00ed como el aula espec\u00edfica entre otras dependencias.<\/p>\n<p>Os dejamos un v\u00eddeo de la visita en <a href=\"https:\/\/drive.google.com\/file\/d\/1yXPPAdE3bW8GSX2X8jI2XO-LprQlHvJc\/view?usp=sharing\">este enlace<\/a><\/p>\n<p><a href=\"https:\/\/lh3.googleusercontent.com\/Zmh-Rnm0dUXuG25fDngNZ_MiqluRioxnXKmv9xAHACEQjW1BxzGn9QqOu2Njd162nGvHnfN4bObR42W9j_dBdQk5S1qwDaxsA5ijREtaDK_S05DZepelr5j6HMXxgEhbfqkJLQ8D=w2400?source=screenshot.guru\"> <img decoding=\"async\" src=\"https:\/\/lh3.googleusercontent.com\/Zmh-Rnm0dUXuG25fDngNZ_MiqluRioxnXKmv9xAHACEQjW1BxzGn9QqOu2Njd162nGvHnfN4bObR42W9j_dBdQk5S1qwDaxsA5ijREtaDK_S05DZepelr5j6HMXxgEhbfqkJLQ8D=w600-h315-p-k\"> <\/a><\/p>\n","protected":false},"excerpt":{"rendered":"<p>Hoy nos ha visitado la Delegada Territorial de Educaci\u00f3n y Deporte D\u00f1a. Inmaculada Troncoso, que junto al Equipo Directivo de nuestro instituto y representantes del Ayuntamiento de Almod\u00f3var, ha visitado dentro de las instalaciones del instituto, el Ciclo Formativo de Enfermer\u00eda, la FPB de Peluquer\u00eda y Electricidad y Electr\u00f3nica as\u00ed como el aula espec\u00edfica entre [&hellip;]<\/p>\n","protected":false},"author":3731,"featured_media":4090,"comment_status":"closed","ping_status":"open","sticky":false,"template":"","format":"standard","meta":{"_et_pb_use_builder":"","_et_pb_old_content":"","_et_gb_content_width":"","ngg_post_thumbnail":0,"footnotes":""},"categories":[55,22,3,44],"tags":[],"aioseo_notices":[],"_links":{"self":[{"href":"https:\/\/blogsaverroes.juntadeandalucia.es\/iescarbulaweb\/wp-json\/wp\/v2\/posts\/4089"}],"collection":[{"href":"https:\/\/blogsaverroes.juntadeandalucia.es\/iescarbulaweb\/wp-json\/wp\/v2\/posts"}],"about":[{"href":"https:\/\/blogsaverroes.juntadeandalucia.es\/iescarbulaweb\/wp-json\/wp\/v2\/types\/post"}],"author":[{"embeddable":true,"href":"https:\/\/blogsaverroes.juntadeandalucia.es\/iescarbulaweb\/wp-json\/wp\/v2\/users\/3731"}],"replies":[{"embeddable":true,"href":"https:\/\/blogsaverroes.juntadeandalucia.es\/iescarbulaweb\/wp-json\/wp\/v2\/comments?post=4089"}],"version-history":[{"count":1,"href":"https:\/\/blogsaverroes.juntadeandalucia.es\/iescarbulaweb\/wp-json\/wp\/v2\/posts\/4089\/revisions"}],"predecessor-version":[{"id":6074,"href":"https:\/\/blogsaverroes.juntadeandalucia.es\/iescarbulaweb\/wp-json\/wp\/v2\/posts\/4089\/revisions\/6074"}],"wp:featuredmedia":[{"embeddable":true,"href":"https:\/\/blogsaverroes.juntadeandalucia.es\/iescarbulaweb\/wp-json\/wp\/v2\/media\/4090"}],"wp:attachment":[{"href":"https:\/\/blogsaverroes.juntadeandalucia.es\/iescarbulaweb\/wp-json\/wp\/v2\/media?parent=4089"}],"wp:term":[{"taxonomy":"category","embeddable":true,"href":"https:\/\/blogsaverroes.juntadeandalucia.es\/iescarbulaweb\/wp-json\/wp\/v2\/categories?post=4089"},{"taxonomy":"post_tag","embeddable":true,"href":"https:\/\/blogsaverroes.juntadeandalucia.es\/iescarbulaweb\/wp-json\/wp\/v2\/tags?post=4089"}],"curies":[{"name":"wp","href":"https:\/\/api.w.org\/{rel}","templated":true}]}}