{"id":4128,"date":"2022-05-17T10:03:46","date_gmt":"2022-05-17T08:03:46","guid":{"rendered":"http:\/\/blogsaverroes.juntadeandalucia.es\/iescarbula\/?p=4128"},"modified":"2022-05-17T10:03:46","modified_gmt":"2022-05-17T08:03:46","slug":"cambio-climatico","status":"publish","type":"post","link":"https:\/\/blogsaverroes.juntadeandalucia.es\/iescarbulaweb\/cambio-climatico\/","title":{"rendered":"Cambio clim\u00e1tico"},"content":{"rendered":"<div>El cambio clim\u00e1tico que est\u00e1 afectando a nuestro planeta ha dejado congelado al alumnado de 1\u00baESO C en clase de Biolog\u00eda y Geolog\u00eda. \u00bfQu\u00e9 estaban haciendo?<\/div>\n<div>Su profesora Angustias M\u00e1rquez Lema os deja <a href=\"https:\/\/drive.google.com\/file\/d\/1I9kctGrnqx7EqcDaeUNbkOiW0dVO1iBt\/view?usp=sharing\">el v\u00eddeo que ha grabado durante ese momento&#8230;<\/a><\/div>\n<div>&nbsp;<\/div>\n","protected":false},"excerpt":{"rendered":"<p>El cambio clim\u00e1tico que est\u00e1 afectando a nuestro planeta ha dejado congelado al alumnado de 1\u00baESO C en clase de Biolog\u00eda y Geolog\u00eda. \u00bfQu\u00e9 estaban haciendo? Su profesora Angustias M\u00e1rquez Lema os deja el v\u00eddeo que ha grabado durante ese momento&#8230; &nbsp;<\/p>\n","protected":false},"author":3731,"featured_media":4129,"comment_status":"closed","ping_status":"open","sticky":false,"template":"","format":"standard","meta":{"_et_pb_use_builder":"","_et_pb_old_content":"","_et_gb_content_width":"","ngg_post_thumbnail":0,"footnotes":""},"categories":[29,3],"tags":[],"aioseo_notices":[],"_links":{"self":[{"href":"https:\/\/blogsaverroes.juntadeandalucia.es\/iescarbulaweb\/wp-json\/wp\/v2\/posts\/4128"}],"collection":[{"href":"https:\/\/blogsaverroes.juntadeandalucia.es\/iescarbulaweb\/wp-json\/wp\/v2\/posts"}],"about":[{"href":"https:\/\/blogsaverroes.juntadeandalucia.es\/iescarbulaweb\/wp-json\/wp\/v2\/types\/post"}],"author":[{"embeddable":true,"href":"https:\/\/blogsaverroes.juntadeandalucia.es\/iescarbulaweb\/wp-json\/wp\/v2\/users\/3731"}],"replies":[{"embeddable":true,"href":"https:\/\/blogsaverroes.juntadeandalucia.es\/iescarbulaweb\/wp-json\/wp\/v2\/comments?post=4128"}],"version-history":[{"count":0,"href":"https:\/\/blogsaverroes.juntadeandalucia.es\/iescarbulaweb\/wp-json\/wp\/v2\/posts\/4128\/revisions"}],"wp:featuredmedia":[{"embeddable":true,"href":"https:\/\/blogsaverroes.juntadeandalucia.es\/iescarbulaweb\/wp-json\/wp\/v2\/media\/4129"}],"wp:attachment":[{"href":"https:\/\/blogsaverroes.juntadeandalucia.es\/iescarbulaweb\/wp-json\/wp\/v2\/media?parent=4128"}],"wp:term":[{"taxonomy":"category","embeddable":true,"href":"https:\/\/blogsaverroes.juntadeandalucia.es\/iescarbulaweb\/wp-json\/wp\/v2\/categories?post=4128"},{"taxonomy":"post_tag","embeddable":true,"href":"https:\/\/blogsaverroes.juntadeandalucia.es\/iescarbulaweb\/wp-json\/wp\/v2\/tags?post=4128"}],"curies":[{"name":"wp","href":"https:\/\/api.w.org\/{rel}","templated":true}]}}