{"id":4201,"date":"2022-06-13T19:20:17","date_gmt":"2022-06-13T17:20:17","guid":{"rendered":"http:\/\/blogsaverroes.juntadeandalucia.es\/iescarbula\/?p=4201"},"modified":"2022-06-13T19:20:17","modified_gmt":"2022-06-13T17:20:17","slug":"abierto-plazo-de-solicitudes-para-cfgm-de-enfermeria-fpb-de-peluqueria-y-estetica-y-fpb-de-electricidad","status":"publish","type":"post","link":"https:\/\/blogsaverroes.juntadeandalucia.es\/iescarbulaweb\/abierto-plazo-de-solicitudes-para-cfgm-de-enfermeria-fpb-de-peluqueria-y-estetica-y-fpb-de-electricidad\/","title":{"rendered":"ABIERTO PLAZO DE SOLICITUDES PARA CFGM DE ENFERMER\u00cdA, FPB DE PELUQUER\u00cdA Y EST\u00c9TICA Y FPB DE ELECTRICIDAD"},"content":{"rendered":"<p><a href=\"https:\/\/lh3.googleusercontent.com\/E9GR1SesV3H5ddlFSysMM5TjbP-Yp5rwRI6YI4kXC-DWYeTgIUj_xNq61Tf6PezlQX829FWyBEQZ8vv2TRDVyAGfVchfTSAmFRQame8qdjhi3HnkSbbgcing51Jt1FuGqn3DX2rl=w2400?source=screenshot.guru\"> <img decoding=\"async\" src=\"https:\/\/lh3.googleusercontent.com\/E9GR1SesV3H5ddlFSysMM5TjbP-Yp5rwRI6YI4kXC-DWYeTgIUj_xNq61Tf6PezlQX829FWyBEQZ8vv2TRDVyAGfVchfTSAmFRQame8qdjhi3HnkSbbgcing51Jt1FuGqn3DX2rl=w600-h615-p-k\"><\/a><\/p>\n","protected":false},"excerpt":{"rendered":"","protected":false},"author":3731,"featured_media":4202,"comment_status":"closed","ping_status":"open","sticky":false,"template":"","format":"standard","meta":{"_et_pb_use_builder":"","_et_pb_old_content":"","_et_gb_content_width":"","ngg_post_thumbnail":0,"footnotes":""},"categories":[77,22,3,33,44],"tags":[],"aioseo_notices":[],"_links":{"self":[{"href":"https:\/\/blogsaverroes.juntadeandalucia.es\/iescarbulaweb\/wp-json\/wp\/v2\/posts\/4201"}],"collection":[{"href":"https:\/\/blogsaverroes.juntadeandalucia.es\/iescarbulaweb\/wp-json\/wp\/v2\/posts"}],"about":[{"href":"https:\/\/blogsaverroes.juntadeandalucia.es\/iescarbulaweb\/wp-json\/wp\/v2\/types\/post"}],"author":[{"embeddable":true,"href":"https:\/\/blogsaverroes.juntadeandalucia.es\/iescarbulaweb\/wp-json\/wp\/v2\/users\/3731"}],"replies":[{"embeddable":true,"href":"https:\/\/blogsaverroes.juntadeandalucia.es\/iescarbulaweb\/wp-json\/wp\/v2\/comments?post=4201"}],"version-history":[{"count":0,"href":"https:\/\/blogsaverroes.juntadeandalucia.es\/iescarbulaweb\/wp-json\/wp\/v2\/posts\/4201\/revisions"}],"wp:featuredmedia":[{"embeddable":true,"href":"https:\/\/blogsaverroes.juntadeandalucia.es\/iescarbulaweb\/wp-json\/wp\/v2\/media\/4202"}],"wp:attachment":[{"href":"https:\/\/blogsaverroes.juntadeandalucia.es\/iescarbulaweb\/wp-json\/wp\/v2\/media?parent=4201"}],"wp:term":[{"taxonomy":"category","embeddable":true,"href":"https:\/\/blogsaverroes.juntadeandalucia.es\/iescarbulaweb\/wp-json\/wp\/v2\/categories?post=4201"},{"taxonomy":"post_tag","embeddable":true,"href":"https:\/\/blogsaverroes.juntadeandalucia.es\/iescarbulaweb\/wp-json\/wp\/v2\/tags?post=4201"}],"curies":[{"name":"wp","href":"https:\/\/api.w.org\/{rel}","templated":true}]}}