{"id":4358,"date":"2022-10-18T23:09:02","date_gmt":"2022-10-18T21:09:02","guid":{"rendered":"http:\/\/blogsaverroes.juntadeandalucia.es\/iescarbula\/?p=4358"},"modified":"2022-10-18T23:09:02","modified_gmt":"2022-10-18T21:09:02","slug":"comienza-el-programa-proa-2022-2023","status":"publish","type":"post","link":"https:\/\/blogsaverroes.juntadeandalucia.es\/iescarbulaweb\/comienza-el-programa-proa-2022-2023\/","title":{"rendered":"Comienza el Programa PROA 2022\/2023"},"content":{"rendered":"<p><a href=\"http:\/\/blogsaverroes.juntadeandalucia.es\/iescarbula\/2022\/10\/18\/comienza-el-programa-proa-2022-2023\/proa\/\" rel=\"attachment wp-att-4363\"><img loading=\"lazy\" decoding=\"async\" class=\"aligncenter wp-image-4363\" src=\"https:\/\/blogsaverroes.juntadeandalucia.es\/iescarbulaweb\/files\/2022\/10\/proa.jpg\" alt=\"\" width=\"532\" height=\"303\"><\/a><\/p>\n<p><a href=\"http:\/\/blogsaverroes.juntadeandalucia.es\/iescarbula\/2022\/10\/18\/comienza-el-programa-proa-2022-2023\/proa_felix\/\" rel=\"attachment wp-att-4360\"><img loading=\"lazy\" decoding=\"async\" class=\"wp-image-4360 alignleft\" src=\"https:\/\/blogsaverroes.juntadeandalucia.es\/iescarbulaweb\/files\/2022\/10\/proa_Felix.jpg\" alt=\"\" width=\"368\" height=\"170\"><\/a>El pasado martes 18 de octubre dieron comienzo las primeras sesiones del <span dir=\"ltr\" role=\"presentation\">Programa de Refuerzo, Orientaci\u00f3n, y Apoyo PROA. Este programa, ofrecido por la Junta de Andalucia, y con car\u00e1cter voluntario y completamente gratuito para las familias, se trata de un conjunto de actuaciones dirigidas a mejorar el grado de adquisici\u00f3n de las competencias clave y la motivaci\u00f3n del alumnado con necesidades espec\u00edficas de<br role=\"presentation\">apoyo educativo por precisar acciones de car\u00e1cter compensatorio, adem\u00e1s de complementar las acciones encaminadas a la mejora del \u00e9xito escolar que se desarrollan en los centr<a href=\"http:\/\/blogsaverroes.juntadeandalucia.es\/iescarbula\/2022\/10\/18\/comienza-el-programa-proa-2022-2023\/proa_daniel\/\" rel=\"attachment wp-att-4359\"><img loading=\"lazy\" decoding=\"async\" class=\"wp-image-4359 alignright\" src=\"https:\/\/blogsaverroes.juntadeandalucia.es\/iescarbulaweb\/files\/2022\/10\/proa_Daniel.jpg\" alt=\"\" width=\"359\" height=\"166\"><\/a>os docentes p\u00fablicos andaluces.<\/span><\/p>\n<p>A\u00fan con matriculaciones pendientes de formalizarse, actualmente participan un total de 20 alumnos y alumnas de nuestro centro que asistir\u00e1n 3 tardes semanales para recibir apoyo en las \u00e1reas sociolingu\u00edstica, cient\u00edfico-matem\u00e1tica, y el \u00e1rea de actividad f\u00edsica.<\/p>\n<p>Este programa se lleva a cabo con la participaci\u00f3n de docentes de nuestro centro: en concreto, F\u00e9lix Carrillo, coordinador del programa y docente del \u00e1rea de actividad f\u00edsica; Raquel Villar, profesora de matem\u00e1ticas que ofrecer\u00e1 apoyo en el \u00e1rea cient\u00edfico-matem\u00e1tica, y Daniel Vera, profesor de idiomas que impartir\u00e1 el apoyo del \u00e1rea socioling\u00fc\u00edstica.<\/p>\n","protected":false},"excerpt":{"rendered":"<p>El pasado martes 18 de octubre dieron comienzo las primeras sesiones del Programa de Refuerzo, Orientaci\u00f3n, y Apoyo PROA. Este programa, ofrecido por la Junta de Andalucia, y con car\u00e1cter voluntario y completamente gratuito para las familias, se trata de un conjunto de actuaciones dirigidas a mejorar el grado de adquisici\u00f3n de las competencias clave [&hellip;]<\/p>\n","protected":false},"author":3731,"featured_media":4363,"comment_status":"closed","ping_status":"open","sticky":false,"template":"","format":"standard","meta":{"_et_pb_use_builder":"","_et_pb_old_content":"","_et_gb_content_width":"","ngg_post_thumbnail":0,"footnotes":""},"categories":[111,79],"tags":[],"aioseo_notices":[],"_links":{"self":[{"href":"https:\/\/blogsaverroes.juntadeandalucia.es\/iescarbulaweb\/wp-json\/wp\/v2\/posts\/4358"}],"collection":[{"href":"https:\/\/blogsaverroes.juntadeandalucia.es\/iescarbulaweb\/wp-json\/wp\/v2\/posts"}],"about":[{"href":"https:\/\/blogsaverroes.juntadeandalucia.es\/iescarbulaweb\/wp-json\/wp\/v2\/types\/post"}],"author":[{"embeddable":true,"href":"https:\/\/blogsaverroes.juntadeandalucia.es\/iescarbulaweb\/wp-json\/wp\/v2\/users\/3731"}],"replies":[{"embeddable":true,"href":"https:\/\/blogsaverroes.juntadeandalucia.es\/iescarbulaweb\/wp-json\/wp\/v2\/comments?post=4358"}],"version-history":[{"count":0,"href":"https:\/\/blogsaverroes.juntadeandalucia.es\/iescarbulaweb\/wp-json\/wp\/v2\/posts\/4358\/revisions"}],"wp:featuredmedia":[{"embeddable":true,"href":"https:\/\/blogsaverroes.juntadeandalucia.es\/iescarbulaweb\/wp-json\/wp\/v2\/media\/4363"}],"wp:attachment":[{"href":"https:\/\/blogsaverroes.juntadeandalucia.es\/iescarbulaweb\/wp-json\/wp\/v2\/media?parent=4358"}],"wp:term":[{"taxonomy":"category","embeddable":true,"href":"https:\/\/blogsaverroes.juntadeandalucia.es\/iescarbulaweb\/wp-json\/wp\/v2\/categories?post=4358"},{"taxonomy":"post_tag","embeddable":true,"href":"https:\/\/blogsaverroes.juntadeandalucia.es\/iescarbulaweb\/wp-json\/wp\/v2\/tags?post=4358"}],"curies":[{"name":"wp","href":"https:\/\/api.w.org\/{rel}","templated":true}]}}