{"id":6536,"date":"2024-04-19T12:42:45","date_gmt":"2024-04-19T11:42:45","guid":{"rendered":"https:\/\/blogsaverroes.juntadeandalucia.es\/iescarbulaweb\/?p=6536"},"modified":"2024-06-16T12:44:23","modified_gmt":"2024-06-16T11:44:23","slug":"eap-cima","status":"publish","type":"post","link":"https:\/\/blogsaverroes.juntadeandalucia.es\/iescarbulaweb\/eap-cima\/","title":{"rendered":"EAP CIMA"},"content":{"rendered":"<p><span data-sheets-root=\"1\" data-sheets-value=\"{&quot;1&quot;:2,&quot;2&quot;:&quot;Nuestra vicedirectora *Mayte Siles*  seleccionada por la Direcci\u00f3n General de Innovaci\u00f3n (Sevilla)como miembro del equipo de acompa\u00f1amiento para el desarrollo del equipo CIMA.\\nEn esta tarea acompa\u00f1ar\u00e1 en el desarrollo del programa a 20 centros de C\u00f3rdoba y Jaen, lo que le permitir\u00e1 detectar buenas pr\u00e1cticas de centros educativas que buscan el *\u00e9xito educativo* del alumnado del C\u00e1rbula.&quot;}\" data-sheets-userformat=\"{&quot;2&quot;:513,&quot;3&quot;:{&quot;1&quot;:0},&quot;12&quot;:0}\">Nuestra vicedirectora <strong>Mayte Siles<\/strong> seleccionada por la Direcci\u00f3n General de Innovaci\u00f3n (Sevilla) como miembro del equipo de acompa\u00f1amiento para el desarrollo del equipo CIMA.<br \/>\nEn esta tarea acompa\u00f1ar\u00e1 en el desarrollo del programa a 20 centros de C\u00f3rdoba y Ja\u00e9n, lo que le permitir\u00e1 detectar buenas pr\u00e1cticas de centros educativas que buscan el <strong>\u00e9xito educativo<\/strong>&nbsp;del alumnado del C\u00e1rbula.<\/span><\/p>\n","protected":false},"excerpt":{"rendered":"<p>Nuestra vicedirectora Mayte Siles seleccionada por la Direcci\u00f3n General de Innovaci\u00f3n (Sevilla) como miembro del equipo de acompa\u00f1amiento para el desarrollo del equipo CIMA. En esta tarea acompa\u00f1ar\u00e1 en el desarrollo del programa a 20 centros de C\u00f3rdoba y Ja\u00e9n, lo que le permitir\u00e1 detectar buenas pr\u00e1cticas de centros educativas que buscan el \u00e9xito educativo&nbsp;del [&hellip;]<\/p>\n","protected":false},"author":3731,"featured_media":6537,"comment_status":"closed","ping_status":"open","sticky":false,"template":"","format":"standard","meta":{"_et_pb_use_builder":"","_et_pb_old_content":"","_et_gb_content_width":"","ngg_post_thumbnail":0,"footnotes":""},"categories":[165,125],"tags":[],"aioseo_notices":[],"_links":{"self":[{"href":"https:\/\/blogsaverroes.juntadeandalucia.es\/iescarbulaweb\/wp-json\/wp\/v2\/posts\/6536"}],"collection":[{"href":"https:\/\/blogsaverroes.juntadeandalucia.es\/iescarbulaweb\/wp-json\/wp\/v2\/posts"}],"about":[{"href":"https:\/\/blogsaverroes.juntadeandalucia.es\/iescarbulaweb\/wp-json\/wp\/v2\/types\/post"}],"author":[{"embeddable":true,"href":"https:\/\/blogsaverroes.juntadeandalucia.es\/iescarbulaweb\/wp-json\/wp\/v2\/users\/3731"}],"replies":[{"embeddable":true,"href":"https:\/\/blogsaverroes.juntadeandalucia.es\/iescarbulaweb\/wp-json\/wp\/v2\/comments?post=6536"}],"version-history":[{"count":1,"href":"https:\/\/blogsaverroes.juntadeandalucia.es\/iescarbulaweb\/wp-json\/wp\/v2\/posts\/6536\/revisions"}],"predecessor-version":[{"id":6538,"href":"https:\/\/blogsaverroes.juntadeandalucia.es\/iescarbulaweb\/wp-json\/wp\/v2\/posts\/6536\/revisions\/6538"}],"wp:featuredmedia":[{"embeddable":true,"href":"https:\/\/blogsaverroes.juntadeandalucia.es\/iescarbulaweb\/wp-json\/wp\/v2\/media\/6537"}],"wp:attachment":[{"href":"https:\/\/blogsaverroes.juntadeandalucia.es\/iescarbulaweb\/wp-json\/wp\/v2\/media?parent=6536"}],"wp:term":[{"taxonomy":"category","embeddable":true,"href":"https:\/\/blogsaverroes.juntadeandalucia.es\/iescarbulaweb\/wp-json\/wp\/v2\/categories?post=6536"},{"taxonomy":"post_tag","embeddable":true,"href":"https:\/\/blogsaverroes.juntadeandalucia.es\/iescarbulaweb\/wp-json\/wp\/v2\/tags?post=6536"}],"curies":[{"name":"wp","href":"https:\/\/api.w.org\/{rel}","templated":true}]}}