{"id":6539,"date":"2024-06-16T13:17:49","date_gmt":"2024-06-16T12:17:49","guid":{"rendered":"https:\/\/blogsaverroes.juntadeandalucia.es\/iescarbulaweb\/?p=6539"},"modified":"2024-06-16T13:17:49","modified_gmt":"2024-06-16T12:17:49","slug":"6539-2","status":"publish","type":"post","link":"https:\/\/blogsaverroes.juntadeandalucia.es\/iescarbulaweb\/6539-2\/","title":{"rendered":""},"content":{"rendered":"<table style=\"border-collapse: collapse;width: 100%\">\n<tbody>\n<tr>\n<td style=\"width: 33.3333%\"><a href=\"https:\/\/blogsaverroes.juntadeandalucia.es\/iescarbulaweb\/files\/2024\/06\/IMG-20240426-WA0001-Vicedireccion-IES-Carbula.jpg\"><img loading=\"lazy\" decoding=\"async\" class=\"aligncenter wp-image-6541 size-large\" src=\"https:\/\/blogsaverroes.juntadeandalucia.es\/iescarbulaweb\/files\/2024\/06\/IMG-20240426-WA0001-Vicedireccion-IES-Carbula-1024x493.jpg\" alt=\"\" width=\"1024\" height=\"493\" srcset=\"https:\/\/blogsaverroes.juntadeandalucia.es\/iescarbulaweb\/files\/2024\/06\/IMG-20240426-WA0001-Vicedireccion-IES-Carbula-980x472.jpg 980w, https:\/\/blogsaverroes.juntadeandalucia.es\/iescarbulaweb\/files\/2024\/06\/IMG-20240426-WA0001-Vicedireccion-IES-Carbula-480x231.jpg 480w\" sizes=\"(min-width: 0px) and (max-width: 480px) 480px, (min-width: 481px) and (max-width: 980px) 980px, (min-width: 981px) 1024px, 100vw\" \/><\/a><\/td>\n<td style=\"width: 33.3333%\"><a href=\"https:\/\/blogsaverroes.juntadeandalucia.es\/iescarbulaweb\/files\/2024\/06\/IMG-20240426-WA0002-Vicedireccion-IES-Carbula.jpg\"><img loading=\"lazy\" decoding=\"async\" class=\"aligncenter wp-image-6542 size-large\" src=\"https:\/\/blogsaverroes.juntadeandalucia.es\/iescarbulaweb\/files\/2024\/06\/IMG-20240426-WA0002-Vicedireccion-IES-Carbula-1024x768.jpg\" alt=\"\" width=\"1024\" height=\"768\" srcset=\"https:\/\/blogsaverroes.juntadeandalucia.es\/iescarbulaweb\/files\/2024\/06\/IMG-20240426-WA0002-Vicedireccion-IES-Carbula-980x735.jpg 980w, https:\/\/blogsaverroes.juntadeandalucia.es\/iescarbulaweb\/files\/2024\/06\/IMG-20240426-WA0002-Vicedireccion-IES-Carbula-480x360.jpg 480w\" sizes=\"(min-width: 0px) and (max-width: 480px) 480px, (min-width: 481px) and (max-width: 980px) 980px, (min-width: 981px) 1024px, 100vw\" \/><\/a><\/td>\n<td style=\"width: 33.3333%\"><a href=\"https:\/\/blogsaverroes.juntadeandalucia.es\/iescarbulaweb\/files\/2024\/06\/IMG-20240426-WA0003-Vicedireccion-IES-Carbula.jpg\"><img loading=\"lazy\" decoding=\"async\" class=\"aligncenter wp-image-6543 size-large\" src=\"https:\/\/blogsaverroes.juntadeandalucia.es\/iescarbulaweb\/files\/2024\/06\/IMG-20240426-WA0003-Vicedireccion-IES-Carbula-1024x768.jpg\" alt=\"\" width=\"1024\" height=\"768\" srcset=\"https:\/\/blogsaverroes.juntadeandalucia.es\/iescarbulaweb\/files\/2024\/06\/IMG-20240426-WA0003-Vicedireccion-IES-Carbula-980x735.jpg 980w, https:\/\/blogsaverroes.juntadeandalucia.es\/iescarbulaweb\/files\/2024\/06\/IMG-20240426-WA0003-Vicedireccion-IES-Carbula-480x360.jpg 480w\" sizes=\"(min-width: 0px) and (max-width: 480px) 480px, (min-width: 481px) and (max-width: 980px) 980px, (min-width: 981px) 1024px, 100vw\" \/><\/a><\/td>\n<\/tr>\n<tr>\n<td style=\"width: 33.3333%\"><a href=\"https:\/\/blogsaverroes.juntadeandalucia.es\/iescarbulaweb\/files\/2024\/06\/IMG-20240426-WA0006-Vicedireccion-IES-Carbula.jpg\"><img loading=\"lazy\" decoding=\"async\" class=\"aligncenter wp-image-6545 size-large\" src=\"https:\/\/blogsaverroes.juntadeandalucia.es\/iescarbulaweb\/files\/2024\/06\/IMG-20240426-WA0006-Vicedireccion-IES-Carbula-1024x768.jpg\" alt=\"\" width=\"1024\" height=\"768\" srcset=\"https:\/\/blogsaverroes.juntadeandalucia.es\/iescarbulaweb\/files\/2024\/06\/IMG-20240426-WA0006-Vicedireccion-IES-Carbula-980x735.jpg 980w, https:\/\/blogsaverroes.juntadeandalucia.es\/iescarbulaweb\/files\/2024\/06\/IMG-20240426-WA0006-Vicedireccion-IES-Carbula-480x360.jpg 480w\" sizes=\"(min-width: 0px) and (max-width: 480px) 480px, (min-width: 481px) and (max-width: 980px) 980px, (min-width: 981px) 1024px, 100vw\" \/><\/a><\/td>\n<td style=\"width: 33.3333%\"><a href=\"https:\/\/blogsaverroes.juntadeandalucia.es\/iescarbulaweb\/files\/2024\/06\/IMG-20240426-WA0005-Vicedireccion-IES-Carbula.jpg\"><img loading=\"lazy\" decoding=\"async\" class=\"aligncenter wp-image-6544 size-medium\" src=\"https:\/\/blogsaverroes.juntadeandalucia.es\/iescarbulaweb\/files\/2024\/06\/IMG-20240426-WA0005-Vicedireccion-IES-Carbula-300x225.jpg\" alt=\"\" width=\"300\" height=\"225\"><\/a><\/td>\n<td style=\"width: 33.3333%\">&nbsp;<\/td>\n<\/tr>\n<\/tbody>\n<\/table>\n<p><span data-sheets-root=\"1\" data-sheets-value=\"{&quot;1&quot;:2,&quot;2&quot;:&quot;El profesorado de Matem\u00e1ticas de Bachillerato ha llevado a la XXVII Gymkhana Matem\u00e1tica por C\u00f3rdoba a 6 equipos y 2 controladoras (que ejercieron tu tarea en el IAJ), gracias a la participaci\u00f3n en la formaci\u00f3n de los profesores *Mayte Siles*, *Jose Antonio Martinez* y *Gloria Boda*.\\nEl alumnado vivio una jornada l\u00fadica en la que realizaron problemas usando elementos de la ciudad, de su arquitectura, patrimonio, decoraci\u00f3n, ...\\n*Felicidades a todo el alumnado participante*&quot;}\" data-sheets-userformat=\"{&quot;2&quot;:513,&quot;3&quot;:{&quot;1&quot;:0},&quot;12&quot;:0}\">El profesorado de Matem\u00e1ticas de Bachillerato ha llevado a la XXVII Gymkhana Matem\u00e1tica por C\u00f3rdoba a 6 equipos y 2 controladoras (que ejercieron tu tarea en el IAJ), gracias a la participaci\u00f3n en la formaci\u00f3n de los profesores <strong>Mayte Siles<\/strong>, <strong>Jose Antonio Martinez<\/strong> y <strong>Gloria Boda<\/strong>.<br \/>\nEl alumnado vivio una jornada l\u00fadica en la que realizaron problemas usando elementos de la ciudad, de su arquitectura, patrimonio, decoraci\u00f3n, &#8230;<br \/>\n*Felicidades a todo el alumnado participante*<\/span><\/p>\n","protected":false},"excerpt":{"rendered":"<p>&nbsp; El profesorado de Matem\u00e1ticas de Bachillerato ha llevado a la XXVII Gymkhana Matem\u00e1tica por C\u00f3rdoba a 6 equipos y 2 controladoras (que ejercieron tu tarea en el IAJ), gracias a la participaci\u00f3n en la formaci\u00f3n de los profesores Mayte Siles, Jose Antonio Martinez y Gloria Boda. El alumnado vivio una jornada l\u00fadica en la [&hellip;]<\/p>\n","protected":false},"author":3731,"featured_media":6540,"comment_status":"closed","ping_status":"open","sticky":false,"template":"","format":"standard","meta":{"_et_pb_use_builder":"","_et_pb_old_content":"","_et_gb_content_width":"","ngg_post_thumbnail":0,"footnotes":""},"categories":[125,45,177,178,36],"tags":[],"aioseo_notices":[],"_links":{"self":[{"href":"https:\/\/blogsaverroes.juntadeandalucia.es\/iescarbulaweb\/wp-json\/wp\/v2\/posts\/6539"}],"collection":[{"href":"https:\/\/blogsaverroes.juntadeandalucia.es\/iescarbulaweb\/wp-json\/wp\/v2\/posts"}],"about":[{"href":"https:\/\/blogsaverroes.juntadeandalucia.es\/iescarbulaweb\/wp-json\/wp\/v2\/types\/post"}],"author":[{"embeddable":true,"href":"https:\/\/blogsaverroes.juntadeandalucia.es\/iescarbulaweb\/wp-json\/wp\/v2\/users\/3731"}],"replies":[{"embeddable":true,"href":"https:\/\/blogsaverroes.juntadeandalucia.es\/iescarbulaweb\/wp-json\/wp\/v2\/comments?post=6539"}],"version-history":[{"count":1,"href":"https:\/\/blogsaverroes.juntadeandalucia.es\/iescarbulaweb\/wp-json\/wp\/v2\/posts\/6539\/revisions"}],"predecessor-version":[{"id":6546,"href":"https:\/\/blogsaverroes.juntadeandalucia.es\/iescarbulaweb\/wp-json\/wp\/v2\/posts\/6539\/revisions\/6546"}],"wp:featuredmedia":[{"embeddable":true,"href":"https:\/\/blogsaverroes.juntadeandalucia.es\/iescarbulaweb\/wp-json\/wp\/v2\/media\/6540"}],"wp:attachment":[{"href":"https:\/\/blogsaverroes.juntadeandalucia.es\/iescarbulaweb\/wp-json\/wp\/v2\/media?parent=6539"}],"wp:term":[{"taxonomy":"category","embeddable":true,"href":"https:\/\/blogsaverroes.juntadeandalucia.es\/iescarbulaweb\/wp-json\/wp\/v2\/categories?post=6539"},{"taxonomy":"post_tag","embeddable":true,"href":"https:\/\/blogsaverroes.juntadeandalucia.es\/iescarbulaweb\/wp-json\/wp\/v2\/tags?post=6539"}],"curies":[{"name":"wp","href":"https:\/\/api.w.org\/{rel}","templated":true}]}}