{"id":6597,"date":"2024-06-27T15:54:02","date_gmt":"2024-06-27T14:54:02","guid":{"rendered":"https:\/\/blogsaverroes.juntadeandalucia.es\/iescarbulaweb\/?p=6597"},"modified":"2024-07-02T15:58:47","modified_gmt":"2024-07-02T14:58:47","slug":"6597-2","status":"publish","type":"post","link":"https:\/\/blogsaverroes.juntadeandalucia.es\/iescarbulaweb\/6597-2\/","title":{"rendered":"Profesorado Visitante en EE.UU"},"content":{"rendered":"<p>Este curso 2023-2024 el IES C\u00e1rbula se despide por una breve temporada del profesor del Departamento de Idiomas Andr\u00e9s Jim\u00e9nez Llorens, que formar\u00e1 parte del Programa de profesorado visitante en Estados Unidos del Ministerio de Educaci\u00f3n y se desplaza a Galveston, Texas para desempe\u00f1ar su labor como profesorado biling\u00fce de Lectura y Ciencias Sociales en un centro educativo estadounidense. Le deseamos lo mejor en esta nueva etapa y que a su retorno comparta con nosotros nuevas formas de ense\u00f1ar y ver el mundo. \u00a1Feliz estancia, Andr\u00e9s!<\/p>\n","protected":false},"excerpt":{"rendered":"<p>Este curso 2023-2024 el IES C\u00e1rbula se despide por una breve temporada del profesor del Departamento de Idiomas Andr\u00e9s Jim\u00e9nez Llorens, que formar\u00e1 parte del Programa de profesorado visitante en Estados Unidos del Ministerio de Educaci\u00f3n y se desplaza a Galveston, Texas para desempe\u00f1ar su labor como profesorado biling\u00fce de Lectura y Ciencias Sociales en [&hellip;]<\/p>\n","protected":false},"author":3731,"featured_media":6598,"comment_status":"closed","ping_status":"open","sticky":false,"template":"","format":"standard","meta":{"_et_pb_use_builder":"","_et_pb_old_content":"","_et_gb_content_width":"","ngg_post_thumbnail":0,"footnotes":""},"categories":[125,13],"tags":[],"aioseo_notices":[],"_links":{"self":[{"href":"https:\/\/blogsaverroes.juntadeandalucia.es\/iescarbulaweb\/wp-json\/wp\/v2\/posts\/6597"}],"collection":[{"href":"https:\/\/blogsaverroes.juntadeandalucia.es\/iescarbulaweb\/wp-json\/wp\/v2\/posts"}],"about":[{"href":"https:\/\/blogsaverroes.juntadeandalucia.es\/iescarbulaweb\/wp-json\/wp\/v2\/types\/post"}],"author":[{"embeddable":true,"href":"https:\/\/blogsaverroes.juntadeandalucia.es\/iescarbulaweb\/wp-json\/wp\/v2\/users\/3731"}],"replies":[{"embeddable":true,"href":"https:\/\/blogsaverroes.juntadeandalucia.es\/iescarbulaweb\/wp-json\/wp\/v2\/comments?post=6597"}],"version-history":[{"count":2,"href":"https:\/\/blogsaverroes.juntadeandalucia.es\/iescarbulaweb\/wp-json\/wp\/v2\/posts\/6597\/revisions"}],"predecessor-version":[{"id":6600,"href":"https:\/\/blogsaverroes.juntadeandalucia.es\/iescarbulaweb\/wp-json\/wp\/v2\/posts\/6597\/revisions\/6600"}],"wp:featuredmedia":[{"embeddable":true,"href":"https:\/\/blogsaverroes.juntadeandalucia.es\/iescarbulaweb\/wp-json\/wp\/v2\/media\/6598"}],"wp:attachment":[{"href":"https:\/\/blogsaverroes.juntadeandalucia.es\/iescarbulaweb\/wp-json\/wp\/v2\/media?parent=6597"}],"wp:term":[{"taxonomy":"category","embeddable":true,"href":"https:\/\/blogsaverroes.juntadeandalucia.es\/iescarbulaweb\/wp-json\/wp\/v2\/categories?post=6597"},{"taxonomy":"post_tag","embeddable":true,"href":"https:\/\/blogsaverroes.juntadeandalucia.es\/iescarbulaweb\/wp-json\/wp\/v2\/tags?post=6597"}],"curies":[{"name":"wp","href":"https:\/\/api.w.org\/{rel}","templated":true}]}}