{"id":7411,"date":"2025-12-19T13:30:49","date_gmt":"2025-12-19T12:30:49","guid":{"rendered":"https:\/\/blogsaverroes.juntadeandalucia.es\/iescarbulaweb\/?p=7411"},"modified":"2026-02-13T10:06:01","modified_gmt":"2026-02-13T09:06:01","slug":"no2-del-periodico-escolar-carbula-news","status":"publish","type":"post","link":"https:\/\/blogsaverroes.juntadeandalucia.es\/iescarbulaweb\/no2-del-periodico-escolar-carbula-news\/","title":{"rendered":"N\u00ba2 del peri\u00f3dico escolar Carbula News"},"content":{"rendered":"<p>\u00a1Ya se ha publicado la 2\u00aa edici\u00f3n del Peri\u00f3dico Escolar del IES C\u00e1rbula!<\/p>\n<p>Puedes consultarlo en el siguiente enlace: <a href=\"https:\/\/www.calameo.com\/books\/0080298156629d6cb6678\">https:\/\/www.calameo.com\/books\/0080298156629d6cb6678<\/a><\/p>\n<div style=\"text-align: center\">\n<p>&nbsp;<\/p>\n<div style=\"text-align: center\">\n<div style=\"margin: 8px 0px 4px\"><a href=\"https:\/\/www.calameo.com\/books\/0080298156629d6cb6678\" target=\"_blank\" rel=\"noopener\">C\u00e1rbula News N\u00famero 2 Trimestre 1 Compressed<\/a><\/div>\n<p><iframe loading=\"lazy\" src=\"\/\/v.calameo.com\/?bkcode=0080298156629d6cb6678\" width=\"300\" height=\"194\" frameborder=\"0\" scrolling=\"no\"><\/iframe><\/p>\n<div style=\"margin: 4px 0px 8px\"><a href=\"http:\/\/www.calameo.com\/\">Publish at Calameo<\/a><\/div>\n<\/div>\n<\/div>\n","protected":false},"excerpt":{"rendered":"<p>\u00a1Ya se ha publicado la 2\u00aa edici\u00f3n del Peri\u00f3dico Escolar del IES C\u00e1rbula! Puedes consultarlo en el siguiente enlace: https:\/\/www.calameo.com\/books\/0080298156629d6cb6678 &nbsp; C\u00e1rbula News N\u00famero 2 Trimestre 1 Compressed Publish at Calameo<\/p>\n","protected":false},"author":3731,"featured_media":7413,"comment_status":"closed","ping_status":"open","sticky":false,"template":"","format":"standard","meta":{"_et_pb_use_builder":"","_et_pb_old_content":"","_et_gb_content_width":"","ngg_post_thumbnail":0,"footnotes":""},"categories":[193,194],"tags":[],"aioseo_notices":[],"_links":{"self":[{"href":"https:\/\/blogsaverroes.juntadeandalucia.es\/iescarbulaweb\/wp-json\/wp\/v2\/posts\/7411"}],"collection":[{"href":"https:\/\/blogsaverroes.juntadeandalucia.es\/iescarbulaweb\/wp-json\/wp\/v2\/posts"}],"about":[{"href":"https:\/\/blogsaverroes.juntadeandalucia.es\/iescarbulaweb\/wp-json\/wp\/v2\/types\/post"}],"author":[{"embeddable":true,"href":"https:\/\/blogsaverroes.juntadeandalucia.es\/iescarbulaweb\/wp-json\/wp\/v2\/users\/3731"}],"replies":[{"embeddable":true,"href":"https:\/\/blogsaverroes.juntadeandalucia.es\/iescarbulaweb\/wp-json\/wp\/v2\/comments?post=7411"}],"version-history":[{"count":1,"href":"https:\/\/blogsaverroes.juntadeandalucia.es\/iescarbulaweb\/wp-json\/wp\/v2\/posts\/7411\/revisions"}],"predecessor-version":[{"id":7412,"href":"https:\/\/blogsaverroes.juntadeandalucia.es\/iescarbulaweb\/wp-json\/wp\/v2\/posts\/7411\/revisions\/7412"}],"wp:featuredmedia":[{"embeddable":true,"href":"https:\/\/blogsaverroes.juntadeandalucia.es\/iescarbulaweb\/wp-json\/wp\/v2\/media\/7413"}],"wp:attachment":[{"href":"https:\/\/blogsaverroes.juntadeandalucia.es\/iescarbulaweb\/wp-json\/wp\/v2\/media?parent=7411"}],"wp:term":[{"taxonomy":"category","embeddable":true,"href":"https:\/\/blogsaverroes.juntadeandalucia.es\/iescarbulaweb\/wp-json\/wp\/v2\/categories?post=7411"},{"taxonomy":"post_tag","embeddable":true,"href":"https:\/\/blogsaverroes.juntadeandalucia.es\/iescarbulaweb\/wp-json\/wp\/v2\/tags?post=7411"}],"curies":[{"name":"wp","href":"https:\/\/api.w.org\/{rel}","templated":true}]}}