{"id":2504,"date":"2016-04-28T10:09:36","date_gmt":"2016-04-28T10:09:36","guid":{"rendered":"http:\/\/blogsaverroes.juntadeandalucia.es\/iescarlinda\/?p=2504"},"modified":"2016-05-12T07:49:15","modified_gmt":"2016-05-12T07:49:15","slug":"dia-del-libro","status":"publish","type":"post","link":"https:\/\/blogsaverroes.juntadeandalucia.es\/iescarlinda\/dia-del-libro\/","title":{"rendered":"D\u00eda del libro"},"content":{"rendered":"<p>Como todos los a\u00f1os el d\u00eda 23 de abril celebramos el d\u00eda del libro, pero este curso lo hacemos con m\u00e1s entusiasmo y ah\u00ednco al coincidir con el IV centenario de la muerte de Cervantes.<\/p>\n<p><a href=\"http:\/\/blogsaverroes.juntadeandalucia.es\/iescarlinda\/files\/2016\/04\/FullSizeRender-1.jpg\"><img loading=\"lazy\" decoding=\"async\" class=\"alignnone size-full wp-image-2508\" src=\"http:\/\/blogsaverroes.juntadeandalucia.es\/iescarlinda\/files\/2016\/04\/FullSizeRender-1.jpg\" alt=\"FullSizeRender (1)\" width=\"640\" height=\"532\" srcset=\"https:\/\/blogsaverroes.juntadeandalucia.es\/iescarlinda\/files\/2016\/04\/FullSizeRender-1.jpg 640w, https:\/\/blogsaverroes.juntadeandalucia.es\/iescarlinda\/files\/2016\/04\/FullSizeRender-1-300x249.jpg 300w\" sizes=\"(max-width: 640px) 100vw, 640px\" \/><\/a><\/p>\n<p>Desde septiembre venimos trabajando distintas actividades con el alumnado y desarrollando un proyecto interdisciplinar denominado \u201cReciclando a don Quijote\u201d, que culminar\u00e1 al finalizar el curso escolar.<\/p>\n<p><img loading=\"lazy\" decoding=\"async\" class=\"alignnone size-full wp-image-2505\" src=\"http:\/\/blogsaverroes.juntadeandalucia.es\/iescarlinda\/files\/2016\/04\/FullSizeRender.jpg\" alt=\"FullSizeRender\" width=\"640\" height=\"474\" srcset=\"https:\/\/blogsaverroes.juntadeandalucia.es\/iescarlinda\/files\/2016\/04\/FullSizeRender.jpg 640w, https:\/\/blogsaverroes.juntadeandalucia.es\/iescarlinda\/files\/2016\/04\/FullSizeRender-300x222.jpg 300w\" sizes=\"(max-width: 640px) 100vw, 640px\" \/><\/p>\n<p>Hemos convocado el IV Concurso de marca p\u00e1ginas con el tema \u201cDon Quijote y su mundo\u201d.<\/p>\n<p><a href=\"http:\/\/blogsaverroes.juntadeandalucia.es\/iescarlinda\/files\/2016\/04\/IMG_9827.jpg\"><img loading=\"lazy\" decoding=\"async\" class=\"alignnone size-full wp-image-2506\" src=\"http:\/\/blogsaverroes.juntadeandalucia.es\/iescarlinda\/files\/2016\/04\/IMG_9827.jpg\" alt=\"IMG_9827\" width=\"1600\" height=\"898\" srcset=\"https:\/\/blogsaverroes.juntadeandalucia.es\/iescarlinda\/files\/2016\/04\/IMG_9827.jpg 1600w, https:\/\/blogsaverroes.juntadeandalucia.es\/iescarlinda\/files\/2016\/04\/IMG_9827-300x168.jpg 300w, https:\/\/blogsaverroes.juntadeandalucia.es\/iescarlinda\/files\/2016\/04\/IMG_9827-1024x575.jpg 1024w, https:\/\/blogsaverroes.juntadeandalucia.es\/iescarlinda\/files\/2016\/04\/IMG_9827-700x393.jpg 700w\" sizes=\"(max-width: 1600px) 100vw, 1600px\" \/><\/a><\/p>\n<p><a href=\"http:\/\/blogsaverroes.juntadeandalucia.es\/iescarlinda\/files\/2016\/04\/IMG_9822.jpg\"><img loading=\"lazy\" decoding=\"async\" class=\"alignnone size-full wp-image-2507\" src=\"http:\/\/blogsaverroes.juntadeandalucia.es\/iescarlinda\/files\/2016\/04\/IMG_9822.jpg\" alt=\"IMG_9822\" width=\"898\" height=\"1600\" srcset=\"https:\/\/blogsaverroes.juntadeandalucia.es\/iescarlinda\/files\/2016\/04\/IMG_9822.jpg 898w, https:\/\/blogsaverroes.juntadeandalucia.es\/iescarlinda\/files\/2016\/04\/IMG_9822-168x300.jpg 168w, https:\/\/blogsaverroes.juntadeandalucia.es\/iescarlinda\/files\/2016\/04\/IMG_9822-575x1024.jpg 575w, https:\/\/blogsaverroes.juntadeandalucia.es\/iescarlinda\/files\/2016\/04\/IMG_9822-700x1247.jpg 700w\" sizes=\"(max-width: 898px) 100vw, 898px\" \/><\/a><\/p>\n<p>El departamento de Lengua castellana\u00a0 y Literatura, el departamento de Educaci\u00f3n Pl\u00e1stica y audiovisual \u00a0y la Biblioteca del IES Carlinda invitan a toda la comunidad educativa a disfrutar de un rinc\u00f3n cervantino y quijotesco en la entrada a nuestro centro.<\/p>\n<p>Es un momento para la emoci\u00f3n y la admiraci\u00f3n hacia Cervantes y su obra.<\/p>\n","protected":false},"excerpt":{"rendered":"<p>Como todos los a\u00f1os el d\u00eda 23 de abril celebramos el d\u00eda del libro, pero este curso lo hacemos con m\u00e1s entusiasmo y ah\u00ednco al coincidir con el IV centenario de la muerte de Cervantes. Desde septiembre venimos trabajando distintas actividades con el alumnado y desarrollando un proyecto interdisciplinar denominado \u201cReciclando a don Quijote\u201d, que &hellip; <\/p>\n<p><a class=\"more-link btn\" href=\"https:\/\/blogsaverroes.juntadeandalucia.es\/iescarlinda\/dia-del-libro\/\">Seguir leyendo<\/a><\/p>\n","protected":false},"author":2005,"featured_media":0,"comment_status":"open","ping_status":"open","sticky":false,"template":"","format":"standard","meta":{"ngg_post_thumbnail":0,"footnotes":""},"categories":[11909],"tags":[],"aioseo_notices":[],"_links":{"self":[{"href":"https:\/\/blogsaverroes.juntadeandalucia.es\/iescarlinda\/wp-json\/wp\/v2\/posts\/2504"}],"collection":[{"href":"https:\/\/blogsaverroes.juntadeandalucia.es\/iescarlinda\/wp-json\/wp\/v2\/posts"}],"about":[{"href":"https:\/\/blogsaverroes.juntadeandalucia.es\/iescarlinda\/wp-json\/wp\/v2\/types\/post"}],"author":[{"embeddable":true,"href":"https:\/\/blogsaverroes.juntadeandalucia.es\/iescarlinda\/wp-json\/wp\/v2\/users\/2005"}],"replies":[{"embeddable":true,"href":"https:\/\/blogsaverroes.juntadeandalucia.es\/iescarlinda\/wp-json\/wp\/v2\/comments?post=2504"}],"version-history":[{"count":3,"href":"https:\/\/blogsaverroes.juntadeandalucia.es\/iescarlinda\/wp-json\/wp\/v2\/posts\/2504\/revisions"}],"predecessor-version":[{"id":2527,"href":"https:\/\/blogsaverroes.juntadeandalucia.es\/iescarlinda\/wp-json\/wp\/v2\/posts\/2504\/revisions\/2527"}],"wp:attachment":[{"href":"https:\/\/blogsaverroes.juntadeandalucia.es\/iescarlinda\/wp-json\/wp\/v2\/media?parent=2504"}],"wp:term":[{"taxonomy":"category","embeddable":true,"href":"https:\/\/blogsaverroes.juntadeandalucia.es\/iescarlinda\/wp-json\/wp\/v2\/categories?post=2504"},{"taxonomy":"post_tag","embeddable":true,"href":"https:\/\/blogsaverroes.juntadeandalucia.es\/iescarlinda\/wp-json\/wp\/v2\/tags?post=2504"}],"curies":[{"name":"wp","href":"https:\/\/api.w.org\/{rel}","templated":true}]}}