{"id":3047,"date":"2019-02-15T16:37:33","date_gmt":"2019-02-15T16:37:33","guid":{"rendered":"https:\/\/blogsaverroes.juntadeandalucia.es\/iescarlinda\/?p=3047"},"modified":"2019-02-15T16:38:08","modified_gmt":"2019-02-15T16:38:08","slug":"3047-2","status":"publish","type":"post","link":"https:\/\/blogsaverroes.juntadeandalucia.es\/iescarlinda\/3047-2\/","title":{"rendered":"Visita del Centro Principia"},"content":{"rendered":"<p>Este martes 12 de febrero a cuarta hora, el Centro Principia visit\u00f3 el laboratorio de ciencias para ensalzar el d\u00eda de la mujer y la ni\u00f1a en la ciencia.<\/p>\n<p><a href=\"https:\/\/blogsaverroes.juntadeandalucia.es\/iescarlinda\/files\/2019\/02\/IMG-20190215-WA0004.jpg\"><img loading=\"lazy\" decoding=\"async\" src=\"https:\/\/blogsaverroes.juntadeandalucia.es\/iescarlinda\/files\/2019\/02\/IMG-20190215-WA0004.jpg\" alt=\"\" width=\"1600\" height=\"1200\" class=\"alignnone size-full wp-image-3048\" srcset=\"https:\/\/blogsaverroes.juntadeandalucia.es\/iescarlinda\/files\/2019\/02\/IMG-20190215-WA0004.jpg 1600w, https:\/\/blogsaverroes.juntadeandalucia.es\/iescarlinda\/files\/2019\/02\/IMG-20190215-WA0004-300x225.jpg 300w, https:\/\/blogsaverroes.juntadeandalucia.es\/iescarlinda\/files\/2019\/02\/IMG-20190215-WA0004-768x576.jpg 768w, https:\/\/blogsaverroes.juntadeandalucia.es\/iescarlinda\/files\/2019\/02\/IMG-20190215-WA0004-1024x768.jpg 1024w, https:\/\/blogsaverroes.juntadeandalucia.es\/iescarlinda\/files\/2019\/02\/IMG-20190215-WA0004-700x525.jpg 700w, https:\/\/blogsaverroes.juntadeandalucia.es\/iescarlinda\/files\/2019\/02\/IMG-20190215-WA0004-24x18.jpg 24w, https:\/\/blogsaverroes.juntadeandalucia.es\/iescarlinda\/files\/2019\/02\/IMG-20190215-WA0004-36x27.jpg 36w, https:\/\/blogsaverroes.juntadeandalucia.es\/iescarlinda\/files\/2019\/02\/IMG-20190215-WA0004-48x36.jpg 48w\" sizes=\"(max-width: 1600px) 100vw, 1600px\" \/><\/a><\/p>\n<p><a href=\"https:\/\/blogsaverroes.juntadeandalucia.es\/iescarlinda\/files\/2019\/02\/IMG-20190215-WA0003.jpg\"><img loading=\"lazy\" decoding=\"async\" src=\"https:\/\/blogsaverroes.juntadeandalucia.es\/iescarlinda\/files\/2019\/02\/IMG-20190215-WA0003.jpg\" alt=\"\" width=\"1600\" height=\"1200\" class=\"alignnone size-full wp-image-3050\" srcset=\"https:\/\/blogsaverroes.juntadeandalucia.es\/iescarlinda\/files\/2019\/02\/IMG-20190215-WA0003.jpg 1600w, https:\/\/blogsaverroes.juntadeandalucia.es\/iescarlinda\/files\/2019\/02\/IMG-20190215-WA0003-300x225.jpg 300w, https:\/\/blogsaverroes.juntadeandalucia.es\/iescarlinda\/files\/2019\/02\/IMG-20190215-WA0003-768x576.jpg 768w, https:\/\/blogsaverroes.juntadeandalucia.es\/iescarlinda\/files\/2019\/02\/IMG-20190215-WA0003-1024x768.jpg 1024w, https:\/\/blogsaverroes.juntadeandalucia.es\/iescarlinda\/files\/2019\/02\/IMG-20190215-WA0003-700x525.jpg 700w, https:\/\/blogsaverroes.juntadeandalucia.es\/iescarlinda\/files\/2019\/02\/IMG-20190215-WA0003-24x18.jpg 24w, https:\/\/blogsaverroes.juntadeandalucia.es\/iescarlinda\/files\/2019\/02\/IMG-20190215-WA0003-36x27.jpg 36w, https:\/\/blogsaverroes.juntadeandalucia.es\/iescarlinda\/files\/2019\/02\/IMG-20190215-WA0003-48x36.jpg 48w\" sizes=\"(max-width: 1600px) 100vw, 1600px\" \/><\/a><\/p>\n","protected":false},"excerpt":{"rendered":"<p>Este martes 12 de febrero a cuarta hora, el Centro Principia visit\u00f3 el laboratorio de ciencias para ensalzar el d\u00eda de la mujer y la ni\u00f1a en la ciencia.<\/p>\n","protected":false},"author":2005,"featured_media":3048,"comment_status":"open","ping_status":"open","sticky":false,"template":"","format":"standard","meta":{"ngg_post_thumbnail":0,"footnotes":""},"categories":[11909],"tags":[],"aioseo_notices":[],"_links":{"self":[{"href":"https:\/\/blogsaverroes.juntadeandalucia.es\/iescarlinda\/wp-json\/wp\/v2\/posts\/3047"}],"collection":[{"href":"https:\/\/blogsaverroes.juntadeandalucia.es\/iescarlinda\/wp-json\/wp\/v2\/posts"}],"about":[{"href":"https:\/\/blogsaverroes.juntadeandalucia.es\/iescarlinda\/wp-json\/wp\/v2\/types\/post"}],"author":[{"embeddable":true,"href":"https:\/\/blogsaverroes.juntadeandalucia.es\/iescarlinda\/wp-json\/wp\/v2\/users\/2005"}],"replies":[{"embeddable":true,"href":"https:\/\/blogsaverroes.juntadeandalucia.es\/iescarlinda\/wp-json\/wp\/v2\/comments?post=3047"}],"version-history":[{"count":2,"href":"https:\/\/blogsaverroes.juntadeandalucia.es\/iescarlinda\/wp-json\/wp\/v2\/posts\/3047\/revisions"}],"predecessor-version":[{"id":3051,"href":"https:\/\/blogsaverroes.juntadeandalucia.es\/iescarlinda\/wp-json\/wp\/v2\/posts\/3047\/revisions\/3051"}],"wp:featuredmedia":[{"embeddable":true,"href":"https:\/\/blogsaverroes.juntadeandalucia.es\/iescarlinda\/wp-json\/wp\/v2\/media\/3048"}],"wp:attachment":[{"href":"https:\/\/blogsaverroes.juntadeandalucia.es\/iescarlinda\/wp-json\/wp\/v2\/media?parent=3047"}],"wp:term":[{"taxonomy":"category","embeddable":true,"href":"https:\/\/blogsaverroes.juntadeandalucia.es\/iescarlinda\/wp-json\/wp\/v2\/categories?post=3047"},{"taxonomy":"post_tag","embeddable":true,"href":"https:\/\/blogsaverroes.juntadeandalucia.es\/iescarlinda\/wp-json\/wp\/v2\/tags?post=3047"}],"curies":[{"name":"wp","href":"https:\/\/api.w.org\/{rel}","templated":true}]}}