{"id":3195,"date":"2019-04-29T11:37:57","date_gmt":"2019-04-29T11:37:57","guid":{"rendered":"https:\/\/blogsaverroes.juntadeandalucia.es\/iescarlinda\/?p=3195"},"modified":"2019-04-29T11:37:57","modified_gmt":"2019-04-29T11:37:57","slug":"reli-libro","status":"publish","type":"post","link":"https:\/\/blogsaverroes.juntadeandalucia.es\/iescarlinda\/reli-libro\/","title":{"rendered":"Reli Libro"},"content":{"rendered":"<p>El alumnado de Religi\u00f3n Cat\u00f3lica ha disfrutado de la preciosa exposici\u00f3n de nuestra Biblioteca y ha celebrado tambi\u00e9n el D\u00eda del Libro 2019.<\/p>\n<p><a href=\"https:\/\/blogsaverroes.juntadeandalucia.es\/iescarlinda\/files\/2019\/04\/IMG-20190427-WA0041.jpg\"><img loading=\"lazy\" decoding=\"async\" src=\"https:\/\/blogsaverroes.juntadeandalucia.es\/iescarlinda\/files\/2019\/04\/IMG-20190427-WA0041.jpg\" alt=\"\" width=\"1024\" height=\"768\" class=\"alignnone size-full wp-image-3196\" srcset=\"https:\/\/blogsaverroes.juntadeandalucia.es\/iescarlinda\/files\/2019\/04\/IMG-20190427-WA0041.jpg 1024w, https:\/\/blogsaverroes.juntadeandalucia.es\/iescarlinda\/files\/2019\/04\/IMG-20190427-WA0041-300x225.jpg 300w, https:\/\/blogsaverroes.juntadeandalucia.es\/iescarlinda\/files\/2019\/04\/IMG-20190427-WA0041-768x576.jpg 768w, https:\/\/blogsaverroes.juntadeandalucia.es\/iescarlinda\/files\/2019\/04\/IMG-20190427-WA0041-700x525.jpg 700w, https:\/\/blogsaverroes.juntadeandalucia.es\/iescarlinda\/files\/2019\/04\/IMG-20190427-WA0041-24x18.jpg 24w, https:\/\/blogsaverroes.juntadeandalucia.es\/iescarlinda\/files\/2019\/04\/IMG-20190427-WA0041-36x27.jpg 36w, https:\/\/blogsaverroes.juntadeandalucia.es\/iescarlinda\/files\/2019\/04\/IMG-20190427-WA0041-48x36.jpg 48w\" sizes=\"(max-width: 1024px) 100vw, 1024px\" \/><\/a><\/p>\n<p><a href=\"https:\/\/blogsaverroes.juntadeandalucia.es\/iescarlinda\/files\/2019\/04\/IMG-20190427-WA0044.jpg\"><img loading=\"lazy\" decoding=\"async\" src=\"https:\/\/blogsaverroes.juntadeandalucia.es\/iescarlinda\/files\/2019\/04\/IMG-20190427-WA0044.jpg\" alt=\"\" width=\"1024\" height=\"768\" class=\"alignnone size-full wp-image-3198\" srcset=\"https:\/\/blogsaverroes.juntadeandalucia.es\/iescarlinda\/files\/2019\/04\/IMG-20190427-WA0044.jpg 1024w, https:\/\/blogsaverroes.juntadeandalucia.es\/iescarlinda\/files\/2019\/04\/IMG-20190427-WA0044-300x225.jpg 300w, https:\/\/blogsaverroes.juntadeandalucia.es\/iescarlinda\/files\/2019\/04\/IMG-20190427-WA0044-768x576.jpg 768w, https:\/\/blogsaverroes.juntadeandalucia.es\/iescarlinda\/files\/2019\/04\/IMG-20190427-WA0044-700x525.jpg 700w, https:\/\/blogsaverroes.juntadeandalucia.es\/iescarlinda\/files\/2019\/04\/IMG-20190427-WA0044-24x18.jpg 24w, https:\/\/blogsaverroes.juntadeandalucia.es\/iescarlinda\/files\/2019\/04\/IMG-20190427-WA0044-36x27.jpg 36w, https:\/\/blogsaverroes.juntadeandalucia.es\/iescarlinda\/files\/2019\/04\/IMG-20190427-WA0044-48x36.jpg 48w\" sizes=\"(max-width: 1024px) 100vw, 1024px\" \/><\/a><\/p>\n<p><a href=\"https:\/\/blogsaverroes.juntadeandalucia.es\/iescarlinda\/files\/2019\/04\/IMG-20190427-WA0043.jpg\"><img loading=\"lazy\" decoding=\"async\" src=\"https:\/\/blogsaverroes.juntadeandalucia.es\/iescarlinda\/files\/2019\/04\/IMG-20190427-WA0043.jpg\" alt=\"\" width=\"1024\" height=\"768\" class=\"alignnone size-full wp-image-3200\" srcset=\"https:\/\/blogsaverroes.juntadeandalucia.es\/iescarlinda\/files\/2019\/04\/IMG-20190427-WA0043.jpg 1024w, https:\/\/blogsaverroes.juntadeandalucia.es\/iescarlinda\/files\/2019\/04\/IMG-20190427-WA0043-300x225.jpg 300w, https:\/\/blogsaverroes.juntadeandalucia.es\/iescarlinda\/files\/2019\/04\/IMG-20190427-WA0043-768x576.jpg 768w, https:\/\/blogsaverroes.juntadeandalucia.es\/iescarlinda\/files\/2019\/04\/IMG-20190427-WA0043-700x525.jpg 700w, https:\/\/blogsaverroes.juntadeandalucia.es\/iescarlinda\/files\/2019\/04\/IMG-20190427-WA0043-24x18.jpg 24w, https:\/\/blogsaverroes.juntadeandalucia.es\/iescarlinda\/files\/2019\/04\/IMG-20190427-WA0043-36x27.jpg 36w, https:\/\/blogsaverroes.juntadeandalucia.es\/iescarlinda\/files\/2019\/04\/IMG-20190427-WA0043-48x36.jpg 48w\" sizes=\"(max-width: 1024px) 100vw, 1024px\" \/><\/a><\/p>\n<p><a href=\"https:\/\/blogsaverroes.juntadeandalucia.es\/iescarlinda\/files\/2019\/04\/IMG-20190427-WA0042.jpg\"><img loading=\"lazy\" decoding=\"async\" src=\"https:\/\/blogsaverroes.juntadeandalucia.es\/iescarlinda\/files\/2019\/04\/IMG-20190427-WA0042.jpg\" alt=\"\" width=\"1024\" height=\"768\" class=\"alignnone size-full wp-image-3202\" srcset=\"https:\/\/blogsaverroes.juntadeandalucia.es\/iescarlinda\/files\/2019\/04\/IMG-20190427-WA0042.jpg 1024w, https:\/\/blogsaverroes.juntadeandalucia.es\/iescarlinda\/files\/2019\/04\/IMG-20190427-WA0042-300x225.jpg 300w, https:\/\/blogsaverroes.juntadeandalucia.es\/iescarlinda\/files\/2019\/04\/IMG-20190427-WA0042-768x576.jpg 768w, https:\/\/blogsaverroes.juntadeandalucia.es\/iescarlinda\/files\/2019\/04\/IMG-20190427-WA0042-700x525.jpg 700w, https:\/\/blogsaverroes.juntadeandalucia.es\/iescarlinda\/files\/2019\/04\/IMG-20190427-WA0042-24x18.jpg 24w, https:\/\/blogsaverroes.juntadeandalucia.es\/iescarlinda\/files\/2019\/04\/IMG-20190427-WA0042-36x27.jpg 36w, https:\/\/blogsaverroes.juntadeandalucia.es\/iescarlinda\/files\/2019\/04\/IMG-20190427-WA0042-48x36.jpg 48w\" sizes=\"(max-width: 1024px) 100vw, 1024px\" \/><\/a><\/p>\n","protected":false},"excerpt":{"rendered":"<p>El alumnado de Religi\u00f3n Cat\u00f3lica ha disfrutado de la preciosa exposici\u00f3n de nuestra Biblioteca y ha celebrado tambi\u00e9n el D\u00eda del Libro 2019.<\/p>\n","protected":false},"author":2005,"featured_media":3196,"comment_status":"open","ping_status":"open","sticky":false,"template":"","format":"standard","meta":{"ngg_post_thumbnail":0,"footnotes":""},"categories":[11909],"tags":[],"aioseo_notices":[],"_links":{"self":[{"href":"https:\/\/blogsaverroes.juntadeandalucia.es\/iescarlinda\/wp-json\/wp\/v2\/posts\/3195"}],"collection":[{"href":"https:\/\/blogsaverroes.juntadeandalucia.es\/iescarlinda\/wp-json\/wp\/v2\/posts"}],"about":[{"href":"https:\/\/blogsaverroes.juntadeandalucia.es\/iescarlinda\/wp-json\/wp\/v2\/types\/post"}],"author":[{"embeddable":true,"href":"https:\/\/blogsaverroes.juntadeandalucia.es\/iescarlinda\/wp-json\/wp\/v2\/users\/2005"}],"replies":[{"embeddable":true,"href":"https:\/\/blogsaverroes.juntadeandalucia.es\/iescarlinda\/wp-json\/wp\/v2\/comments?post=3195"}],"version-history":[{"count":4,"href":"https:\/\/blogsaverroes.juntadeandalucia.es\/iescarlinda\/wp-json\/wp\/v2\/posts\/3195\/revisions"}],"predecessor-version":[{"id":3203,"href":"https:\/\/blogsaverroes.juntadeandalucia.es\/iescarlinda\/wp-json\/wp\/v2\/posts\/3195\/revisions\/3203"}],"wp:featuredmedia":[{"embeddable":true,"href":"https:\/\/blogsaverroes.juntadeandalucia.es\/iescarlinda\/wp-json\/wp\/v2\/media\/3196"}],"wp:attachment":[{"href":"https:\/\/blogsaverroes.juntadeandalucia.es\/iescarlinda\/wp-json\/wp\/v2\/media?parent=3195"}],"wp:term":[{"taxonomy":"category","embeddable":true,"href":"https:\/\/blogsaverroes.juntadeandalucia.es\/iescarlinda\/wp-json\/wp\/v2\/categories?post=3195"},{"taxonomy":"post_tag","embeddable":true,"href":"https:\/\/blogsaverroes.juntadeandalucia.es\/iescarlinda\/wp-json\/wp\/v2\/tags?post=3195"}],"curies":[{"name":"wp","href":"https:\/\/api.w.org\/{rel}","templated":true}]}}