{"id":3741,"date":"2020-03-13T11:03:25","date_gmt":"2020-03-13T11:03:25","guid":{"rendered":"https:\/\/blogsaverroes.juntadeandalucia.es\/iescarlinda\/?p=3741"},"modified":"2020-03-13T12:55:45","modified_gmt":"2020-03-13T12:55:45","slug":"coronavirus","status":"publish","type":"post","link":"https:\/\/blogsaverroes.juntadeandalucia.es\/iescarlinda\/coronavirus\/","title":{"rendered":"CORONAVIRUS"},"content":{"rendered":"<p>Estimada comunidad educativa del IES Carlinda.<\/p>\n<p>Me dirijo a ustedes, con el fin de informarles que debido a los \u00faltimos acontecimientos sobre el coronavirus, la Junta de Andaluc\u00eda ha comunicado la <strong>suspensi\u00f3n de la actividad lectiva presencial a partir del pr\u00f3ximo lunes 16 hasta el 30 de marzo<\/strong>, a la espera de nuevas instrucciones.<\/p>\n<p>Esperando su colaboraci\u00f3n, recibid un cordial saludo.<\/p>\n<p><a href=\"https:\/\/blogsaverroes.juntadeandalucia.es\/iescarlinda\/files\/2020\/03\/BANNER_ATENCION_WEB.jpg\">El Equipo Directivo<\/a><\/p>\n<p><a href=\"https:\/\/blogsaverroes.juntadeandalucia.es\/iescarlinda\/files\/2020\/03\/BANNER_ATENCION_WEB.jpg\"><img loading=\"lazy\" decoding=\"async\" class=\"alignnone size-full wp-image-3742\" src=\"https:\/\/blogsaverroes.juntadeandalucia.es\/iescarlinda\/files\/2020\/03\/BANNER_ATENCION_WEB.jpg\" alt=\"\" width=\"730\" height=\"257\" srcset=\"https:\/\/blogsaverroes.juntadeandalucia.es\/iescarlinda\/files\/2020\/03\/BANNER_ATENCION_WEB.jpg 730w, https:\/\/blogsaverroes.juntadeandalucia.es\/iescarlinda\/files\/2020\/03\/BANNER_ATENCION_WEB-300x106.jpg 300w, https:\/\/blogsaverroes.juntadeandalucia.es\/iescarlinda\/files\/2020\/03\/BANNER_ATENCION_WEB-700x246.jpg 700w, https:\/\/blogsaverroes.juntadeandalucia.es\/iescarlinda\/files\/2020\/03\/BANNER_ATENCION_WEB-24x8.jpg 24w, https:\/\/blogsaverroes.juntadeandalucia.es\/iescarlinda\/files\/2020\/03\/BANNER_ATENCION_WEB-36x13.jpg 36w, https:\/\/blogsaverroes.juntadeandalucia.es\/iescarlinda\/files\/2020\/03\/BANNER_ATENCION_WEB-48x17.jpg 48w\" sizes=\"(max-width: 730px) 100vw, 730px\" \/><\/a><\/p>\n<p>&nbsp;<\/p>\n","protected":false},"excerpt":{"rendered":"<p>Estimada comunidad educativa del IES Carlinda. Me dirijo a ustedes, con el fin de informarles que debido a los \u00faltimos acontecimientos sobre el coronavirus, la Junta de Andaluc\u00eda ha comunicado la suspensi\u00f3n de la actividad lectiva presencial a partir del pr\u00f3ximo lunes 16 hasta el 30 de marzo, a la espera de nuevas instrucciones. Esperando &hellip; <\/p>\n<p><a class=\"more-link btn\" href=\"https:\/\/blogsaverroes.juntadeandalucia.es\/iescarlinda\/coronavirus\/\">Seguir leyendo<\/a><\/p>\n","protected":false},"author":2005,"featured_media":3742,"comment_status":"open","ping_status":"open","sticky":false,"template":"","format":"standard","meta":{"ngg_post_thumbnail":0,"footnotes":""},"categories":[11909],"tags":[],"aioseo_notices":[],"_links":{"self":[{"href":"https:\/\/blogsaverroes.juntadeandalucia.es\/iescarlinda\/wp-json\/wp\/v2\/posts\/3741"}],"collection":[{"href":"https:\/\/blogsaverroes.juntadeandalucia.es\/iescarlinda\/wp-json\/wp\/v2\/posts"}],"about":[{"href":"https:\/\/blogsaverroes.juntadeandalucia.es\/iescarlinda\/wp-json\/wp\/v2\/types\/post"}],"author":[{"embeddable":true,"href":"https:\/\/blogsaverroes.juntadeandalucia.es\/iescarlinda\/wp-json\/wp\/v2\/users\/2005"}],"replies":[{"embeddable":true,"href":"https:\/\/blogsaverroes.juntadeandalucia.es\/iescarlinda\/wp-json\/wp\/v2\/comments?post=3741"}],"version-history":[{"count":2,"href":"https:\/\/blogsaverroes.juntadeandalucia.es\/iescarlinda\/wp-json\/wp\/v2\/posts\/3741\/revisions"}],"predecessor-version":[{"id":3744,"href":"https:\/\/blogsaverroes.juntadeandalucia.es\/iescarlinda\/wp-json\/wp\/v2\/posts\/3741\/revisions\/3744"}],"wp:featuredmedia":[{"embeddable":true,"href":"https:\/\/blogsaverroes.juntadeandalucia.es\/iescarlinda\/wp-json\/wp\/v2\/media\/3742"}],"wp:attachment":[{"href":"https:\/\/blogsaverroes.juntadeandalucia.es\/iescarlinda\/wp-json\/wp\/v2\/media?parent=3741"}],"wp:term":[{"taxonomy":"category","embeddable":true,"href":"https:\/\/blogsaverroes.juntadeandalucia.es\/iescarlinda\/wp-json\/wp\/v2\/categories?post=3741"},{"taxonomy":"post_tag","embeddable":true,"href":"https:\/\/blogsaverroes.juntadeandalucia.es\/iescarlinda\/wp-json\/wp\/v2\/tags?post=3741"}],"curies":[{"name":"wp","href":"https:\/\/api.w.org\/{rel}","templated":true}]}}