{"id":4821,"date":"2023-06-10T08:29:20","date_gmt":"2023-06-10T08:29:20","guid":{"rendered":"https:\/\/blogsaverroes.juntadeandalucia.es\/iescarlinda\/?p=4821"},"modified":"2023-06-10T08:29:20","modified_gmt":"2023-06-10T08:29:20","slug":"programa-fenix","status":"publish","type":"post","link":"https:\/\/blogsaverroes.juntadeandalucia.es\/iescarlinda\/programa-fenix\/","title":{"rendered":"Programa F\u00e9nix"},"content":{"rendered":"<p>El IES Carlinda ha asistido a las Jornadas programadas dentro del Programa F\u00e9nix. Fue una ma\u00f1ana llena de posibilidades en las que descubrir que somos capaces de todo aquello que so\u00f1emos y de concienciarnos del enorme valor de sabernos acompa\u00f1ar bien la vida y escuchar los consejos de aquellos que lo lograron. Gracias a Berni y a Ofe por si testimonio y al ETPOEP por su apuesta por la equidad y la justicia social. Seguiremos resurgiendo como el Ave F\u00e9nix.<\/p>\n<p><a href=\"https:\/\/blogsaverroes.juntadeandalucia.es\/iescarlinda\/files\/2023\/06\/WhatsApp-Image-2023-06-09-at-09.42.13.jpeg\"><img loading=\"lazy\" decoding=\"async\" class=\"alignnone size-medium wp-image-4822\" src=\"https:\/\/blogsaverroes.juntadeandalucia.es\/iescarlinda\/files\/2023\/06\/WhatsApp-Image-2023-06-09-at-09.42.13-300x225.jpeg\" alt=\"\" width=\"300\" height=\"225\" srcset=\"https:\/\/blogsaverroes.juntadeandalucia.es\/iescarlinda\/files\/2023\/06\/WhatsApp-Image-2023-06-09-at-09.42.13-300x225.jpeg 300w, https:\/\/blogsaverroes.juntadeandalucia.es\/iescarlinda\/files\/2023\/06\/WhatsApp-Image-2023-06-09-at-09.42.13-1024x768.jpeg 1024w, https:\/\/blogsaverroes.juntadeandalucia.es\/iescarlinda\/files\/2023\/06\/WhatsApp-Image-2023-06-09-at-09.42.13-768x576.jpeg 768w, https:\/\/blogsaverroes.juntadeandalucia.es\/iescarlinda\/files\/2023\/06\/WhatsApp-Image-2023-06-09-at-09.42.13-1536x1152.jpeg 1536w, https:\/\/blogsaverroes.juntadeandalucia.es\/iescarlinda\/files\/2023\/06\/WhatsApp-Image-2023-06-09-at-09.42.13-700x525.jpeg 700w, https:\/\/blogsaverroes.juntadeandalucia.es\/iescarlinda\/files\/2023\/06\/WhatsApp-Image-2023-06-09-at-09.42.13.jpeg 1600w\" sizes=\"(max-width: 300px) 100vw, 300px\" \/><\/a><\/p>\n","protected":false},"excerpt":{"rendered":"<p>El IES Carlinda ha asistido a las Jornadas programadas dentro del Programa F\u00e9nix. Fue una ma\u00f1ana llena de posibilidades en las que descubrir que somos capaces de todo aquello que so\u00f1emos y de concienciarnos del enorme valor de sabernos acompa\u00f1ar bien la vida y escuchar los consejos de aquellos que lo lograron. Gracias a Berni &hellip; <\/p>\n<p><a class=\"more-link btn\" href=\"https:\/\/blogsaverroes.juntadeandalucia.es\/iescarlinda\/programa-fenix\/\">Seguir leyendo<\/a><\/p>\n","protected":false},"author":2005,"featured_media":4822,"comment_status":"open","ping_status":"open","sticky":false,"template":"","format":"standard","meta":{"ngg_post_thumbnail":0,"footnotes":""},"categories":[11909],"tags":[],"aioseo_notices":[],"_links":{"self":[{"href":"https:\/\/blogsaverroes.juntadeandalucia.es\/iescarlinda\/wp-json\/wp\/v2\/posts\/4821"}],"collection":[{"href":"https:\/\/blogsaverroes.juntadeandalucia.es\/iescarlinda\/wp-json\/wp\/v2\/posts"}],"about":[{"href":"https:\/\/blogsaverroes.juntadeandalucia.es\/iescarlinda\/wp-json\/wp\/v2\/types\/post"}],"author":[{"embeddable":true,"href":"https:\/\/blogsaverroes.juntadeandalucia.es\/iescarlinda\/wp-json\/wp\/v2\/users\/2005"}],"replies":[{"embeddable":true,"href":"https:\/\/blogsaverroes.juntadeandalucia.es\/iescarlinda\/wp-json\/wp\/v2\/comments?post=4821"}],"version-history":[{"count":2,"href":"https:\/\/blogsaverroes.juntadeandalucia.es\/iescarlinda\/wp-json\/wp\/v2\/posts\/4821\/revisions"}],"predecessor-version":[{"id":4824,"href":"https:\/\/blogsaverroes.juntadeandalucia.es\/iescarlinda\/wp-json\/wp\/v2\/posts\/4821\/revisions\/4824"}],"wp:featuredmedia":[{"embeddable":true,"href":"https:\/\/blogsaverroes.juntadeandalucia.es\/iescarlinda\/wp-json\/wp\/v2\/media\/4822"}],"wp:attachment":[{"href":"https:\/\/blogsaverroes.juntadeandalucia.es\/iescarlinda\/wp-json\/wp\/v2\/media?parent=4821"}],"wp:term":[{"taxonomy":"category","embeddable":true,"href":"https:\/\/blogsaverroes.juntadeandalucia.es\/iescarlinda\/wp-json\/wp\/v2\/categories?post=4821"},{"taxonomy":"post_tag","embeddable":true,"href":"https:\/\/blogsaverroes.juntadeandalucia.es\/iescarlinda\/wp-json\/wp\/v2\/tags?post=4821"}],"curies":[{"name":"wp","href":"https:\/\/api.w.org\/{rel}","templated":true}]}}