{"id":5240,"date":"2025-02-25T18:03:36","date_gmt":"2025-02-25T18:03:36","guid":{"rendered":"https:\/\/blogsaverroes.juntadeandalucia.es\/iescarlinda\/?p=5240"},"modified":"2025-02-25T18:03:36","modified_gmt":"2025-02-25T18:03:36","slug":"nueva-edicion-2024-25-de-la-revista-escolar-del-ies-carlinda-a-viva-voz","status":"publish","type":"post","link":"https:\/\/blogsaverroes.juntadeandalucia.es\/iescarlinda\/nueva-edicion-2024-25-de-la-revista-escolar-del-ies-carlinda-a-viva-voz\/","title":{"rendered":"Nueva edici\u00f3n 2024\/25 de la revista escolar del IES Carlinda \u00abA Viva Voz\u00bb"},"content":{"rendered":"<p>Publicamos la edici\u00f3n de Febrero 2025 de la revista del IES Carlinda \u00abA Viva Voz\u00bb. Esperamos que la disfrut\u00e9is:<br \/>\n<a href=\"https:\/\/blogsaverroes.juntadeandalucia.es\/iescarlinda\/files\/2025\/02\/revista-24-25-OK-.pdf\">Ver la revista aqu\u00ed.<\/a><\/p>\n<p>Tambi\u00e9n pod\u00e9is ver las <a href=\"https:\/\/blogsaverroes.juntadeandalucia.es\/iescarlinda\/periodico-a-viva-voz\/\">ediciones anteriores aqu\u00ed.<\/a><\/p>\n","protected":false},"excerpt":{"rendered":"<p>Publicamos la edici\u00f3n de Febrero 2025 de la revista del IES Carlinda \u00abA Viva Voz\u00bb. Esperamos que la disfrut\u00e9is: Ver la revista aqu\u00ed. Tambi\u00e9n pod\u00e9is ver las ediciones anteriores aqu\u00ed.<\/p>\n","protected":false},"author":2005,"featured_media":5236,"comment_status":"open","ping_status":"open","sticky":false,"template":"","format":"standard","meta":{"ngg_post_thumbnail":0,"footnotes":""},"categories":[11909],"tags":[],"aioseo_notices":[],"_links":{"self":[{"href":"https:\/\/blogsaverroes.juntadeandalucia.es\/iescarlinda\/wp-json\/wp\/v2\/posts\/5240"}],"collection":[{"href":"https:\/\/blogsaverroes.juntadeandalucia.es\/iescarlinda\/wp-json\/wp\/v2\/posts"}],"about":[{"href":"https:\/\/blogsaverroes.juntadeandalucia.es\/iescarlinda\/wp-json\/wp\/v2\/types\/post"}],"author":[{"embeddable":true,"href":"https:\/\/blogsaverroes.juntadeandalucia.es\/iescarlinda\/wp-json\/wp\/v2\/users\/2005"}],"replies":[{"embeddable":true,"href":"https:\/\/blogsaverroes.juntadeandalucia.es\/iescarlinda\/wp-json\/wp\/v2\/comments?post=5240"}],"version-history":[{"count":1,"href":"https:\/\/blogsaverroes.juntadeandalucia.es\/iescarlinda\/wp-json\/wp\/v2\/posts\/5240\/revisions"}],"predecessor-version":[{"id":5241,"href":"https:\/\/blogsaverroes.juntadeandalucia.es\/iescarlinda\/wp-json\/wp\/v2\/posts\/5240\/revisions\/5241"}],"wp:featuredmedia":[{"embeddable":true,"href":"https:\/\/blogsaverroes.juntadeandalucia.es\/iescarlinda\/wp-json\/wp\/v2\/media\/5236"}],"wp:attachment":[{"href":"https:\/\/blogsaverroes.juntadeandalucia.es\/iescarlinda\/wp-json\/wp\/v2\/media?parent=5240"}],"wp:term":[{"taxonomy":"category","embeddable":true,"href":"https:\/\/blogsaverroes.juntadeandalucia.es\/iescarlinda\/wp-json\/wp\/v2\/categories?post=5240"},{"taxonomy":"post_tag","embeddable":true,"href":"https:\/\/blogsaverroes.juntadeandalucia.es\/iescarlinda\/wp-json\/wp\/v2\/tags?post=5240"}],"curies":[{"name":"wp","href":"https:\/\/api.w.org\/{rel}","templated":true}]}}