{"id":2852,"date":"2020-01-16T13:42:52","date_gmt":"2020-01-16T12:42:52","guid":{"rendered":"https:\/\/blogsaverroes.juntadeandalucia.es\/iescasabermeja\/?p=2852"},"modified":"2020-01-16T13:43:38","modified_gmt":"2020-01-16T12:43:38","slug":"comenzamos-la-siembra","status":"publish","type":"post","link":"https:\/\/blogsaverroes.juntadeandalucia.es\/iescasabermeja\/comenzamos-la-siembra\/","title":{"rendered":"\u00a1Comenzamos la siembra!"},"content":{"rendered":"<p>Aunque a\u00fan no han llegado las lluvias, s\u00ed que han bajado las temperaturas. El huerto est\u00e1 preparado para sembrar los cultivos de invierno. Para los alumnos, es una actividad muy educativa, pues se observa todo el proceso de crecimiento. Nos enfrentamos a la inestabilidad del tiempo (fr\u00edo, heladas, barro de las lluvias, etc\u2026) pero esperamos tener una cosecha aceptable.<\/p>\n<p>Vamos a plantar: lechugas romanas inverna, cebollas tard\u00edas, rabanitos redondos, r\u00e1banos de Mallorca, guisantes e hierbabuena (Mar\u00eda, nuestra conserje nos ha tra\u00eddo\u2026) Algunos son un poco m\u00e1s complicados, pero son los m\u00e1s adecuados para el huerto escolar.<\/p>\n<p>Es importante la distancia de siembra y el tipo de siembra (voleo, directa&#8230;) dependiendo de las hortalizas, y en los tres bancales repartiremos las diferentes variedades. Los surcos nos ayudar\u00e1n al riego, y tambi\u00e9n hemos pensado en que los p\u00e1jaros y otros seres vivos pueden da\u00f1ar la plantaci\u00f3n, por lo que intentaremos tener algunas mallas para protegerlo.<\/p>\n<p>&nbsp;<\/p>\n<p>\u00a1Os mantendremos informados!<\/p>\n<p>&nbsp;<\/p>\n<p>El Equipo Aldea<\/p>\n<p>&nbsp;<\/p>\n<p><a href=\"https:\/\/blogsaverroes.juntadeandalucia.es\/iescasabermeja\/files\/2020\/01\/IMG_20200116_121140.jpg\"><img fetchpriority=\"high\" decoding=\"async\" class=\"size-large wp-image-2853 aligncenter\" src=\"https:\/\/blogsaverroes.juntadeandalucia.es\/iescasabermeja\/files\/2020\/01\/IMG_20200116_121140-981x1024.jpg\" alt=\"\" width=\"589\" height=\"615\" srcset=\"https:\/\/blogsaverroes.juntadeandalucia.es\/iescasabermeja\/files\/2020\/01\/IMG_20200116_121140-981x1024.jpg 981w, https:\/\/blogsaverroes.juntadeandalucia.es\/iescasabermeja\/files\/2020\/01\/IMG_20200116_121140-287x300.jpg 287w, https:\/\/blogsaverroes.juntadeandalucia.es\/iescasabermeja\/files\/2020\/01\/IMG_20200116_121140-768x801.jpg 768w, https:\/\/blogsaverroes.juntadeandalucia.es\/iescasabermeja\/files\/2020\/01\/IMG_20200116_121140-24x24.jpg 24w, https:\/\/blogsaverroes.juntadeandalucia.es\/iescasabermeja\/files\/2020\/01\/IMG_20200116_121140-34x36.jpg 34w, https:\/\/blogsaverroes.juntadeandalucia.es\/iescasabermeja\/files\/2020\/01\/IMG_20200116_121140-46x48.jpg 46w, https:\/\/blogsaverroes.juntadeandalucia.es\/iescasabermeja\/files\/2020\/01\/IMG_20200116_121140.jpg 1533w\" sizes=\"(max-width: 589px) 100vw, 589px\" \/><\/a><\/p>\n","protected":false},"excerpt":{"rendered":"<p>Aunque a\u00fan no han llegado las lluvias, s\u00ed que han bajado las temperaturas. El huerto est\u00e1 preparado para sembrar los cultivos de invierno. Para los alumnos, es una actividad muy educativa, pues se observa&#46;&#46;&#46;<\/p>\n","protected":false},"author":7915,"featured_media":2853,"comment_status":"open","ping_status":"open","sticky":false,"template":"","format":"standard","meta":{"ngg_post_thumbnail":0,"footnotes":""},"categories":[19,368119],"tags":[],"aioseo_notices":[],"_links":{"self":[{"href":"https:\/\/blogsaverroes.juntadeandalucia.es\/iescasabermeja\/wp-json\/wp\/v2\/posts\/2852"}],"collection":[{"href":"https:\/\/blogsaverroes.juntadeandalucia.es\/iescasabermeja\/wp-json\/wp\/v2\/posts"}],"about":[{"href":"https:\/\/blogsaverroes.juntadeandalucia.es\/iescasabermeja\/wp-json\/wp\/v2\/types\/post"}],"author":[{"embeddable":true,"href":"https:\/\/blogsaverroes.juntadeandalucia.es\/iescasabermeja\/wp-json\/wp\/v2\/users\/7915"}],"replies":[{"embeddable":true,"href":"https:\/\/blogsaverroes.juntadeandalucia.es\/iescasabermeja\/wp-json\/wp\/v2\/comments?post=2852"}],"version-history":[{"count":1,"href":"https:\/\/blogsaverroes.juntadeandalucia.es\/iescasabermeja\/wp-json\/wp\/v2\/posts\/2852\/revisions"}],"predecessor-version":[{"id":2854,"href":"https:\/\/blogsaverroes.juntadeandalucia.es\/iescasabermeja\/wp-json\/wp\/v2\/posts\/2852\/revisions\/2854"}],"wp:featuredmedia":[{"embeddable":true,"href":"https:\/\/blogsaverroes.juntadeandalucia.es\/iescasabermeja\/wp-json\/wp\/v2\/media\/2853"}],"wp:attachment":[{"href":"https:\/\/blogsaverroes.juntadeandalucia.es\/iescasabermeja\/wp-json\/wp\/v2\/media?parent=2852"}],"wp:term":[{"taxonomy":"category","embeddable":true,"href":"https:\/\/blogsaverroes.juntadeandalucia.es\/iescasabermeja\/wp-json\/wp\/v2\/categories?post=2852"},{"taxonomy":"post_tag","embeddable":true,"href":"https:\/\/blogsaverroes.juntadeandalucia.es\/iescasabermeja\/wp-json\/wp\/v2\/tags?post=2852"}],"curies":[{"name":"wp","href":"https:\/\/api.w.org\/{rel}","templated":true}]}}