{"id":3796,"date":"2020-11-20T20:51:35","date_gmt":"2020-11-20T19:51:35","guid":{"rendered":"https:\/\/blogsaverroes.juntadeandalucia.es\/iescasabermeja\/?p=3796"},"modified":"2020-11-20T20:53:18","modified_gmt":"2020-11-20T19:53:18","slug":"separamos-y-reciclamos-en-el-centro","status":"publish","type":"post","link":"https:\/\/blogsaverroes.juntadeandalucia.es\/iescasabermeja\/separamos-y-reciclamos-en-el-centro\/","title":{"rendered":"Separamos y reciclamos en el centro"},"content":{"rendered":"<p>Los centros educativos ayudamos en la important\u00edsima tarea de sensibilizaci\u00f3n medioambiental, trabajando para que nuestras alumnas y alumnos respeten y cuiden el medioambiente a trav\u00e9s de gestos como el reciclaje.<\/p>\n<div class=\"row normal mx-auto\">\n<div id=\"post-3652\" class=\"content pt-70 text-center\">\n<p>La mejor forma de adquirir un h\u00e1bito es hacerlo a diario. Por ello, la organizaici\u00f3n medioambiental ECOEMBES facilita las herramientas para que podamos reciclar en nuestro d\u00eda a d\u00eda con la implicaci\u00f3n de toda la comunidad educativa.<\/p>\n<p style=\"text-align: center\"><a href=\"https:\/\/blogsaverroes.juntadeandalucia.es\/iescasabermeja\/files\/2020\/11\/1605901176660-scaled.jpg\" target=\"_blank\" rel=\"noopener noreferrer\"><img fetchpriority=\"high\" decoding=\"async\" class=\"alignnone size-medium wp-image-3793\" src=\"https:\/\/blogsaverroes.juntadeandalucia.es\/iescasabermeja\/files\/2020\/11\/1605901176660-195x300.jpg\" alt=\"\" width=\"195\" height=\"300\" srcset=\"https:\/\/blogsaverroes.juntadeandalucia.es\/iescasabermeja\/files\/2020\/11\/1605901176660-195x300.jpg 195w, https:\/\/blogsaverroes.juntadeandalucia.es\/iescasabermeja\/files\/2020\/11\/1605901176660-664x1024.jpg 664w, https:\/\/blogsaverroes.juntadeandalucia.es\/iescasabermeja\/files\/2020\/11\/1605901176660-768x1184.jpg 768w, https:\/\/blogsaverroes.juntadeandalucia.es\/iescasabermeja\/files\/2020\/11\/1605901176660-996x1536.jpg 996w, https:\/\/blogsaverroes.juntadeandalucia.es\/iescasabermeja\/files\/2020\/11\/1605901176660-1328x2048.jpg 1328w, https:\/\/blogsaverroes.juntadeandalucia.es\/iescasabermeja\/files\/2020\/11\/1605901176660-16x24.jpg 16w, https:\/\/blogsaverroes.juntadeandalucia.es\/iescasabermeja\/files\/2020\/11\/1605901176660-23x36.jpg 23w, https:\/\/blogsaverroes.juntadeandalucia.es\/iescasabermeja\/files\/2020\/11\/1605901176660-31x48.jpg 31w, https:\/\/blogsaverroes.juntadeandalucia.es\/iescasabermeja\/files\/2020\/11\/1605901176660-scaled.jpg 1038w\" sizes=\"(max-width: 195px) 100vw, 195px\" \/><\/a><\/p>\n<p>Gracias a las nuevas papeleras azules y amarillas, hemos podido crear nuevos puntos de separaci\u00f3n y reciclaje en el centro, para poder organizarlos y ayudar a tod@s los que cuidamos el medio ambiente, nuestra zona y nuestro centro.<\/p>\n<p><a href=\"https:\/\/blogsaverroes.juntadeandalucia.es\/iescasabermeja\/files\/2020\/11\/1605901176670-scaled.jpg\" target=\"_blank\" rel=\"noopener noreferrer\"><img decoding=\"async\" class=\"size-medium wp-image-3795 aligncenter\" src=\"https:\/\/blogsaverroes.juntadeandalucia.es\/iescasabermeja\/files\/2020\/11\/1605901176670-284x300.jpg\" alt=\"\" width=\"284\" height=\"300\" srcset=\"https:\/\/blogsaverroes.juntadeandalucia.es\/iescasabermeja\/files\/2020\/11\/1605901176670-284x300.jpg 284w, https:\/\/blogsaverroes.juntadeandalucia.es\/iescasabermeja\/files\/2020\/11\/1605901176670-968x1024.jpg 968w, https:\/\/blogsaverroes.juntadeandalucia.es\/iescasabermeja\/files\/2020\/11\/1605901176670-768x813.jpg 768w, https:\/\/blogsaverroes.juntadeandalucia.es\/iescasabermeja\/files\/2020\/11\/1605901176670-1452x1536.jpg 1452w, https:\/\/blogsaverroes.juntadeandalucia.es\/iescasabermeja\/files\/2020\/11\/1605901176670-1935x2048.jpg 1935w, https:\/\/blogsaverroes.juntadeandalucia.es\/iescasabermeja\/files\/2020\/11\/1605901176670-24x24.jpg 24w, https:\/\/blogsaverroes.juntadeandalucia.es\/iescasabermeja\/files\/2020\/11\/1605901176670-34x36.jpg 34w, https:\/\/blogsaverroes.juntadeandalucia.es\/iescasabermeja\/files\/2020\/11\/1605901176670-45x48.jpg 45w, https:\/\/blogsaverroes.juntadeandalucia.es\/iescasabermeja\/files\/2020\/11\/1605901176670-scaled.jpg 1512w\" sizes=\"(max-width: 284px) 100vw, 284px\" \/><\/a><\/p>\n<p><a href=\"https:\/\/blogsaverroes.juntadeandalucia.es\/iescasabermeja\/files\/2020\/11\/1605901176666-scaled.jpg\" target=\"_blank\" rel=\"noopener noreferrer\"><img decoding=\"async\" class=\"size-medium wp-image-3794 aligncenter\" src=\"https:\/\/blogsaverroes.juntadeandalucia.es\/iescasabermeja\/files\/2020\/11\/1605901176666-251x300.jpg\" alt=\"\" width=\"251\" height=\"300\" srcset=\"https:\/\/blogsaverroes.juntadeandalucia.es\/iescasabermeja\/files\/2020\/11\/1605901176666-251x300.jpg 251w, https:\/\/blogsaverroes.juntadeandalucia.es\/iescasabermeja\/files\/2020\/11\/1605901176666-856x1024.jpg 856w, https:\/\/blogsaverroes.juntadeandalucia.es\/iescasabermeja\/files\/2020\/11\/1605901176666-768x919.jpg 768w, https:\/\/blogsaverroes.juntadeandalucia.es\/iescasabermeja\/files\/2020\/11\/1605901176666-1284x1536.jpg 1284w, https:\/\/blogsaverroes.juntadeandalucia.es\/iescasabermeja\/files\/2020\/11\/1605901176666-1711x2048.jpg 1711w, https:\/\/blogsaverroes.juntadeandalucia.es\/iescasabermeja\/files\/2020\/11\/1605901176666-20x24.jpg 20w, https:\/\/blogsaverroes.juntadeandalucia.es\/iescasabermeja\/files\/2020\/11\/1605901176666-30x36.jpg 30w, https:\/\/blogsaverroes.juntadeandalucia.es\/iescasabermeja\/files\/2020\/11\/1605901176666-40x48.jpg 40w, https:\/\/blogsaverroes.juntadeandalucia.es\/iescasabermeja\/files\/2020\/11\/1605901176666-scaled.jpg 1337w\" sizes=\"(max-width: 251px) 100vw, 251px\" \/><\/a><\/p>\n<p>&nbsp;<\/p>\n<p style=\"text-align: center\">&#8230;ya sabes:\u00a0\u00a0\u00a0 \u00a1R E c a p a C I C L A!<\/p>\n<p>&nbsp;<\/p>\n<\/div>\n<\/div>\n<div class=\"row recicla-image mx-auto\"><\/div>\n<p>*{-webkit-user-select:initial!important;user-select:initial!important;}<\/p>\n<p>&nbsp;<\/p>\n","protected":false},"excerpt":{"rendered":"<p>Los centros educativos ayudamos en la important\u00edsima tarea de sensibilizaci\u00f3n medioambiental, trabajando para que nuestras alumnas y alumnos respeten y cuiden el medioambiente a trav\u00e9s de gestos como el reciclaje. La mejor forma de&#46;&#46;&#46;<\/p>\n","protected":false},"author":7956,"featured_media":3795,"comment_status":"open","ping_status":"open","sticky":false,"template":"","format":"standard","meta":{"ngg_post_thumbnail":0,"footnotes":""},"categories":[26636,19,368119],"tags":[],"aioseo_notices":[],"_links":{"self":[{"href":"https:\/\/blogsaverroes.juntadeandalucia.es\/iescasabermeja\/wp-json\/wp\/v2\/posts\/3796"}],"collection":[{"href":"https:\/\/blogsaverroes.juntadeandalucia.es\/iescasabermeja\/wp-json\/wp\/v2\/posts"}],"about":[{"href":"https:\/\/blogsaverroes.juntadeandalucia.es\/iescasabermeja\/wp-json\/wp\/v2\/types\/post"}],"author":[{"embeddable":true,"href":"https:\/\/blogsaverroes.juntadeandalucia.es\/iescasabermeja\/wp-json\/wp\/v2\/users\/7956"}],"replies":[{"embeddable":true,"href":"https:\/\/blogsaverroes.juntadeandalucia.es\/iescasabermeja\/wp-json\/wp\/v2\/comments?post=3796"}],"version-history":[{"count":2,"href":"https:\/\/blogsaverroes.juntadeandalucia.es\/iescasabermeja\/wp-json\/wp\/v2\/posts\/3796\/revisions"}],"predecessor-version":[{"id":3798,"href":"https:\/\/blogsaverroes.juntadeandalucia.es\/iescasabermeja\/wp-json\/wp\/v2\/posts\/3796\/revisions\/3798"}],"wp:featuredmedia":[{"embeddable":true,"href":"https:\/\/blogsaverroes.juntadeandalucia.es\/iescasabermeja\/wp-json\/wp\/v2\/media\/3795"}],"wp:attachment":[{"href":"https:\/\/blogsaverroes.juntadeandalucia.es\/iescasabermeja\/wp-json\/wp\/v2\/media?parent=3796"}],"wp:term":[{"taxonomy":"category","embeddable":true,"href":"https:\/\/blogsaverroes.juntadeandalucia.es\/iescasabermeja\/wp-json\/wp\/v2\/categories?post=3796"},{"taxonomy":"post_tag","embeddable":true,"href":"https:\/\/blogsaverroes.juntadeandalucia.es\/iescasabermeja\/wp-json\/wp\/v2\/tags?post=3796"}],"curies":[{"name":"wp","href":"https:\/\/api.w.org\/{rel}","templated":true}]}}