{"id":4149,"date":"2021-04-28T21:01:01","date_gmt":"2021-04-28T19:01:01","guid":{"rendered":"https:\/\/blogsaverroes.juntadeandalucia.es\/iescasabermeja\/?p=4149"},"modified":"2021-04-28T21:01:47","modified_gmt":"2021-04-28T19:01:47","slug":"cursos-formativos-creando-red-2-0","status":"publish","type":"post","link":"https:\/\/blogsaverroes.juntadeandalucia.es\/iescasabermeja\/cursos-formativos-creando-red-2-0\/","title":{"rendered":"Cursos formativos \u00abCreando red 2.0\u00bb."},"content":{"rendered":"<p>Ma\u00f1ana termina el plazo de inscripci\u00f3n para padres\/madres con hij@s en el cole o instituto y que est\u00e9n interesados en recibir formaci\u00f3n sobre plataformas y competencias educativas digitales tipo classroom, seneca, etc.<\/p>\n<p>Aqu\u00ed ten\u00e9is el cartel informativo y la hoja de inscripci\u00f3n:<\/p>\n<p>&nbsp;<\/p>\n<p>&nbsp;<\/p>\n<p><a href=\"https:\/\/blogsaverroes.juntadeandalucia.es\/iescasabermeja\/files\/2021\/04\/cartelred.jpg\"><img fetchpriority=\"high\" decoding=\"async\" class=\"aligncenter size-full wp-image-4150\" src=\"https:\/\/blogsaverroes.juntadeandalucia.es\/iescasabermeja\/files\/2021\/04\/cartelred.jpg\" alt=\"\" width=\"698\" height=\"990\" srcset=\"https:\/\/blogsaverroes.juntadeandalucia.es\/iescasabermeja\/files\/2021\/04\/cartelred.jpg 698w, https:\/\/blogsaverroes.juntadeandalucia.es\/iescasabermeja\/files\/2021\/04\/cartelred-212x300.jpg 212w\" sizes=\"(max-width: 698px) 100vw, 698px\" \/><\/a><\/p>\n<p>&nbsp;<\/p>\n<p><a href=\"https:\/\/blogsaverroes.juntadeandalucia.es\/iescasabermeja\/files\/2021\/04\/Inscripci\u00f3n-Creando-Red-2.0-Casabermeja.pdf\" target=\"_blank\" rel=\"noopener noreferrer\">Inscripci\u00f3n Creando Red 2.0 Casabermeja<\/a><\/p>\n","protected":false},"excerpt":{"rendered":"<p>Ma\u00f1ana termina el plazo de inscripci\u00f3n para padres\/madres con hij@s en el cole o instituto y que est\u00e9n interesados en recibir formaci\u00f3n sobre plataformas y competencias educativas digitales tipo classroom, seneca, etc. Aqu\u00ed ten\u00e9is&#46;&#46;&#46;<\/p>\n","protected":false},"author":7915,"featured_media":4150,"comment_status":"open","ping_status":"open","sticky":false,"template":"","format":"standard","meta":{"ngg_post_thumbnail":0,"footnotes":""},"categories":[2164309,19],"tags":[],"aioseo_notices":[],"_links":{"self":[{"href":"https:\/\/blogsaverroes.juntadeandalucia.es\/iescasabermeja\/wp-json\/wp\/v2\/posts\/4149"}],"collection":[{"href":"https:\/\/blogsaverroes.juntadeandalucia.es\/iescasabermeja\/wp-json\/wp\/v2\/posts"}],"about":[{"href":"https:\/\/blogsaverroes.juntadeandalucia.es\/iescasabermeja\/wp-json\/wp\/v2\/types\/post"}],"author":[{"embeddable":true,"href":"https:\/\/blogsaverroes.juntadeandalucia.es\/iescasabermeja\/wp-json\/wp\/v2\/users\/7915"}],"replies":[{"embeddable":true,"href":"https:\/\/blogsaverroes.juntadeandalucia.es\/iescasabermeja\/wp-json\/wp\/v2\/comments?post=4149"}],"version-history":[{"count":2,"href":"https:\/\/blogsaverroes.juntadeandalucia.es\/iescasabermeja\/wp-json\/wp\/v2\/posts\/4149\/revisions"}],"predecessor-version":[{"id":4153,"href":"https:\/\/blogsaverroes.juntadeandalucia.es\/iescasabermeja\/wp-json\/wp\/v2\/posts\/4149\/revisions\/4153"}],"wp:featuredmedia":[{"embeddable":true,"href":"https:\/\/blogsaverroes.juntadeandalucia.es\/iescasabermeja\/wp-json\/wp\/v2\/media\/4150"}],"wp:attachment":[{"href":"https:\/\/blogsaverroes.juntadeandalucia.es\/iescasabermeja\/wp-json\/wp\/v2\/media?parent=4149"}],"wp:term":[{"taxonomy":"category","embeddable":true,"href":"https:\/\/blogsaverroes.juntadeandalucia.es\/iescasabermeja\/wp-json\/wp\/v2\/categories?post=4149"},{"taxonomy":"post_tag","embeddable":true,"href":"https:\/\/blogsaverroes.juntadeandalucia.es\/iescasabermeja\/wp-json\/wp\/v2\/tags?post=4149"}],"curies":[{"name":"wp","href":"https:\/\/api.w.org\/{rel}","templated":true}]}}