{"id":4553,"date":"2025-01-12T13:15:48","date_gmt":"2025-01-12T12:15:48","guid":{"rendered":"https:\/\/blogsaverroes.juntadeandalucia.es\/iescasabermeja\/?p=4553"},"modified":"2025-01-12T13:15:48","modified_gmt":"2025-01-12T12:15:48","slug":"informacion-sanitaria","status":"publish","type":"post","link":"https:\/\/blogsaverroes.juntadeandalucia.es\/iescasabermeja\/informacion-sanitaria\/","title":{"rendered":"Informaci\u00f3n sanitaria"},"content":{"rendered":"<p>Dentro de la colaboraci\u00f3n existente entre el centro y nuestro enfermero de referencia Antonio, \u00e9ste nos ha pedido que difundamos en todas nuestras redes sociales informaci\u00f3n muy importante referente a la vacunaci\u00f3n de dos enfermedades que pueden afectar a nuestro alumnado.<\/p>\n<p>La primera es el virus del papiloma humano (VPH), responsable de la aparici\u00f3n de verrugas o, en el peor de los casos, de distintos tipos de c\u00e1ncer. Por ello es muy importante que tanto chicos como chicas se vacunen, protegi\u00e9ndose ante una enfermedad que es de muy f\u00e1cil transmisi\u00f3n y que puede afectarles en el futuro a ellos y a sus parejas.<\/p>\n<p><img fetchpriority=\"high\" decoding=\"async\" src=\"https:\/\/blogsaverroes.juntadeandalucia.es\/iescasabermeja\/files\/2025\/01\/WhatsApp-Image-2025-01-08-at-09.42.26.jpeg\" alt=\"Cartel de vacunaci\u00f3n frente al VPH\" width=\"1080\" height=\"658\"><\/p>\n<p>&nbsp;<\/p>\n<p>La segunda vacuna es para la protecci\u00f3n de una enfermedad mucho m\u00e1s peligrosa: la meningitis. Esta enfermedad consiste en la inflamaci\u00f3n de los tejidos que rodean el cerebro y la m\u00e9dula espinal (meninges). Tiene una alta tasa de mortalidad (1 de cada 10 casos), y de secuelas graves (1 de cada 5 casos. <a href=\"https:\/\/www.laopiniondemalaga.es\/deportes\/2022\/11\/01\/sarah-almagro-campeona-amputada-surfeo-78004025.html\" target=\"_blank\" rel=\"noopener\">Pincha aqu\u00ed para conocer el caso de Sarah Almagro, una joven malague\u00f1a<\/a>).<\/p>\n<p><img decoding=\"async\" src=\"https:\/\/blogsaverroes.juntadeandalucia.es\/iescasabermeja\/files\/2025\/01\/WhatsApp-Image-2025-01-08-at-09.42.31.jpeg\" alt=\"Cartel vacunaci\u00f3n meningitis\" width=\"1078\" height=\"1600\"><\/p>\n<p>&nbsp;<\/p>\n<p>Desde el IES Casabermeja os recomendamos encarecidamente que, si est\u00e1is dentro de los rangos de edad, acud\u00e1is al centro de saluda para proceder a la vacunaci\u00f3n. Un peque\u00f1o pinchazo puede ahorraros muchos problemas y salvaros la vida.<\/p>\n<p>&nbsp;<\/p>\n","protected":false},"excerpt":{"rendered":"<p>Dentro de la colaboraci\u00f3n existente entre el centro y nuestro enfermero de referencia Antonio, \u00e9ste nos ha pedido que difundamos en todas nuestras redes sociales informaci\u00f3n muy importante referente a la vacunaci\u00f3n de dos&#46;&#46;&#46;<\/p>\n","protected":false},"author":7915,"featured_media":4417,"comment_status":"open","ping_status":"open","sticky":false,"template":"","format":"standard","meta":{"ngg_post_thumbnail":0,"footnotes":""},"categories":[19],"tags":[],"aioseo_notices":[],"_links":{"self":[{"href":"https:\/\/blogsaverroes.juntadeandalucia.es\/iescasabermeja\/wp-json\/wp\/v2\/posts\/4553"}],"collection":[{"href":"https:\/\/blogsaverroes.juntadeandalucia.es\/iescasabermeja\/wp-json\/wp\/v2\/posts"}],"about":[{"href":"https:\/\/blogsaverroes.juntadeandalucia.es\/iescasabermeja\/wp-json\/wp\/v2\/types\/post"}],"author":[{"embeddable":true,"href":"https:\/\/blogsaverroes.juntadeandalucia.es\/iescasabermeja\/wp-json\/wp\/v2\/users\/7915"}],"replies":[{"embeddable":true,"href":"https:\/\/blogsaverroes.juntadeandalucia.es\/iescasabermeja\/wp-json\/wp\/v2\/comments?post=4553"}],"version-history":[{"count":1,"href":"https:\/\/blogsaverroes.juntadeandalucia.es\/iescasabermeja\/wp-json\/wp\/v2\/posts\/4553\/revisions"}],"predecessor-version":[{"id":4554,"href":"https:\/\/blogsaverroes.juntadeandalucia.es\/iescasabermeja\/wp-json\/wp\/v2\/posts\/4553\/revisions\/4554"}],"wp:featuredmedia":[{"embeddable":true,"href":"https:\/\/blogsaverroes.juntadeandalucia.es\/iescasabermeja\/wp-json\/wp\/v2\/media\/4417"}],"wp:attachment":[{"href":"https:\/\/blogsaverroes.juntadeandalucia.es\/iescasabermeja\/wp-json\/wp\/v2\/media?parent=4553"}],"wp:term":[{"taxonomy":"category","embeddable":true,"href":"https:\/\/blogsaverroes.juntadeandalucia.es\/iescasabermeja\/wp-json\/wp\/v2\/categories?post=4553"},{"taxonomy":"post_tag","embeddable":true,"href":"https:\/\/blogsaverroes.juntadeandalucia.es\/iescasabermeja\/wp-json\/wp\/v2\/tags?post=4553"}],"curies":[{"name":"wp","href":"https:\/\/api.w.org\/{rel}","templated":true}]}}