{"id":2306,"date":"2016-10-27T19:37:09","date_gmt":"2016-10-27T19:37:09","guid":{"rendered":"http:\/\/blogsaverroes.juntadeandalucia.es\/iescastillodetempul\/?p=2306"},"modified":"2019-01-29T10:40:25","modified_gmt":"2019-01-29T10:40:25","slug":"el-centro","status":"publish","type":"post","link":"https:\/\/blogsaverroes.juntadeandalucia.es\/iescastillodetempul\/2016\/10\/27\/el-centro\/","title":{"rendered":"EL CENTRO"},"content":{"rendered":"<h4><a href=\"https:\/\/blogsaverroes.juntadeandalucia.es\/iescastillodetempul\/2016\/10\/27\/el-centro\/whatsapp-image-2017-06-28-at-20-48-01\/\" rel=\"attachment wp-att-3989\"><img loading=\"lazy\" decoding=\"async\" class=\"aligncenter size-medium wp-image-3989\" src=\"https:\/\/blogsaverroes.juntadeandalucia.es\/iescastillodetempul\/files\/2016\/10\/WhatsApp-Image-2017-06-28-at-20.48.01-1024x768.jpeg\" alt=\"\" width=\"1024\" height=\"768\" srcset=\"https:\/\/blogsaverroes.juntadeandalucia.es\/iescastillodetempul\/files\/2016\/10\/WhatsApp-Image-2017-06-28-at-20.48.01-1024x768.jpeg 1024w, https:\/\/blogsaverroes.juntadeandalucia.es\/iescastillodetempul\/files\/2016\/10\/WhatsApp-Image-2017-06-28-at-20.48.01-768x576.jpeg 768w, https:\/\/blogsaverroes.juntadeandalucia.es\/iescastillodetempul\/files\/2016\/10\/WhatsApp-Image-2017-06-28-at-20.48.01-700x525.jpeg 700w, https:\/\/blogsaverroes.juntadeandalucia.es\/iescastillodetempul\/files\/2016\/10\/WhatsApp-Image-2017-06-28-at-20.48.01-24x18.jpeg 24w, https:\/\/blogsaverroes.juntadeandalucia.es\/iescastillodetempul\/files\/2016\/10\/WhatsApp-Image-2017-06-28-at-20.48.01-36x27.jpeg 36w, https:\/\/blogsaverroes.juntadeandalucia.es\/iescastillodetempul\/files\/2016\/10\/WhatsApp-Image-2017-06-28-at-20.48.01-48x36.jpeg 48w, https:\/\/blogsaverroes.juntadeandalucia.es\/iescastillodetempul\/files\/2016\/10\/WhatsApp-Image-2017-06-28-at-20.48.01.jpeg 1600w\" sizes=\"(max-width: 1024px) 100vw, 1024px\" \/><\/a><\/h4>\n<div class=\"n module-type-header diyfeLiveArea\">\n<h1><span class=\"diyfeDecoration\">IES Castillo de Tempul: La importancia de la experiencia<\/span><\/h1>\n<\/div>\n<div class=\"n module-type-imageSubtitle diyfeLiveArea\">\n<div id=\"imageSubtitle-2321057\" class=\"clearover imageSubtitle\">\n<div class=\"n module-type-text diyfeLiveArea\">\n<p>En IES Castillo de Tempul, los alumnos y alumnas reciben una formaci\u00f3n destinada a dotarles de las herramientas necesarias para emprender el camino de su vida y afrontar las eventuales dificultades.<\/p>\n<p>Nuestra educaci\u00f3n&nbsp;se distingue por la aplicaci\u00f3n y la alternancia entre varios m\u00e9todos de aprendizaje. Esto favorece una asimilaci\u00f3n completa de los contenidos por parte de los estudiantes y permite configurar una formaci\u00f3n variada. Este m\u00e9todo educativo tiene como objetivo la adaptaci\u00f3n de los contenidos&nbsp;a todos los campos del aprendizaje.<\/p>\n<p>&nbsp;<\/p>\n<p>Al margen de las clases, IES Castillo de Tempul&nbsp;ofrece interesantes actividades a sus alumnas y alumnos. En el marco de las clases especiales, pueden profundizar en sus intereses, aplicar los contenidos aprendidos en clase y establecer contactos sociales con otros ni\u00f1os que no sean de su misma clase o curso.<\/p>\n<ul>\n<li>Clases de refuerzo y de supervisi\u00f3n de deberes<\/li>\n<li>Biblioteca escolar y excursiones<\/li>\n<\/ul>\n<p>&nbsp;<\/p>\n<p>Una escuela no&nbsp;debe limitarse a ofrecer clases. Gracias a nuestras propuestas complementarias, contribuimos a dotar al alumnado con las&nbsp;herramientas necesarias para construir su futuro. Para ello en IES Castillo de Tempul desarrollamos proyectos de gran valor educativo:<\/p>\n<ul>\n<li>ECOESCUELA<\/li>\n<li>Proyecto ling\u00fc\u00edstico<\/li>\n<\/ul>\n<\/div>\n<h4>&nbsp;<\/h4>\n<\/div>\n<\/div>\n","protected":false},"excerpt":{"rendered":"<p>IES Castillo de Tempul: La importancia de la experiencia En IES Castillo de Tempul, los alumnos y alumnas reciben una formaci\u00f3n destinada a dotarles de las herramientas necesarias para emprender el camino de su&#46;&#46;&#46;<\/p>\n","protected":false},"author":4130,"featured_media":3991,"comment_status":"open","ping_status":"open","sticky":true,"template":"","format":"standard","meta":{"ngg_post_thumbnail":0,"footnotes":""},"categories":[307390,11909],"tags":[],"aioseo_notices":[],"_links":{"self":[{"href":"https:\/\/blogsaverroes.juntadeandalucia.es\/iescastillodetempul\/wp-json\/wp\/v2\/posts\/2306"}],"collection":[{"href":"https:\/\/blogsaverroes.juntadeandalucia.es\/iescastillodetempul\/wp-json\/wp\/v2\/posts"}],"about":[{"href":"https:\/\/blogsaverroes.juntadeandalucia.es\/iescastillodetempul\/wp-json\/wp\/v2\/types\/post"}],"author":[{"embeddable":true,"href":"https:\/\/blogsaverroes.juntadeandalucia.es\/iescastillodetempul\/wp-json\/wp\/v2\/users\/4130"}],"replies":[{"embeddable":true,"href":"https:\/\/blogsaverroes.juntadeandalucia.es\/iescastillodetempul\/wp-json\/wp\/v2\/comments?post=2306"}],"version-history":[{"count":11,"href":"https:\/\/blogsaverroes.juntadeandalucia.es\/iescastillodetempul\/wp-json\/wp\/v2\/posts\/2306\/revisions"}],"predecessor-version":[{"id":4905,"href":"https:\/\/blogsaverroes.juntadeandalucia.es\/iescastillodetempul\/wp-json\/wp\/v2\/posts\/2306\/revisions\/4905"}],"wp:featuredmedia":[{"embeddable":true,"href":"https:\/\/blogsaverroes.juntadeandalucia.es\/iescastillodetempul\/wp-json\/wp\/v2\/media\/3991"}],"wp:attachment":[{"href":"https:\/\/blogsaverroes.juntadeandalucia.es\/iescastillodetempul\/wp-json\/wp\/v2\/media?parent=2306"}],"wp:term":[{"taxonomy":"category","embeddable":true,"href":"https:\/\/blogsaverroes.juntadeandalucia.es\/iescastillodetempul\/wp-json\/wp\/v2\/categories?post=2306"},{"taxonomy":"post_tag","embeddable":true,"href":"https:\/\/blogsaverroes.juntadeandalucia.es\/iescastillodetempul\/wp-json\/wp\/v2\/tags?post=2306"}],"curies":[{"name":"wp","href":"https:\/\/api.w.org\/{rel}","templated":true}]}}