{"id":2433,"date":"2016-10-31T13:16:23","date_gmt":"2016-10-31T13:16:23","guid":{"rendered":"http:\/\/blogsaverroes.juntadeandalucia.es\/iescastillodetempul\/?p=2433"},"modified":"2022-10-15T12:31:31","modified_gmt":"2022-10-15T12:31:31","slug":"planes-y-programas","status":"publish","type":"post","link":"https:\/\/blogsaverroes.juntadeandalucia.es\/iescastillodetempul\/2016\/10\/31\/planes-y-programas\/","title":{"rendered":"Planes y Programas"},"content":{"rendered":"<header class=\"entry-header\">\n<h1 class=\"entry-title\">Planes y Programas<\/h1>\n<\/header>\n<div class=\"entry-content\">\n<p><img loading=\"lazy\" decoding=\"async\" class=\"alignnone size-medium wp-image-1667\" src=\"https:\/\/blogsaverroes.juntadeandalucia.es\/iescastillodetempul\/files\/2015\/03\/planes-300x150.png\" alt=\"planes\" width=\"300\" height=\"150\" srcset=\"https:\/\/blogsaverroes.juntadeandalucia.es\/iescastillodetempul\/files\/2015\/03\/planes-300x150.png 300w, https:\/\/blogsaverroes.juntadeandalucia.es\/iescastillodetempul\/files\/2015\/03\/planes-332x166.png 332w, https:\/\/blogsaverroes.juntadeandalucia.es\/iescastillodetempul\/files\/2015\/03\/planes.png 640w\" sizes=\"(max-width: 300px) 100vw, 300px\" \/><\/p>\n<p>Cada centro personaliza y adapta su Proyecto Educativo adheriendose a diferentes&nbsp;<strong>Planes y Programas<\/strong>&nbsp;promovidos desde la Consejer\u00eda de Educaci\u00f3n, Cultura y Deporte.<\/p>\n<p>Este apartado recoger\u00eda la descripci\u00f3n, finalidades, actividades, coordinador\/a, etc. de estos Planes y Programas desarrollados por el centro. A continuaci\u00f3n se muestran algunos de ellos.<\/p>\n<p>RELACI\u00d3N DE PLANES\/PROYECTOS EN EL CENTRO<\/p>\n<ul>\n<li><strong>Escuela TIC 2.0.<\/strong><\/li>\n<li><strong>Forma joven en el \u00e1mbito educativo.<\/strong><\/li>\n<li><strong>Pla de Igualdad.<\/strong><\/li>\n<li><strong>Plan de coeducaci\u00f3n.<\/strong><\/li>\n<li><strong>Plan de Salud Laboral y P.R.L.<\/strong><\/li>\n<li><strong>Escuelas Deportivas.<\/strong><\/li>\n<li><strong>Escuela espacio de paz.<\/strong><\/li>\n<li><strong>Plan de apertura de centros docentes.<\/strong><\/li>\n<li><strong>Plan de igualdad entre hombres y mujeres en la educaci\u00f3n.<\/strong><\/li>\n<li><strong>ALDEA, Educaci\u00f3n Ambiental para la comunidad educativa.<\/strong><\/li>\n<li><strong>Proyecto Ling\u00fc\u00edstico de Centro.<\/strong><\/li>\n<li><strong>Ecoescuela.<\/strong><\/li>\n<li><strong>V Feria de la Ciencia.&nbsp;<\/strong><\/li>\n<\/ul>\n<\/div>\n","protected":false},"excerpt":{"rendered":"<p>Planes y Programas Cada centro personaliza y adapta su Proyecto Educativo adheriendose a diferentes&nbsp;Planes y Programas&nbsp;promovidos desde la Consejer\u00eda de Educaci\u00f3n, Cultura y Deporte. Este apartado recoger\u00eda la descripci\u00f3n, finalidades, actividades, coordinador\/a, etc. de&#46;&#46;&#46;<\/p>\n","protected":false},"author":4130,"featured_media":3342,"comment_status":"open","ping_status":"open","sticky":true,"template":"","format":"standard","meta":{"ngg_post_thumbnail":0,"footnotes":""},"categories":[11909],"tags":[],"aioseo_notices":[],"_links":{"self":[{"href":"https:\/\/blogsaverroes.juntadeandalucia.es\/iescastillodetempul\/wp-json\/wp\/v2\/posts\/2433"}],"collection":[{"href":"https:\/\/blogsaverroes.juntadeandalucia.es\/iescastillodetempul\/wp-json\/wp\/v2\/posts"}],"about":[{"href":"https:\/\/blogsaverroes.juntadeandalucia.es\/iescastillodetempul\/wp-json\/wp\/v2\/types\/post"}],"author":[{"embeddable":true,"href":"https:\/\/blogsaverroes.juntadeandalucia.es\/iescastillodetempul\/wp-json\/wp\/v2\/users\/4130"}],"replies":[{"embeddable":true,"href":"https:\/\/blogsaverroes.juntadeandalucia.es\/iescastillodetempul\/wp-json\/wp\/v2\/comments?post=2433"}],"version-history":[{"count":4,"href":"https:\/\/blogsaverroes.juntadeandalucia.es\/iescastillodetempul\/wp-json\/wp\/v2\/posts\/2433\/revisions"}],"predecessor-version":[{"id":6145,"href":"https:\/\/blogsaverroes.juntadeandalucia.es\/iescastillodetempul\/wp-json\/wp\/v2\/posts\/2433\/revisions\/6145"}],"wp:featuredmedia":[{"embeddable":true,"href":"https:\/\/blogsaverroes.juntadeandalucia.es\/iescastillodetempul\/wp-json\/wp\/v2\/media\/3342"}],"wp:attachment":[{"href":"https:\/\/blogsaverroes.juntadeandalucia.es\/iescastillodetempul\/wp-json\/wp\/v2\/media?parent=2433"}],"wp:term":[{"taxonomy":"category","embeddable":true,"href":"https:\/\/blogsaverroes.juntadeandalucia.es\/iescastillodetempul\/wp-json\/wp\/v2\/categories?post=2433"},{"taxonomy":"post_tag","embeddable":true,"href":"https:\/\/blogsaverroes.juntadeandalucia.es\/iescastillodetempul\/wp-json\/wp\/v2\/tags?post=2433"}],"curies":[{"name":"wp","href":"https:\/\/api.w.org\/{rel}","templated":true}]}}