{"id":3964,"date":"2023-06-28T08:36:54","date_gmt":"2023-06-28T08:36:54","guid":{"rendered":"http:\/\/blogsaverroes.juntadeandalucia.es\/iescelti\/?p=3964"},"modified":"2023-06-30T06:45:11","modified_gmt":"2023-06-30T06:45:11","slug":"elementor-3964","status":"publish","type":"post","link":"https:\/\/blogsaverroes.juntadeandalucia.es\/iescelti\/2023\/06\/28\/elementor-3964\/","title":{"rendered":"Concurso logo"},"content":{"rendered":"\t\t<div data-elementor-type=\"wp-post\" data-elementor-id=\"3964\" class=\"elementor elementor-3964\">\n\t\t\t\t\t\t<section class=\"elementor-section elementor-top-section elementor-element elementor-element-ae40f68 elementor-section-boxed elementor-section-height-default elementor-section-height-default\" data-id=\"ae40f68\" data-element_type=\"section\">\n\t\t\t\t\t\t<div class=\"elementor-container elementor-column-gap-default\">\n\t\t\t\t\t<div class=\"elementor-column elementor-col-100 elementor-top-column elementor-element elementor-element-3695bed\" data-id=\"3695bed\" data-element_type=\"column\">\n\t\t\t<div class=\"elementor-widget-wrap elementor-element-populated\">\n\t\t\t\t\t\t<div class=\"elementor-element elementor-element-75e16bd elementor-widget elementor-widget-heading\" data-id=\"75e16bd\" data-element_type=\"widget\" data-widget_type=\"heading.default\">\n\t\t\t\t<div class=\"elementor-widget-container\">\n\t\t\t\t\t<h2 class=\"elementor-heading-title elementor-size-default\">CONCURSO <br>LOGO PARA LA BIBLIOTECA<\/h2>\t\t\t\t<\/div>\n\t\t\t\t<\/div>\n\t\t\t\t\t<\/div>\n\t\t<\/div>\n\t\t\t\t\t<\/div>\n\t\t<\/section>\n\t\t\t\t<section class=\"elementor-section elementor-top-section elementor-element elementor-element-0c42ac9 elementor-section-boxed elementor-section-height-default elementor-section-height-default\" data-id=\"0c42ac9\" data-element_type=\"section\">\n\t\t\t\t\t\t<div class=\"elementor-container elementor-column-gap-default\">\n\t\t\t\t\t<div class=\"elementor-column elementor-col-100 elementor-top-column elementor-element elementor-element-485a3c6\" data-id=\"485a3c6\" data-element_type=\"column\">\n\t\t\t<div class=\"elementor-widget-wrap elementor-element-populated\">\n\t\t\t\t\t\t<div class=\"elementor-element elementor-element-6c1a525 elementor-widget elementor-widget-text-editor\" data-id=\"6c1a525\" data-element_type=\"widget\" data-widget_type=\"text-editor.default\">\n\t\t\t\t<div class=\"elementor-widget-container\">\n\t\t\t\t\t\t\t\t\t<p>Este a\u00f1o el equipo de biblioteca ha convocado un concurso para el dise\u00f1o de una mascota y logo para la biblioteca escolar.\u00a0<\/p><p>Aqu\u00ed os dejamos las bases del concurso.<\/p>\t\t\t\t\t\t\t\t<\/div>\n\t\t\t\t<\/div>\n\t\t\t\t\t<\/div>\n\t\t<\/div>\n\t\t\t\t\t<\/div>\n\t\t<\/section>\n\t\t\t\t<section class=\"elementor-section elementor-top-section elementor-element elementor-element-bf9b533 elementor-section-boxed elementor-section-height-default elementor-section-height-default\" data-id=\"bf9b533\" data-element_type=\"section\">\n\t\t\t\t\t\t<div class=\"elementor-container elementor-column-gap-default\">\n\t\t\t\t\t<div class=\"elementor-column elementor-col-100 elementor-top-column elementor-element elementor-element-7efdaf5\" data-id=\"7efdaf5\" data-element_type=\"column\">\n\t\t\t<div class=\"elementor-widget-wrap elementor-element-populated\">\n\t\t\t\t\t\t<div class=\"elementor-element elementor-element-157d31a elementor-widget elementor-widget-image\" data-id=\"157d31a\" data-element_type=\"widget\" data-widget_type=\"image.default\">\n\t\t\t\t<div class=\"elementor-widget-container\">\n\t\t\t\t\t\t\t\t\t\t\t\t\t\t\t<img fetchpriority=\"high\" decoding=\"async\" width=\"724\" height=\"1024\" src=\"https:\/\/blogsaverroes.juntadeandalucia.es\/iescelti\/files\/2023\/06\/WhatsApp-Image-2023-06-28-at-10.34.35-724x1024.jpeg\" class=\"attachment-large size-large wp-image-3974\" alt=\"\" srcset=\"https:\/\/blogsaverroes.juntadeandalucia.es\/iescelti\/files\/2023\/06\/WhatsApp-Image-2023-06-28-at-10.34.35-724x1024.jpeg 724w, https:\/\/blogsaverroes.juntadeandalucia.es\/iescelti\/files\/2023\/06\/WhatsApp-Image-2023-06-28-at-10.34.35-212x300.jpeg 212w, https:\/\/blogsaverroes.juntadeandalucia.es\/iescelti\/files\/2023\/06\/WhatsApp-Image-2023-06-28-at-10.34.35-768x1086.jpeg 768w, https:\/\/blogsaverroes.juntadeandalucia.es\/iescelti\/files\/2023\/06\/WhatsApp-Image-2023-06-28-at-10.34.35-1086x1536.jpeg 1086w, https:\/\/blogsaverroes.juntadeandalucia.es\/iescelti\/files\/2023\/06\/WhatsApp-Image-2023-06-28-at-10.34.35.jpeg 1131w\" sizes=\"(max-width: 724px) 100vw, 724px\" \/>\t\t\t\t\t\t\t\t\t\t\t\t\t\t\t<\/div>\n\t\t\t\t<\/div>\n\t\t\t\t\t<\/div>\n\t\t<\/div>\n\t\t\t\t\t<\/div>\n\t\t<\/section>\n\t\t\t\t<section class=\"elementor-section elementor-top-section elementor-element elementor-element-1900ed8 elementor-section-boxed elementor-section-height-default elementor-section-height-default\" data-id=\"1900ed8\" data-element_type=\"section\">\n\t\t\t\t\t\t<div class=\"elementor-container elementor-column-gap-default\">\n\t\t\t\t\t<div class=\"elementor-column elementor-col-100 elementor-top-column elementor-element elementor-element-bf63d27\" data-id=\"bf63d27\" data-element_type=\"column\">\n\t\t\t<div class=\"elementor-widget-wrap elementor-element-populated\">\n\t\t\t\t\t\t<div class=\"elementor-element elementor-element-d8f414f elementor-widget elementor-widget-spacer\" data-id=\"d8f414f\" data-element_type=\"widget\" data-widget_type=\"spacer.default\">\n\t\t\t\t<div class=\"elementor-widget-container\">\n\t\t\t\t\t\t\t<div class=\"elementor-spacer\">\n\t\t\t<div class=\"elementor-spacer-inner\"><\/div>\n\t\t<\/div>\n\t\t\t\t\t\t<\/div>\n\t\t\t\t<\/div>\n\t\t\t\t\t<\/div>\n\t\t<\/div>\n\t\t\t\t\t<\/div>\n\t\t<\/section>\n\t\t\t\t<section class=\"elementor-section elementor-top-section elementor-element elementor-element-d5c1b4f elementor-section-boxed elementor-section-height-default elementor-section-height-default\" data-id=\"d5c1b4f\" data-element_type=\"section\">\n\t\t\t\t\t\t<div class=\"elementor-container elementor-column-gap-default\">\n\t\t\t\t\t<div class=\"elementor-column elementor-col-100 elementor-top-column elementor-element elementor-element-c690b95\" data-id=\"c690b95\" data-element_type=\"column\">\n\t\t\t<div class=\"elementor-widget-wrap elementor-element-populated\">\n\t\t\t\t\t\t<div class=\"elementor-element elementor-element-a5bcf16 elementor-widget elementor-widget-text-editor\" data-id=\"a5bcf16\" data-element_type=\"widget\" data-widget_type=\"text-editor.default\">\n\t\t\t\t<div class=\"elementor-widget-container\">\n\t\t\t\t\t\t\t\t\t<p><span style=\"font-size: 15.008px\">El resultado fue que nos gustaron todos los dise\u00f1os presentados, de modo que se estudi\u00f3 la forma de integrar todos ellos en un solo logo. \u00bfQu\u00e9 os parece el resultado?<\/span><\/p>\t\t\t\t\t\t\t\t<\/div>\n\t\t\t\t<\/div>\n\t\t\t\t\t<\/div>\n\t\t<\/div>\n\t\t\t\t\t<\/div>\n\t\t<\/section>\n\t\t\t\t<section class=\"elementor-section elementor-top-section elementor-element elementor-element-342ff7f elementor-section-boxed elementor-section-height-default elementor-section-height-default\" data-id=\"342ff7f\" data-element_type=\"section\">\n\t\t\t\t\t\t<div class=\"elementor-container elementor-column-gap-default\">\n\t\t\t\t\t<div class=\"elementor-column elementor-col-100 elementor-top-column elementor-element elementor-element-c453215\" data-id=\"c453215\" data-element_type=\"column\">\n\t\t\t<div class=\"elementor-widget-wrap elementor-element-populated\">\n\t\t\t\t\t\t<div class=\"elementor-element elementor-element-328a53f elementor-widget elementor-widget-image-gallery\" data-id=\"328a53f\" data-element_type=\"widget\" data-widget_type=\"image-gallery.default\">\n\t\t\t\t<div class=\"elementor-widget-container\">\n\t\t\t\t\t\t\t<div class=\"elementor-image-gallery\">\n\t\t\t\n\t\t<style>\n\t\t\t#gallery-1 {\n\t\t\t\tmargin: auto;\n\t\t\t}\n\t\t\t#gallery-1 .gallery-item {\n\t\t\t\tfloat: left;\n\t\t\t\tmargin-top: 10px;\n\t\t\t\ttext-align: center;\n\t\t\t\twidth: 33%;\n\t\t\t}\n\t\t\t#gallery-1 img {\n\t\t\t\tborder: 2px solid #cfcfcf;\n\t\t\t}\n\t\t\t#gallery-1 .gallery-caption {\n\t\t\t\tmargin-left: 0;\n\t\t\t}\n\t\t\t\/* see gallery_shortcode() in wp-includes\/media.php *\/\n\t\t<\/style>\n\t\t<div id='gallery-1' class='gallery galleryid-3964 gallery-columns-3 gallery-size-thumbnail'><dl class='gallery-item'>\n\t\t\t<dt class='gallery-icon landscape'>\n\t\t\t\t<a data-elementor-open-lightbox=\"yes\" data-elementor-lightbox-slideshow=\"328a53f\" data-elementor-lightbox-title=\"Castro\" data-e-action-hash=\"#elementor-action%3Aaction%3Dlightbox%26settings%3DeyJpZCI6Mzk2NywidXJsIjoiaHR0cHM6XC9cL2Jsb2dzYXZlcnJvZXMuanVudGFkZWFuZGFsdWNpYS5lc1wvaWVzY2VsdGlcL2ZpbGVzXC8yMDIzXC8wNlwvQ2FzdHJvLmpwZWciLCJzbGlkZXNob3ciOiIzMjhhNTNmIn0%3D\" href='https:\/\/blogsaverroes.juntadeandalucia.es\/iescelti\/files\/2023\/06\/Castro.jpeg'><img decoding=\"async\" width=\"150\" height=\"150\" src=\"https:\/\/blogsaverroes.juntadeandalucia.es\/iescelti\/files\/2023\/06\/Castro-150x150.jpeg\" class=\"attachment-thumbnail size-thumbnail\" alt=\"\" aria-describedby=\"gallery-1-3967\" \/><\/a>\n\t\t\t<\/dt>\n\t\t\t\t<dd class='wp-caption-text gallery-caption' id='gallery-1-3967'>\n\t\t\t\tCarmen Castro Castro\n\t\t\t\t<\/dd><\/dl><dl class='gallery-item'>\n\t\t\t<dt class='gallery-icon portrait'>\n\t\t\t\t<a data-elementor-open-lightbox=\"yes\" data-elementor-lightbox-slideshow=\"328a53f\" data-elementor-lightbox-title=\"Bernaza\" data-e-action-hash=\"#elementor-action%3Aaction%3Dlightbox%26settings%3DeyJpZCI6Mzk2NiwidXJsIjoiaHR0cHM6XC9cL2Jsb2dzYXZlcnJvZXMuanVudGFkZWFuZGFsdWNpYS5lc1wvaWVzY2VsdGlcL2ZpbGVzXC8yMDIzXC8wNlwvQmVybmF6YS5qcGVnIiwic2xpZGVzaG93IjoiMzI4YTUzZiJ9\" href='https:\/\/blogsaverroes.juntadeandalucia.es\/iescelti\/files\/2023\/06\/Bernaza.jpeg'><img decoding=\"async\" width=\"150\" height=\"150\" src=\"https:\/\/blogsaverroes.juntadeandalucia.es\/iescelti\/files\/2023\/06\/Bernaza-150x150.jpeg\" class=\"attachment-thumbnail size-thumbnail\" alt=\"\" aria-describedby=\"gallery-1-3966\" \/><\/a>\n\t\t\t<\/dt>\n\t\t\t\t<dd class='wp-caption-text gallery-caption' id='gallery-1-3966'>\n\t\t\t\tAinhoa Bernaza S\u00e1nchez\n\t\t\t\t<\/dd><\/dl><dl class='gallery-item'>\n\t\t\t<dt class='gallery-icon portrait'>\n\t\t\t\t<a data-elementor-open-lightbox=\"yes\" data-elementor-lightbox-slideshow=\"328a53f\" data-elementor-lightbox-title=\"Juan Carlos\" data-e-action-hash=\"#elementor-action%3Aaction%3Dlightbox%26settings%3DeyJpZCI6Mzk2OCwidXJsIjoiaHR0cHM6XC9cL2Jsb2dzYXZlcnJvZXMuanVudGFkZWFuZGFsdWNpYS5lc1wvaWVzY2VsdGlcL2ZpbGVzXC8yMDIzXC8wNlwvSnVhbi1DYXJsb3MuanBlZyIsInNsaWRlc2hvdyI6IjMyOGE1M2YifQ%3D%3D\" href='https:\/\/blogsaverroes.juntadeandalucia.es\/iescelti\/files\/2023\/06\/Juan-Carlos.jpeg'><img loading=\"lazy\" decoding=\"async\" width=\"150\" height=\"150\" src=\"https:\/\/blogsaverroes.juntadeandalucia.es\/iescelti\/files\/2023\/06\/Juan-Carlos-150x150.jpeg\" class=\"attachment-thumbnail size-thumbnail\" alt=\"\" aria-describedby=\"gallery-1-3968\" \/><\/a>\n\t\t\t<\/dt>\n\t\t\t\t<dd class='wp-caption-text gallery-caption' id='gallery-1-3968'>\n\t\t\t\tJuan Carlos Carmona Llamas\n\t\t\t\t<\/dd><\/dl><br style=\"clear: both\" \/>\n\t\t<\/div>\n\t\t<\/div>\n\t\t\t\t\t\t<\/div>\n\t\t\t\t<\/div>\n\t\t\t\t<div class=\"elementor-element elementor-element-286a3db elementor-widget elementor-widget-image\" data-id=\"286a3db\" data-element_type=\"widget\" data-widget_type=\"image.default\">\n\t\t\t\t<div class=\"elementor-widget-container\">\n\t\t\t\t\t\t\t\t\t\t\t\t\t\t\t<img loading=\"lazy\" decoding=\"async\" width=\"1024\" height=\"724\" src=\"https:\/\/blogsaverroes.juntadeandalucia.es\/iescelti\/files\/2023\/06\/WhatsApp-Image-2023-06-28-at-10.18.13-1024x724.jpeg\" class=\"attachment-large size-large wp-image-3973\" alt=\"\" srcset=\"https:\/\/blogsaverroes.juntadeandalucia.es\/iescelti\/files\/2023\/06\/WhatsApp-Image-2023-06-28-at-10.18.13-1024x724.jpeg 1024w, https:\/\/blogsaverroes.juntadeandalucia.es\/iescelti\/files\/2023\/06\/WhatsApp-Image-2023-06-28-at-10.18.13-300x212.jpeg 300w, https:\/\/blogsaverroes.juntadeandalucia.es\/iescelti\/files\/2023\/06\/WhatsApp-Image-2023-06-28-at-10.18.13-768x543.jpeg 768w, https:\/\/blogsaverroes.juntadeandalucia.es\/iescelti\/files\/2023\/06\/WhatsApp-Image-2023-06-28-at-10.18.13-1536x1086.jpeg 1536w, https:\/\/blogsaverroes.juntadeandalucia.es\/iescelti\/files\/2023\/06\/WhatsApp-Image-2023-06-28-at-10.18.13.jpeg 1600w\" sizes=\"(max-width: 1024px) 100vw, 1024px\" \/>\t\t\t\t\t\t\t\t\t\t\t\t\t\t\t<\/div>\n\t\t\t\t<\/div>\n\t\t\t\t\t<\/div>\n\t\t<\/div>\n\t\t\t\t\t<\/div>\n\t\t<\/section>\n\t\t\t\t<section class=\"elementor-section elementor-top-section elementor-element elementor-element-94a7ffa elementor-section-boxed elementor-section-height-default elementor-section-height-default\" data-id=\"94a7ffa\" data-element_type=\"section\">\n\t\t\t\t\t\t<div class=\"elementor-container elementor-column-gap-default\">\n\t\t\t\t\t<div class=\"elementor-column elementor-col-100 elementor-top-column elementor-element elementor-element-4b1ba0a\" data-id=\"4b1ba0a\" data-element_type=\"column\">\n\t\t\t<div class=\"elementor-widget-wrap elementor-element-populated\">\n\t\t\t\t\t\t<div class=\"elementor-element elementor-element-866ad6b elementor-widget-divider--view-line elementor-widget elementor-widget-divider\" data-id=\"866ad6b\" data-element_type=\"widget\" data-widget_type=\"divider.default\">\n\t\t\t\t<div class=\"elementor-widget-container\">\n\t\t\t\t\t\t\t<div class=\"elementor-divider\">\n\t\t\t<span class=\"elementor-divider-separator\">\n\t\t\t\t\t\t<\/span>\n\t\t<\/div>\n\t\t\t\t\t\t<\/div>\n\t\t\t\t<\/div>\n\t\t\t\t\t<\/div>\n\t\t<\/div>\n\t\t\t\t\t<\/div>\n\t\t<\/section>\n\t\t\t\t<section class=\"elementor-section elementor-top-section elementor-element elementor-element-467677c elementor-section-boxed elementor-section-height-default elementor-section-height-default\" data-id=\"467677c\" data-element_type=\"section\">\n\t\t\t\t\t\t<div class=\"elementor-container elementor-column-gap-default\">\n\t\t\t\t\t<div class=\"elementor-column elementor-col-100 elementor-top-column elementor-element elementor-element-f54e09f\" data-id=\"f54e09f\" data-element_type=\"column\">\n\t\t\t<div class=\"elementor-widget-wrap elementor-element-populated\">\n\t\t\t\t\t\t<div class=\"elementor-element elementor-element-740acd8 elementor-arrows-position-inside elementor-pagination-position-outside elementor-widget elementor-widget-image-carousel\" data-id=\"740acd8\" data-element_type=\"widget\" data-settings=\"{&quot;navigation&quot;:&quot;both&quot;,&quot;autoplay&quot;:&quot;yes&quot;,&quot;pause_on_hover&quot;:&quot;yes&quot;,&quot;pause_on_interaction&quot;:&quot;yes&quot;,&quot;autoplay_speed&quot;:5000,&quot;infinite&quot;:&quot;yes&quot;,&quot;speed&quot;:500}\" data-widget_type=\"image-carousel.default\">\n\t\t\t\t<div class=\"elementor-widget-container\">\n\t\t\t\t\t\t\t<div class=\"elementor-image-carousel-wrapper swiper\" role=\"region\" aria-roledescription=\"carousel\" aria-label=\"Carrusel de im\u00e1genes\" dir=\"ltr\">\n\t\t\t<div class=\"elementor-image-carousel swiper-wrapper\" aria-live=\"off\">\n\t\t\t\t\t\t\t\t<div class=\"swiper-slide\" role=\"group\" aria-roledescription=\"slide\" aria-label=\"1 de 4\"><figure class=\"swiper-slide-inner\"><img decoding=\"async\" class=\"swiper-slide-image\" src=\"https:\/\/blogsaverroes.juntadeandalucia.es\/iescelti\/files\/2023\/06\/WhatsApp-Image-2023-06-28-at-10.17.06-1-150x150.jpeg\" alt=\"WhatsApp Image 2023-06-28 at 10.17.06 (1)\" \/><\/figure><\/div><div class=\"swiper-slide\" role=\"group\" aria-roledescription=\"slide\" aria-label=\"2 de 4\"><figure class=\"swiper-slide-inner\"><img decoding=\"async\" class=\"swiper-slide-image\" src=\"https:\/\/blogsaverroes.juntadeandalucia.es\/iescelti\/files\/2023\/06\/WhatsApp-Image-2023-06-28-at-10.17.07-150x150.jpeg\" alt=\"WhatsApp Image 2023-06-28 at 10.17.07\" \/><\/figure><\/div><div class=\"swiper-slide\" role=\"group\" aria-roledescription=\"slide\" aria-label=\"3 de 4\"><figure class=\"swiper-slide-inner\"><img decoding=\"async\" class=\"swiper-slide-image\" src=\"https:\/\/blogsaverroes.juntadeandalucia.es\/iescelti\/files\/2023\/06\/WhatsApp-Image-2023-06-28-at-10.17.24-150x150.jpeg\" alt=\"WhatsApp Image 2023-06-28 at 10.17.24\" \/><\/figure><\/div><div class=\"swiper-slide\" role=\"group\" aria-roledescription=\"slide\" aria-label=\"4 de 4\"><figure class=\"swiper-slide-inner\"><img decoding=\"async\" class=\"swiper-slide-image\" src=\"https:\/\/blogsaverroes.juntadeandalucia.es\/iescelti\/files\/2023\/06\/WhatsApp-Image-2023-06-28-at-10.17.06-150x150.jpeg\" alt=\"WhatsApp Image 2023-06-28 at 10.17.06\" \/><\/figure><\/div>\t\t\t<\/div>\n\t\t\t\t\t\t\t\t\t\t\t\t<div class=\"elementor-swiper-button elementor-swiper-button-prev\" role=\"button\" tabindex=\"0\">\n\t\t\t\t\t\t<i aria-hidden=\"true\" class=\"eicon-chevron-left\"><\/i>\t\t\t\t\t<\/div>\n\t\t\t\t\t<div class=\"elementor-swiper-button elementor-swiper-button-next\" role=\"button\" tabindex=\"0\">\n\t\t\t\t\t\t<i aria-hidden=\"true\" class=\"eicon-chevron-right\"><\/i>\t\t\t\t\t<\/div>\n\t\t\t\t\n\t\t\t\t\t\t\t\t\t<div class=\"swiper-pagination\"><\/div>\n\t\t\t\t\t\t\t\t\t<\/div>\n\t\t\t\t\t\t<\/div>\n\t\t\t\t<\/div>\n\t\t\t\t\t<\/div>\n\t\t<\/div>\n\t\t\t\t\t<\/div>\n\t\t<\/section>\n\t\t\t\t<section class=\"elementor-section elementor-top-section elementor-element elementor-element-ecc5081 elementor-section-boxed elementor-section-height-default elementor-section-height-default\" data-id=\"ecc5081\" data-element_type=\"section\">\n\t\t\t\t\t\t<div class=\"elementor-container elementor-column-gap-default\">\n\t\t\t\t\t<div class=\"elementor-column elementor-col-100 elementor-top-column elementor-element elementor-element-4c8719a\" data-id=\"4c8719a\" data-element_type=\"column\">\n\t\t\t<div class=\"elementor-widget-wrap elementor-element-populated\">\n\t\t\t\t\t\t<div class=\"elementor-element elementor-element-96b6786 elementor-widget elementor-widget-text-editor\" data-id=\"96b6786\" data-element_type=\"widget\" data-widget_type=\"text-editor.default\">\n\t\t\t\t<div class=\"elementor-widget-container\">\n\t\t\t\t\t\t\t\t\t<p style=\"text-align: center\">Cada uno de los participantes eligi\u00f3 el libro que deseaba que se le entregase como premio y as\u00ed fue.<\/p>\t\t\t\t\t\t\t\t<\/div>\n\t\t\t\t<\/div>\n\t\t\t\t\t<\/div>\n\t\t<\/div>\n\t\t\t\t\t<\/div>\n\t\t<\/section>\n\t\t\t\t<section class=\"elementor-section elementor-top-section elementor-element elementor-element-bcf3e2d elementor-section-boxed elementor-section-height-default elementor-section-height-default\" data-id=\"bcf3e2d\" data-element_type=\"section\">\n\t\t\t\t\t\t<div class=\"elementor-container elementor-column-gap-default\">\n\t\t\t\t\t<div class=\"elementor-column elementor-col-100 elementor-top-column elementor-element elementor-element-86d1ea0\" data-id=\"86d1ea0\" data-element_type=\"column\">\n\t\t\t<div class=\"elementor-widget-wrap elementor-element-populated\">\n\t\t\t\t\t\t<div class=\"elementor-element elementor-element-0818c26 elementor-widget elementor-widget-text-editor\" data-id=\"0818c26\" data-element_type=\"widget\" data-widget_type=\"text-editor.default\">\n\t\t\t\t<div class=\"elementor-widget-container\">\n\t\t\t\t\t\t\t\t\t<p style=\"text-align: justify\">\u00a0 \u00a0 \u00a0 \u00a0 \u00a0 \u00a0 \u00a0 \u00a0 \u00a0 \u00a0\u00a1GRACIAS POR DEJARNOS A \u00abCA\u00d1EBOLO\u00bb COMO MASCOTA DE NUESTRA BIBLIOTECA!<\/p>\t\t\t\t\t\t\t\t<\/div>\n\t\t\t\t<\/div>\n\t\t\t\t\t<\/div>\n\t\t<\/div>\n\t\t\t\t\t<\/div>\n\t\t<\/section>\n\t\t\t\t<\/div>\n\t\t","protected":false},"excerpt":{"rendered":"<p>CONCURSO LOGO PARA LA BIBLIOTECA Este a\u00f1o el equipo de biblioteca ha convocado un concurso para el dise\u00f1o de una mascota y logo para la biblioteca escolar. Aqu\u00ed os dejamos las bases del concurso.&#46;&#46;&#46;<\/p>\n","protected":false},"author":13029,"featured_media":0,"comment_status":"open","ping_status":"open","sticky":false,"template":"","format":"standard","meta":{"ngg_post_thumbnail":0,"footnotes":""},"categories":[421150],"tags":[],"aioseo_notices":[],"_links":{"self":[{"href":"https:\/\/blogsaverroes.juntadeandalucia.es\/iescelti\/wp-json\/wp\/v2\/posts\/3964"}],"collection":[{"href":"https:\/\/blogsaverroes.juntadeandalucia.es\/iescelti\/wp-json\/wp\/v2\/posts"}],"about":[{"href":"https:\/\/blogsaverroes.juntadeandalucia.es\/iescelti\/wp-json\/wp\/v2\/types\/post"}],"author":[{"embeddable":true,"href":"https:\/\/blogsaverroes.juntadeandalucia.es\/iescelti\/wp-json\/wp\/v2\/users\/13029"}],"replies":[{"embeddable":true,"href":"https:\/\/blogsaverroes.juntadeandalucia.es\/iescelti\/wp-json\/wp\/v2\/comments?post=3964"}],"version-history":[{"count":15,"href":"https:\/\/blogsaverroes.juntadeandalucia.es\/iescelti\/wp-json\/wp\/v2\/posts\/3964\/revisions"}],"predecessor-version":[{"id":4006,"href":"https:\/\/blogsaverroes.juntadeandalucia.es\/iescelti\/wp-json\/wp\/v2\/posts\/3964\/revisions\/4006"}],"wp:attachment":[{"href":"https:\/\/blogsaverroes.juntadeandalucia.es\/iescelti\/wp-json\/wp\/v2\/media?parent=3964"}],"wp:term":[{"taxonomy":"category","embeddable":true,"href":"https:\/\/blogsaverroes.juntadeandalucia.es\/iescelti\/wp-json\/wp\/v2\/categories?post=3964"},{"taxonomy":"post_tag","embeddable":true,"href":"https:\/\/blogsaverroes.juntadeandalucia.es\/iescelti\/wp-json\/wp\/v2\/tags?post=3964"}],"curies":[{"name":"wp","href":"https:\/\/api.w.org\/{rel}","templated":true}]}}