{"id":4713,"date":"2025-06-30T08:45:54","date_gmt":"2025-06-30T08:45:54","guid":{"rendered":"https:\/\/blogsaverroes.juntadeandalucia.es\/iescelti\/?p=4713"},"modified":"2025-06-30T09:57:01","modified_gmt":"2025-06-30T09:57:01","slug":"elementor-4713","status":"publish","type":"post","link":"https:\/\/blogsaverroes.juntadeandalucia.es\/iescelti\/2025\/06\/30\/elementor-4713\/","title":{"rendered":"Relatos de terror en Halloween"},"content":{"rendered":"\t\t<div data-elementor-type=\"wp-post\" data-elementor-id=\"4713\" class=\"elementor elementor-4713\">\n\t\t\t\t\t\t<section class=\"elementor-section elementor-top-section elementor-element elementor-element-bf349d2 elementor-section-boxed elementor-section-height-default elementor-section-height-default\" data-id=\"bf349d2\" data-element_type=\"section\">\n\t\t\t\t\t\t<div class=\"elementor-container elementor-column-gap-default\">\n\t\t\t\t\t<div class=\"elementor-column elementor-col-100 elementor-top-column elementor-element elementor-element-bec13d5\" data-id=\"bec13d5\" data-element_type=\"column\">\n\t\t\t<div class=\"elementor-widget-wrap elementor-element-populated\">\n\t\t\t\t\t\t<div class=\"elementor-element elementor-element-fab37e0 elementor-widget elementor-widget-heading\" data-id=\"fab37e0\" data-element_type=\"widget\" data-widget_type=\"heading.default\">\n\t\t\t\t<div class=\"elementor-widget-container\">\n\t\t\t\t\t<h2 class=\"elementor-heading-title elementor-size-default\">Relatos de terror en Halloween<\/h2>\t\t\t\t<\/div>\n\t\t\t\t<\/div>\n\t\t\t\t\t<\/div>\n\t\t<\/div>\n\t\t\t\t\t<\/div>\n\t\t<\/section>\n\t\t\t\t<section class=\"elementor-section elementor-top-section elementor-element elementor-element-8e4ddd5 elementor-section-boxed elementor-section-height-default elementor-section-height-default\" data-id=\"8e4ddd5\" data-element_type=\"section\">\n\t\t\t\t\t\t<div class=\"elementor-container elementor-column-gap-default\">\n\t\t\t\t\t<div class=\"elementor-column elementor-col-100 elementor-top-column elementor-element elementor-element-c94edfb\" data-id=\"c94edfb\" data-element_type=\"column\">\n\t\t\t<div class=\"elementor-widget-wrap elementor-element-populated\">\n\t\t\t\t\t\t<div class=\"elementor-element elementor-element-30435b1 elementor-widget elementor-widget-text-editor\" data-id=\"30435b1\" data-element_type=\"widget\" data-widget_type=\"text-editor.default\">\n\t\t\t\t<div class=\"elementor-widget-container\">\n\t\t\t\t\t\t\t\t\t<p><span style=\"color: #000000;font-family: Verdana, Arial, Helvetica, sans-serif;font-size: 14px;font-style: normal;font-weight: 400\">Con motivo de Halloween, el mi\u00e9rcoles 30 de octubre los alumnos leyeron cuentos de terror durante su hora de lectura. Para ello, se seleccionaron cuatro cuentos que son referentes en la narrativa corta de terror.<\/span><br style=\"color: #000000;font-family: Verdana, Arial, Helvetica, sans-serif;font-size: 14px\" \/><span style=\"color: #000000;font-family: Verdana, Arial, Helvetica, sans-serif;font-size: 14px;font-style: normal;font-weight: 400\">La propuesta de actividad fue la siguiente:<\/span><br style=\"color: #000000;font-family: Verdana, Arial, Helvetica, sans-serif;font-size: 14px\" \/><span style=\"color: #000000;font-family: Verdana, Arial, Helvetica, sans-serif;font-size: 14px;font-style: normal;font-weight: 400\">1. Lectura en voz alta, por parte de uno, dos o tres alumnos (a elecci\u00f3n del profesor) dirigida a todo el grupo.\u00a0<\/span><br style=\"color: #000000;font-family: Verdana, Arial, Helvetica, sans-serif;font-size: 14px\" \/><span style=\"color: #000000;font-family: Verdana, Arial, Helvetica, sans-serif;font-size: 14px;font-style: normal;font-weight: 400\">2. Tras la lectura, se propuso comentar brevemente el relato antes de pasar a realizar de manera grupal un \u00fanico trabajo sobre el cuento, que fue expuesto posteriormente: un mural, una infograf\u00eda, un peque\u00f1o c\u00f3mic,&#8230;<\/span><br style=\"color: #000000;font-family: Verdana, Arial, Helvetica, sans-serif;font-size: 14px\" \/><span style=\"color: #000000;font-family: Verdana, Arial, Helvetica, sans-serif;font-size: 14px;font-style: normal;font-weight: 400\">Los textos seleccionados fueron los siguientes:<\/span><br style=\"color: #000000;font-family: Verdana, Arial, Helvetica, sans-serif;font-size: 14px\" \/><span style=\"color: #000000;font-family: Verdana, Arial, Helvetica, sans-serif;font-size: 14px;font-style: normal;font-weight: 400\">1\u00b0 ESO: \u00abLa muerta\u00bb, de Guy de Maupassant.<\/span><br style=\"color: #000000;font-family: Verdana, Arial, Helvetica, sans-serif;font-size: 14px\" \/><span style=\"color: #000000;font-family: Verdana, Arial, Helvetica, sans-serif;font-size: 14px;font-style: normal;font-weight: 400\">2\u00b0 ESO: \u00abEl almohad\u00f3n de plumas\u00bb, de Horacio Quiroga.<\/span><br style=\"color: #000000;font-family: Verdana, Arial, Helvetica, sans-serif;font-size: 14px\" \/><span style=\"color: #000000;font-family: Verdana, Arial, Helvetica, sans-serif;font-size: 14px;font-style: normal;font-weight: 400\">3\u00b0 ESO: \u00abEl coraz\u00f3n delator\u00bb, de E. A. Poe<\/span><br style=\"color: #000000;font-family: Verdana, Arial, Helvetica, sans-serif;font-size: 14px\" \/><span style=\"color: #000000;font-family: Verdana, Arial, Helvetica, sans-serif;font-size: 14px;font-style: normal;font-weight: 400\">4\u00b0 ESO: \u00abLa bestia de la cueva\u00bb, de\u00a0<\/span><a style=\"font-family: Verdana, Arial, Helvetica, sans-serif;font-size: 14px;font-style: normal;font-weight: 400\" href=\"http:\/\/H.P\" target=\"_blank\" rel=\"noopener\">H.P<\/a><span style=\"color: #000000;font-family: Verdana, Arial, Helvetica, sans-serif;font-size: 14px;font-style: normal;font-weight: 400\">. Lovecraft.<\/span><\/p>\t\t\t\t\t\t\t\t<\/div>\n\t\t\t\t<\/div>\n\t\t\t\t\t<\/div>\n\t\t<\/div>\n\t\t\t\t\t<\/div>\n\t\t<\/section>\n\t\t\t\t<\/div>\n\t\t","protected":false},"excerpt":{"rendered":"<p>Relatos de terror en Halloween Con motivo de Halloween, el mi\u00e9rcoles 30 de octubre los alumnos leyeron cuentos de terror durante su hora de lectura. Para ello, se seleccionaron cuatro cuentos que son referentes&#46;&#46;&#46;<\/p>\n","protected":false},"author":13029,"featured_media":0,"comment_status":"open","ping_status":"open","sticky":false,"template":"","format":"standard","meta":{"ngg_post_thumbnail":0,"footnotes":""},"categories":[421150],"tags":[],"aioseo_notices":[],"_links":{"self":[{"href":"https:\/\/blogsaverroes.juntadeandalucia.es\/iescelti\/wp-json\/wp\/v2\/posts\/4713"}],"collection":[{"href":"https:\/\/blogsaverroes.juntadeandalucia.es\/iescelti\/wp-json\/wp\/v2\/posts"}],"about":[{"href":"https:\/\/blogsaverroes.juntadeandalucia.es\/iescelti\/wp-json\/wp\/v2\/types\/post"}],"author":[{"embeddable":true,"href":"https:\/\/blogsaverroes.juntadeandalucia.es\/iescelti\/wp-json\/wp\/v2\/users\/13029"}],"replies":[{"embeddable":true,"href":"https:\/\/blogsaverroes.juntadeandalucia.es\/iescelti\/wp-json\/wp\/v2\/comments?post=4713"}],"version-history":[{"count":7,"href":"https:\/\/blogsaverroes.juntadeandalucia.es\/iescelti\/wp-json\/wp\/v2\/posts\/4713\/revisions"}],"predecessor-version":[{"id":4732,"href":"https:\/\/blogsaverroes.juntadeandalucia.es\/iescelti\/wp-json\/wp\/v2\/posts\/4713\/revisions\/4732"}],"wp:attachment":[{"href":"https:\/\/blogsaverroes.juntadeandalucia.es\/iescelti\/wp-json\/wp\/v2\/media?parent=4713"}],"wp:term":[{"taxonomy":"category","embeddable":true,"href":"https:\/\/blogsaverroes.juntadeandalucia.es\/iescelti\/wp-json\/wp\/v2\/categories?post=4713"},{"taxonomy":"post_tag","embeddable":true,"href":"https:\/\/blogsaverroes.juntadeandalucia.es\/iescelti\/wp-json\/wp\/v2\/tags?post=4713"}],"curies":[{"name":"wp","href":"https:\/\/api.w.org\/{rel}","templated":true}]}}