{"id":6144,"date":"2025-04-02T07:35:40","date_gmt":"2025-04-02T07:35:40","guid":{"rendered":"https:\/\/blogsaverroes.juntadeandalucia.es\/ieschristinepicasso\/?p=6144"},"modified":"2025-04-02T07:43:34","modified_gmt":"2025-04-02T07:43:34","slug":"montaje-de-instrumentos-musicales","status":"publish","type":"post","link":"https:\/\/blogsaverroes.juntadeandalucia.es\/ieschristinepicasso\/2025\/04\/02\/montaje-de-instrumentos-musicales\/","title":{"rendered":"MONTAJE DE INSTRUMENTOS MUSICALES"},"content":{"rendered":"<h2>&nbsp;<\/h2>\n<h2 style=\"text-align: center\"><span style=\"color: #339966\">MONTAJE DE CAJONES FLAMENCOS<\/span><\/h2>\n<p>Siguiendo con el Proyecto de Innovaci\u00f3n Educativa junto con el Dpto. de M\u00fasica y orientado al montaje y empleo de instrumentos musicales en el centro, os dejamos unas fotos del montaje de los \u00faltimos instrumentos que hemos realizado en el taller de Tecnolog\u00eda con el alumnado de 2\u00ba y 3\u00ba ESO.<\/p>\n<p>La idea es que, adem\u00e1s de trabajar con materiales como madera, metal,&#8230; en el taller de Tecnolog\u00eda, podamos usar dichos instrumentos por el alumnado en la asignatura de M\u00fasica para componer partituras.<\/p>\n<p style=\"text-align: center\">\u00a1Dentro fotos!<\/p>\nngg_shortcode_0_placeholder\n","protected":false},"excerpt":{"rendered":"<p>&nbsp; MONTAJE DE CAJONES FLAMENCOS Siguiendo con el Proyecto de Innovaci\u00f3n Educativa junto con el Dpto. de M\u00fasica y orientado al montaje y empleo de instrumentos musicales en el centro, os dejamos unas fotos&#46;&#46;&#46;<\/p>\n","protected":false},"author":2271,"featured_media":6150,"comment_status":"closed","ping_status":"open","sticky":false,"template":"","format":"standard","meta":{"ngg_post_thumbnail":0,"footnotes":""},"categories":[5991,25507,1761],"tags":[],"aioseo_notices":[],"_links":{"self":[{"href":"https:\/\/blogsaverroes.juntadeandalucia.es\/ieschristinepicasso\/wp-json\/wp\/v2\/posts\/6144"}],"collection":[{"href":"https:\/\/blogsaverroes.juntadeandalucia.es\/ieschristinepicasso\/wp-json\/wp\/v2\/posts"}],"about":[{"href":"https:\/\/blogsaverroes.juntadeandalucia.es\/ieschristinepicasso\/wp-json\/wp\/v2\/types\/post"}],"author":[{"embeddable":true,"href":"https:\/\/blogsaverroes.juntadeandalucia.es\/ieschristinepicasso\/wp-json\/wp\/v2\/users\/2271"}],"replies":[{"embeddable":true,"href":"https:\/\/blogsaverroes.juntadeandalucia.es\/ieschristinepicasso\/wp-json\/wp\/v2\/comments?post=6144"}],"version-history":[{"count":3,"href":"https:\/\/blogsaverroes.juntadeandalucia.es\/ieschristinepicasso\/wp-json\/wp\/v2\/posts\/6144\/revisions"}],"predecessor-version":[{"id":6153,"href":"https:\/\/blogsaverroes.juntadeandalucia.es\/ieschristinepicasso\/wp-json\/wp\/v2\/posts\/6144\/revisions\/6153"}],"wp:featuredmedia":[{"embeddable":true,"href":"https:\/\/blogsaverroes.juntadeandalucia.es\/ieschristinepicasso\/wp-json\/wp\/v2\/media\/6150"}],"wp:attachment":[{"href":"https:\/\/blogsaverroes.juntadeandalucia.es\/ieschristinepicasso\/wp-json\/wp\/v2\/media?parent=6144"}],"wp:term":[{"taxonomy":"category","embeddable":true,"href":"https:\/\/blogsaverroes.juntadeandalucia.es\/ieschristinepicasso\/wp-json\/wp\/v2\/categories?post=6144"},{"taxonomy":"post_tag","embeddable":true,"href":"https:\/\/blogsaverroes.juntadeandalucia.es\/ieschristinepicasso\/wp-json\/wp\/v2\/tags?post=6144"}],"curies":[{"name":"wp","href":"https:\/\/api.w.org\/{rel}","templated":true}]}}