{"id":4681,"date":"2022-11-05T20:13:54","date_gmt":"2022-11-05T20:13:54","guid":{"rendered":"https:\/\/blogsaverroes.juntadeandalucia.es\/ieschristinepicasso2\/?p=4681"},"modified":"2022-11-05T20:15:02","modified_gmt":"2022-11-05T20:15:02","slug":"32-fancine","status":"publish","type":"post","link":"https:\/\/blogsaverroes.juntadeandalucia.es\/ieschristinepicasso2\/2022\/11\/05\/32-fancine\/","title":{"rendered":"FANCINE 32 EDICI\u00d3N"},"content":{"rendered":"<h2 style=\"text-align: center\"><span style=\"color: #339966\">32 EDICI\u00d3N DE FANCINE<\/span><\/h2>\n<p style=\"text-align: justify\">El pasado jueves 3 de noviembre, el alumnado de 2\u00ba PMAR y 3\u00ba DIVERSIFICACI\u00d3N visit\u00f3 el Paraninfo de la Universidad de M\u00e1laga con motivo del <strong>Festival de Cine Fant\u00e1stico de la Universidad de M\u00e1laga en su 32 edici\u00f3n<\/strong>. Los profesores que acompa\u00f1aron al alumnado en esta actividad fueron Carmen de Nicol\u00e1s y Jos\u00e9 Ruiz.<\/p>\n<p style=\"text-align: justify\">En la misma pudo visionar la pel\u00edcula de Ciencia Ficci\u00f3n <strong>TENET <\/strong>de Christopher Nolan. En ella&nbsp;el protagonista de la historia deber\u00e1 pelear por la supervivencia del mundo entero en una misi\u00f3n que le lleva a viajar a trav\u00e9s del oscuro mundo del espionaje internacional, y cuya experiencia se desdoblar\u00e1 m\u00e1s all\u00e1 del tiempo lineal.<\/p>\n<p style=\"text-align: justify\">Posteriormente, al visionado tuvo lugar un debate en el que el p\u00fablico asistente de los distintos institutos pudo \u00abdesentra\u00f1ar\u00bb a los personajes, as\u00ed como aspectos m\u00e1s complejos de la misma.<\/p>\n<p style=\"text-align: justify\">Fue una actividad que result\u00f3 muy interesante para tod@s.<\/p>\n<p><img loading=\"lazy\" decoding=\"async\" class=\"aligncenter wp-image-4682\" src=\"https:\/\/blogsaverroes.juntadeandalucia.es\/ieschristinepicasso2\/files\/2022\/11\/32FANCINE-150x150.jpg\" alt=\"\" width=\"228\" height=\"228\"><\/p>\n<p>&nbsp;<\/p>\n","protected":false},"excerpt":{"rendered":"<p>32 EDICI\u00d3N DE FANCINE El pasado jueves 3 de noviembre, el alumnado de 2\u00ba PMAR y 3\u00ba DIVERSIFICACI\u00d3N visit\u00f3 el Paraninfo de la Universidad de M\u00e1laga con motivo del Festival de Cine Fant\u00e1stico de&#46;&#46;&#46;<\/p>\n","protected":false},"author":2271,"featured_media":4682,"comment_status":"closed","ping_status":"open","sticky":false,"template":"","format":"standard","meta":{"ngg_post_thumbnail":0,"footnotes":""},"categories":[5991],"tags":[],"aioseo_notices":[],"_links":{"self":[{"href":"https:\/\/blogsaverroes.juntadeandalucia.es\/ieschristinepicasso2\/wp-json\/wp\/v2\/posts\/4681"}],"collection":[{"href":"https:\/\/blogsaverroes.juntadeandalucia.es\/ieschristinepicasso2\/wp-json\/wp\/v2\/posts"}],"about":[{"href":"https:\/\/blogsaverroes.juntadeandalucia.es\/ieschristinepicasso2\/wp-json\/wp\/v2\/types\/post"}],"author":[{"embeddable":true,"href":"https:\/\/blogsaverroes.juntadeandalucia.es\/ieschristinepicasso2\/wp-json\/wp\/v2\/users\/2271"}],"replies":[{"embeddable":true,"href":"https:\/\/blogsaverroes.juntadeandalucia.es\/ieschristinepicasso2\/wp-json\/wp\/v2\/comments?post=4681"}],"version-history":[{"count":3,"href":"https:\/\/blogsaverroes.juntadeandalucia.es\/ieschristinepicasso2\/wp-json\/wp\/v2\/posts\/4681\/revisions"}],"predecessor-version":[{"id":4685,"href":"https:\/\/blogsaverroes.juntadeandalucia.es\/ieschristinepicasso2\/wp-json\/wp\/v2\/posts\/4681\/revisions\/4685"}],"wp:featuredmedia":[{"embeddable":true,"href":"https:\/\/blogsaverroes.juntadeandalucia.es\/ieschristinepicasso2\/wp-json\/wp\/v2\/media\/4682"}],"wp:attachment":[{"href":"https:\/\/blogsaverroes.juntadeandalucia.es\/ieschristinepicasso2\/wp-json\/wp\/v2\/media?parent=4681"}],"wp:term":[{"taxonomy":"category","embeddable":true,"href":"https:\/\/blogsaverroes.juntadeandalucia.es\/ieschristinepicasso2\/wp-json\/wp\/v2\/categories?post=4681"},{"taxonomy":"post_tag","embeddable":true,"href":"https:\/\/blogsaverroes.juntadeandalucia.es\/ieschristinepicasso2\/wp-json\/wp\/v2\/tags?post=4681"}],"curies":[{"name":"wp","href":"https:\/\/api.w.org\/{rel}","templated":true}]}}