{"id":3888,"date":"2020-06-03T12:46:27","date_gmt":"2020-06-03T11:46:27","guid":{"rendered":"https:\/\/blogsaverroes.juntadeandalucia.es\/iesconchamendezcuesta\/?p=3888"},"modified":"2020-06-03T12:46:27","modified_gmt":"2020-06-03T11:46:27","slug":"matriculacion-del-1-al-10-de-julio","status":"publish","type":"post","link":"https:\/\/blogsaverroes.juntadeandalucia.es\/iesconchamendezcuesta\/2020\/06\/03\/matriculacion-del-1-al-10-de-julio\/","title":{"rendered":"MATRICULACI\u00d3N DEL 1 AL 10 DE JULIO"},"content":{"rendered":"<p>Estimados\/as padres y madres:<\/p>\n<p>LA MATRICULACI\u00d3N EN NUESTRO IES DE SU HIJO\/A LA DEBER\u00c1 HACER <strong>DEL 1 AL 10 DE JULIO<\/strong>, TELEM\u00c1TICAMENTE.<\/p>\n<p>Sacaremos <strong>instrucciones muy claras<\/strong> en la p\u00e1gina WEB y a trav\u00e9s del tabl\u00f3n de anuncios de PASEN <strong>en la segunda quincena de junio<\/strong>.<\/p>\n<p>Les adelantamos que habr\u00e1 tres m\u00e9todos de identificaci\u00f3n:<\/p>\n<p><img fetchpriority=\"high\" decoding=\"async\" class=\"alignnone wp-image-3889 size-medium\" src=\"https:\/\/blogsaverroes.juntadeandalucia.es\/iesconchamendezcuesta\/files\/2020\/06\/WhatsApp-Image-2020-06-03-at-08.34.08-e1591183477981-194x300.jpeg\" alt=\"\" width=\"194\" height=\"300\" srcset=\"https:\/\/blogsaverroes.juntadeandalucia.es\/iesconchamendezcuesta\/files\/2020\/06\/WhatsApp-Image-2020-06-03-at-08.34.08-e1591183477981-194x300.jpeg 194w, https:\/\/blogsaverroes.juntadeandalucia.es\/iesconchamendezcuesta\/files\/2020\/06\/WhatsApp-Image-2020-06-03-at-08.34.08-e1591183477981-97x150.jpeg 97w, https:\/\/blogsaverroes.juntadeandalucia.es\/iesconchamendezcuesta\/files\/2020\/06\/WhatsApp-Image-2020-06-03-at-08.34.08-e1591183477981-768x1187.jpeg 768w, https:\/\/blogsaverroes.juntadeandalucia.es\/iesconchamendezcuesta\/files\/2020\/06\/WhatsApp-Image-2020-06-03-at-08.34.08-e1591183477981-663x1024.jpeg 663w, https:\/\/blogsaverroes.juntadeandalucia.es\/iesconchamendezcuesta\/files\/2020\/06\/WhatsApp-Image-2020-06-03-at-08.34.08-e1591183477981-16x24.jpeg 16w, https:\/\/blogsaverroes.juntadeandalucia.es\/iesconchamendezcuesta\/files\/2020\/06\/WhatsApp-Image-2020-06-03-at-08.34.08-e1591183477981-23x36.jpeg 23w, https:\/\/blogsaverroes.juntadeandalucia.es\/iesconchamendezcuesta\/files\/2020\/06\/WhatsApp-Image-2020-06-03-at-08.34.08-e1591183477981-31x48.jpeg 31w, https:\/\/blogsaverroes.juntadeandalucia.es\/iesconchamendezcuesta\/files\/2020\/06\/WhatsApp-Image-2020-06-03-at-08.34.08-e1591183477981.jpeg 800w\" sizes=\"(max-width: 194px) 100vw, 194px\" \/><\/p>\n<p>De los tres m\u00e9todos, uno es mediante la <strong>clave iANDE<\/strong>.<\/p>\n<p>La Consejer\u00eda de Educaci\u00f3n ha mandado una comunicaci\u00f3n por PASEN a las familias:<\/p>\n<p><a href=\"https:\/\/youtu.be\/5b0TRhYDrOM\" target=\"_blank\" rel=\"noopener noreferrer\">https:\/\/youtu.be\/5b0TRhYDrOM<\/a><\/p>\n<p>Parece que, a todas las familias, no les ha llegado, por lo que enviaremos, entre el 15 y el 30 de junio, la clave iANDE a vuestro e-mail que ten\u00e9is en iPASEN. MUY IMPORTANTE: Comprobar vuestro e-mail en \u00abMis datos\u00bb:<\/p>\n<p><img decoding=\"async\" class=\"alignnone size-medium wp-image-3892\" src=\"https:\/\/blogsaverroes.juntadeandalucia.es\/iesconchamendezcuesta\/files\/2020\/06\/WhatsApp-Image-2020-06-03-at-13.39.58-300x228.jpeg\" alt=\"\" width=\"300\" height=\"228\" srcset=\"https:\/\/blogsaverroes.juntadeandalucia.es\/iesconchamendezcuesta\/files\/2020\/06\/WhatsApp-Image-2020-06-03-at-13.39.58-300x228.jpeg 300w, https:\/\/blogsaverroes.juntadeandalucia.es\/iesconchamendezcuesta\/files\/2020\/06\/WhatsApp-Image-2020-06-03-at-13.39.58-150x114.jpeg 150w, https:\/\/blogsaverroes.juntadeandalucia.es\/iesconchamendezcuesta\/files\/2020\/06\/WhatsApp-Image-2020-06-03-at-13.39.58-768x584.jpeg 768w, https:\/\/blogsaverroes.juntadeandalucia.es\/iesconchamendezcuesta\/files\/2020\/06\/WhatsApp-Image-2020-06-03-at-13.39.58.jpeg 1024w, https:\/\/blogsaverroes.juntadeandalucia.es\/iesconchamendezcuesta\/files\/2020\/06\/WhatsApp-Image-2020-06-03-at-13.39.58-24x18.jpeg 24w, https:\/\/blogsaverroes.juntadeandalucia.es\/iesconchamendezcuesta\/files\/2020\/06\/WhatsApp-Image-2020-06-03-at-13.39.58-36x27.jpeg 36w, https:\/\/blogsaverroes.juntadeandalucia.es\/iesconchamendezcuesta\/files\/2020\/06\/WhatsApp-Image-2020-06-03-at-13.39.58-48x37.jpeg 48w\" sizes=\"(max-width: 300px) 100vw, 300px\" \/> <img decoding=\"async\" class=\"alignnone size-medium wp-image-3893\" src=\"https:\/\/blogsaverroes.juntadeandalucia.es\/iesconchamendezcuesta\/files\/2020\/06\/WhatsApp-Image-2020-06-03-at-13.38.55-150x300.jpeg\" alt=\"\" width=\"150\" height=\"300\" srcset=\"https:\/\/blogsaverroes.juntadeandalucia.es\/iesconchamendezcuesta\/files\/2020\/06\/WhatsApp-Image-2020-06-03-at-13.38.55-150x300.jpeg 150w, https:\/\/blogsaverroes.juntadeandalucia.es\/iesconchamendezcuesta\/files\/2020\/06\/WhatsApp-Image-2020-06-03-at-13.38.55-75x150.jpeg 75w, https:\/\/blogsaverroes.juntadeandalucia.es\/iesconchamendezcuesta\/files\/2020\/06\/WhatsApp-Image-2020-06-03-at-13.38.55-768x1536.jpeg 768w, https:\/\/blogsaverroes.juntadeandalucia.es\/iesconchamendezcuesta\/files\/2020\/06\/WhatsApp-Image-2020-06-03-at-13.38.55-512x1024.jpeg 512w, https:\/\/blogsaverroes.juntadeandalucia.es\/iesconchamendezcuesta\/files\/2020\/06\/WhatsApp-Image-2020-06-03-at-13.38.55-12x24.jpeg 12w, https:\/\/blogsaverroes.juntadeandalucia.es\/iesconchamendezcuesta\/files\/2020\/06\/WhatsApp-Image-2020-06-03-at-13.38.55-18x36.jpeg 18w, https:\/\/blogsaverroes.juntadeandalucia.es\/iesconchamendezcuesta\/files\/2020\/06\/WhatsApp-Image-2020-06-03-at-13.38.55-24x48.jpeg 24w, https:\/\/blogsaverroes.juntadeandalucia.es\/iesconchamendezcuesta\/files\/2020\/06\/WhatsApp-Image-2020-06-03-at-13.38.55.jpeg 800w\" sizes=\"(max-width: 150px) 100vw, 150px\" \/><\/p>\n<p>Adem\u00e1s la enviaremos a ambos progenitores, luego deb\u00e9is tener actualizados ambos el e-mail (Recordemos que cada padre\/madre tiene su propia credencial)<\/p>\n<p><a href=\"https:\/\/blogsaverroes.juntadeandalucia.es\/iesconchamendezcuesta\/pasen\/\" target=\"_blank\" rel=\"noopener noreferrer\">https:\/\/blogsaverroes.juntadeandalucia.es\/iesconchamendezcuesta\/pasen\/<\/a><\/p>\n<p>Para dudas pueden escribir a secretcmc@gmail.com<\/p>\n<p>Gracias y saludos cordiales.<\/p>\n","protected":false},"excerpt":{"rendered":"<p>Estimados\/as padres y madres: LA MATRICULACI\u00d3N EN NUESTRO IES DE SU HIJO\/A LA DEBER\u00c1 HACER DEL 1 AL 10 DE JULIO, TELEM\u00c1TICAMENTE. Sacaremos instrucciones muy claras en la p\u00e1gina WEB y a trav\u00e9s del&#46;&#46;&#46;<\/p>\n","protected":false},"author":2960,"featured_media":3894,"comment_status":"open","ping_status":"open","sticky":false,"template":"","format":"standard","meta":{"ngg_post_thumbnail":0,"footnotes":""},"categories":[1701,19],"tags":[],"aioseo_notices":[],"_links":{"self":[{"href":"https:\/\/blogsaverroes.juntadeandalucia.es\/iesconchamendezcuesta\/wp-json\/wp\/v2\/posts\/3888"}],"collection":[{"href":"https:\/\/blogsaverroes.juntadeandalucia.es\/iesconchamendezcuesta\/wp-json\/wp\/v2\/posts"}],"about":[{"href":"https:\/\/blogsaverroes.juntadeandalucia.es\/iesconchamendezcuesta\/wp-json\/wp\/v2\/types\/post"}],"author":[{"embeddable":true,"href":"https:\/\/blogsaverroes.juntadeandalucia.es\/iesconchamendezcuesta\/wp-json\/wp\/v2\/users\/2960"}],"replies":[{"embeddable":true,"href":"https:\/\/blogsaverroes.juntadeandalucia.es\/iesconchamendezcuesta\/wp-json\/wp\/v2\/comments?post=3888"}],"version-history":[{"count":1,"href":"https:\/\/blogsaverroes.juntadeandalucia.es\/iesconchamendezcuesta\/wp-json\/wp\/v2\/posts\/3888\/revisions"}],"predecessor-version":[{"id":3895,"href":"https:\/\/blogsaverroes.juntadeandalucia.es\/iesconchamendezcuesta\/wp-json\/wp\/v2\/posts\/3888\/revisions\/3895"}],"wp:featuredmedia":[{"embeddable":true,"href":"https:\/\/blogsaverroes.juntadeandalucia.es\/iesconchamendezcuesta\/wp-json\/wp\/v2\/media\/3894"}],"wp:attachment":[{"href":"https:\/\/blogsaverroes.juntadeandalucia.es\/iesconchamendezcuesta\/wp-json\/wp\/v2\/media?parent=3888"}],"wp:term":[{"taxonomy":"category","embeddable":true,"href":"https:\/\/blogsaverroes.juntadeandalucia.es\/iesconchamendezcuesta\/wp-json\/wp\/v2\/categories?post=3888"},{"taxonomy":"post_tag","embeddable":true,"href":"https:\/\/blogsaverroes.juntadeandalucia.es\/iesconchamendezcuesta\/wp-json\/wp\/v2\/tags?post=3888"}],"curies":[{"name":"wp","href":"https:\/\/api.w.org\/{rel}","templated":true}]}}