{"id":4440,"date":"2021-02-16T05:00:24","date_gmt":"2021-02-16T03:00:24","guid":{"rendered":"https:\/\/blogsaverroes.juntadeandalucia.es\/iesconchamendezcuesta\/?p=4440"},"modified":"2021-02-16T05:39:46","modified_gmt":"2021-02-16T03:39:46","slug":"4440","status":"publish","type":"post","link":"https:\/\/blogsaverroes.juntadeandalucia.es\/iesconchamendezcuesta\/2021\/02\/16\/4440\/","title":{"rendered":"Mujer y Ciencia en el IES CMC"},"content":{"rendered":"<p style=\"text-align: justify\">El 22 de diciembre de 2015, la Asamblea General de las Naciones Unidas decidi\u00f3 celebrar el 11 de febrero el D\u00eda Internacional de la Mujer y la Ni\u00f1a en la Ciencia. Se quiere as\u00ed conmemorar y reconocer la trayectoria de todas aquellas mujeres que han contribuido al avance de la Ciencia y la Tecnolog\u00eda y cuya historia muchas veces ha quedado en el olvido.<\/p>\n<p style=\"text-align: justify\">Esta iniciativa fue impulsada por la Organizaci\u00f3n de las Naciones Unidas para la Educaci\u00f3n, la Ciencia y la Cultura (UNESCO), la ONU-Mujeres y otras organizaciones competentes con el objetivo de promover el acceso equitativo y pleno de mujeres y ni\u00f1as a la educaci\u00f3n en los \u00e1mbitos de la ciencia, la Tecnolog\u00eda, la Ingenier\u00eda y las Matem\u00e1ticas (Educaci\u00f3n STEM).<\/p>\n<p style=\"text-align: justify\">La ciencia y la igualdad de g\u00e9nero son fundamentales para el desarrollo sostenible. Aun as\u00ed, las mujeres siguen encontrando obst\u00e1culos en el campo de la ciencia: menos del 30% de investigadores cient\u00edficos en el mundo son mujeres.<\/p>\n<p style=\"text-align: justify\">Este a\u00f1o en nuestro centro lo hemos querido celebrar contando con la joven cient\u00edfica malague\u00f1a Ana Amaya.&nbsp; A sus 25 a\u00f1os ya destaca en los \u00e1mbitos de la Bioqu\u00edmica y la Biotecnolog\u00eda. Desde 2018 desarrolla su labor en la Universidad Paul Sabatier de Toulouse, donde realiza su doctorado gracias a la prestigiosa beca europea Marie Curie. All\u00ed investiga c\u00f3mo mejorar las enfermedades cardiovasculares en pacientes con enfermedad renal cr\u00f3nica.<\/p>\n<p style=\"text-align: justify\">Nuestro alumnado de 1\u00ba y 2\u00ba de Bachillerato de Ciencias han sido nuestros periodistas en esta ocasi\u00f3n. Os dejamos la entrevista virtual que hemos realizado con ella:<\/p>\n<p><a href=\"https:\/\/youtu.be\/aaF83NoEYiA\" target=\"_blank\" rel=\"noopener noreferrer\">https:\/\/youtu.be\/aaF83NoEYiA<\/a><\/p>\n<p style=\"text-align: justify\">Desde aqu\u00ed agradecemos a Ana Amaya su participaci\u00f3n en las actividades para conmemorar el 11F y le deseamos mucha suerte con sus investigaciones.<\/p>\n","protected":false},"excerpt":{"rendered":"<p>El 22 de diciembre de 2015, la Asamblea General de las Naciones Unidas decidi\u00f3 celebrar el 11 de febrero el D\u00eda Internacional de la Mujer y la Ni\u00f1a en la Ciencia. Se quiere as\u00ed&#46;&#46;&#46;<\/p>\n","protected":false},"author":2960,"featured_media":4441,"comment_status":"open","ping_status":"open","sticky":false,"template":"","format":"standard","meta":{"ngg_post_thumbnail":0,"footnotes":""},"categories":[684987,19],"tags":[],"aioseo_notices":[],"_links":{"self":[{"href":"https:\/\/blogsaverroes.juntadeandalucia.es\/iesconchamendezcuesta\/wp-json\/wp\/v2\/posts\/4440"}],"collection":[{"href":"https:\/\/blogsaverroes.juntadeandalucia.es\/iesconchamendezcuesta\/wp-json\/wp\/v2\/posts"}],"about":[{"href":"https:\/\/blogsaverroes.juntadeandalucia.es\/iesconchamendezcuesta\/wp-json\/wp\/v2\/types\/post"}],"author":[{"embeddable":true,"href":"https:\/\/blogsaverroes.juntadeandalucia.es\/iesconchamendezcuesta\/wp-json\/wp\/v2\/users\/2960"}],"replies":[{"embeddable":true,"href":"https:\/\/blogsaverroes.juntadeandalucia.es\/iesconchamendezcuesta\/wp-json\/wp\/v2\/comments?post=4440"}],"version-history":[{"count":3,"href":"https:\/\/blogsaverroes.juntadeandalucia.es\/iesconchamendezcuesta\/wp-json\/wp\/v2\/posts\/4440\/revisions"}],"predecessor-version":[{"id":4444,"href":"https:\/\/blogsaverroes.juntadeandalucia.es\/iesconchamendezcuesta\/wp-json\/wp\/v2\/posts\/4440\/revisions\/4444"}],"wp:featuredmedia":[{"embeddable":true,"href":"https:\/\/blogsaverroes.juntadeandalucia.es\/iesconchamendezcuesta\/wp-json\/wp\/v2\/media\/4441"}],"wp:attachment":[{"href":"https:\/\/blogsaverroes.juntadeandalucia.es\/iesconchamendezcuesta\/wp-json\/wp\/v2\/media?parent=4440"}],"wp:term":[{"taxonomy":"category","embeddable":true,"href":"https:\/\/blogsaverroes.juntadeandalucia.es\/iesconchamendezcuesta\/wp-json\/wp\/v2\/categories?post=4440"},{"taxonomy":"post_tag","embeddable":true,"href":"https:\/\/blogsaverroes.juntadeandalucia.es\/iesconchamendezcuesta\/wp-json\/wp\/v2\/tags?post=4440"}],"curies":[{"name":"wp","href":"https:\/\/api.w.org\/{rel}","templated":true}]}}