{"id":4494,"date":"2021-03-26T14:07:05","date_gmt":"2021-03-26T12:07:05","guid":{"rendered":"https:\/\/blogsaverroes.juntadeandalucia.es\/iesconchamendezcuesta\/?p=4494"},"modified":"2021-04-15T16:48:45","modified_gmt":"2021-04-15T14:48:45","slug":"proyecto-erasmus","status":"publish","type":"post","link":"https:\/\/blogsaverroes.juntadeandalucia.es\/iesconchamendezcuesta\/2021\/03\/26\/proyecto-erasmus\/","title":{"rendered":"PROYECTO ERASMUS+"},"content":{"rendered":"<p style=\"text-align: justify\">Nos complace comunicar a toda la comunidad educativa que nuestro Centro participar\u00e1 en su segundo proyecto Erasmus +.<br \/>\nEl proyecto que lleva como t\u00edtulo Improve Teaching and Achieve Results Through Inclusion<br \/>\n(ART &amp; IT) se ha dise\u00f1ado mediante la cooperaci\u00f3n de cinco pa\u00edses socios: Ruman\u00eda, Portugal, Lituania, Turqu\u00eda y Espa\u00f1a, con el fin de fomentar la inclusi\u00f3n a trav\u00e9s de las artes y las nuevas tecnolog\u00edas.<br \/>\nEl proyecto tiene como objetivo crear un clima inclusivo en todos los centros asociados,<br \/>\ndesarrollar el sentimiento de tolerancia y aceptaci\u00f3n as\u00ed como apoyar el desarrollo docente en esta era digital.<br \/>\nEl alumnado participante ser\u00e1 de 3\u00ba de la ESO y viajar\u00e1n el pr\u00f3ximo curso acad\u00e9mico cuando est\u00e9n en 4\u00ba de la ESO.<br \/>\nLas movilidades ser\u00e1n a Lituania y Portugal. Viajar\u00e1n 4\/5 alumnos\/as con 4 docentes.<br \/>\nEl viaje est\u00e1 financiado con fondos europeos, siendo gratuito para el alumnado. Los vuelos y el hotel los contratar\u00e1 el Centro y para gastos de alimentaci\u00f3n diaria se establece un m\u00e1ximo de 40 euros al d\u00eda.<br \/>\nPara seleccionar al alumnado de 3\u00ba de la ESO ( un total de 20 ), se har\u00e1 una ordenaci\u00f3n de los candidatos basada en una tabla de baremaci\u00f3n que se adjunta al final del texto. En caso de empate a puntos se ordenar\u00e1 por expediente acad\u00e9mico de 2\u00ba de la ESO.<br \/>\nUn jurado se encargar\u00e1 de revisar el baremo de cada candidato\/a y valorar\u00e1 el v\u00eddeo de motivaci\u00f3n ( apartado g ).<br \/>\nEs obligatoria la autorizaci\u00f3n de madre\/padre o tutor legal.<br \/>\nLa candidatura con el v\u00eddeo de motivaci\u00f3n y la autorizaci\u00f3n hay que mandarlo al classroom del proyecto cuyo c\u00f3digo para acceder es ynzbs75 ( muy importante acceder con el correo del IES)<br \/>\nPlazos:<br \/>\n-Fecha l\u00edmite para presentar candidaturas: 12 de abril.<br \/>\n-Publicaci\u00f3n de los baremos : 19 de abril.<br \/>\n-Plazo de reclamaciones :20 y 21 de abril.<br \/>\n-Publicaci\u00f3n de la resoluci\u00f3n definitiva: 23 de abril<\/p>\n<p><a href=\"https:\/\/blogsaverroes.juntadeandalucia.es\/iesconchamendezcuesta\/files\/2021\/03\/Baremo-Erasmus2.pdf\">Baremo Erasmus+2<\/a><\/p>\n","protected":false},"excerpt":{"rendered":"<p>Nos complace comunicar a toda la comunidad educativa que nuestro Centro participar\u00e1 en su segundo proyecto Erasmus +. El proyecto que lleva como t\u00edtulo Improve Teaching and Achieve Results Through Inclusion (ART &amp; IT)&#46;&#46;&#46;<\/p>\n","protected":false},"author":2960,"featured_media":2946,"comment_status":"open","ping_status":"open","sticky":false,"template":"","format":"standard","meta":{"ngg_post_thumbnail":0,"footnotes":""},"categories":[21040,19],"tags":[],"aioseo_notices":[],"_links":{"self":[{"href":"https:\/\/blogsaverroes.juntadeandalucia.es\/iesconchamendezcuesta\/wp-json\/wp\/v2\/posts\/4494"}],"collection":[{"href":"https:\/\/blogsaverroes.juntadeandalucia.es\/iesconchamendezcuesta\/wp-json\/wp\/v2\/posts"}],"about":[{"href":"https:\/\/blogsaverroes.juntadeandalucia.es\/iesconchamendezcuesta\/wp-json\/wp\/v2\/types\/post"}],"author":[{"embeddable":true,"href":"https:\/\/blogsaverroes.juntadeandalucia.es\/iesconchamendezcuesta\/wp-json\/wp\/v2\/users\/2960"}],"replies":[{"embeddable":true,"href":"https:\/\/blogsaverroes.juntadeandalucia.es\/iesconchamendezcuesta\/wp-json\/wp\/v2\/comments?post=4494"}],"version-history":[{"count":2,"href":"https:\/\/blogsaverroes.juntadeandalucia.es\/iesconchamendezcuesta\/wp-json\/wp\/v2\/posts\/4494\/revisions"}],"predecessor-version":[{"id":4514,"href":"https:\/\/blogsaverroes.juntadeandalucia.es\/iesconchamendezcuesta\/wp-json\/wp\/v2\/posts\/4494\/revisions\/4514"}],"wp:featuredmedia":[{"embeddable":true,"href":"https:\/\/blogsaverroes.juntadeandalucia.es\/iesconchamendezcuesta\/wp-json\/wp\/v2\/media\/2946"}],"wp:attachment":[{"href":"https:\/\/blogsaverroes.juntadeandalucia.es\/iesconchamendezcuesta\/wp-json\/wp\/v2\/media?parent=4494"}],"wp:term":[{"taxonomy":"category","embeddable":true,"href":"https:\/\/blogsaverroes.juntadeandalucia.es\/iesconchamendezcuesta\/wp-json\/wp\/v2\/categories?post=4494"},{"taxonomy":"post_tag","embeddable":true,"href":"https:\/\/blogsaverroes.juntadeandalucia.es\/iesconchamendezcuesta\/wp-json\/wp\/v2\/tags?post=4494"}],"curies":[{"name":"wp","href":"https:\/\/api.w.org\/{rel}","templated":true}]}}