{"id":4604,"date":"2025-06-11T21:00:52","date_gmt":"2025-06-11T19:00:52","guid":{"rendered":"https:\/\/blogsaverroes.juntadeandalucia.es\/iesconchamendezcuesta\/?p=4604"},"modified":"2025-06-11T21:06:13","modified_gmt":"2025-06-11T19:06:13","slug":"entrega-de-libros-de-texto-curso-2020-21","status":"publish","type":"post","link":"https:\/\/blogsaverroes.juntadeandalucia.es\/iesconchamendezcuesta\/2025\/06\/11\/entrega-de-libros-de-texto-curso-2020-21\/","title":{"rendered":"Entrega de libros de texto curso 2024\/25"},"content":{"rendered":"<p style=\"text-align: justify\">Estimados miembros de nuestra comunidad educativa:<\/p>\n<p style=\"text-align: justify\">El 24 de junio es el \u00faltimo d\u00eda lectivo.&nbsp;<\/p>\n<p style=\"text-align: justify\">Es por ello, que en estos d\u00edas, el profesorado de la ESO, est\u00e1 recogiendo los libros de su asignatura.&nbsp;<\/p>\n<p style=\"text-align: justify\"><b>Todos los libros de texto de 1\u00ba, 2\u00ba, 3\u00ba ESO y los dos de los \u00e1mbitos de Diversificaci\u00f3n ser\u00e1n recogidos desde el momento que ya no hagan falta para la asignatura hasta el&nbsp; martes 24 de junio. El resto de los libros de 4\u00ba de la ESO no se entregan.<\/b><\/p>\n<p style=\"text-align: justify\">En esta fase rogamos vuestra colaboraci\u00f3n. Deb\u00e9is aseguraros que vuestro hijo\/a tiene los libros de todas las asignaturas, que los tiene en un estado \u00f3ptimo para la utilizaci\u00f3n el curso que viene, que est\u00e1n forrados y que tienen, en la primera p\u00e1gina, una etiqueta donde figura su nombre, curso, a\u00f1o acad\u00e9mico y curso. Es muy importante que cada alumno\/a haga entrega del libro al profesor\/a de la asignatura correspondiente.&nbsp;<br \/>\nEl alumnado que deba entregar libros y no lo haga, no recibir\u00e1 la documentaci\u00f3n final de curso hasta que no proceda a su devoluci\u00f3n.<\/p>\n<p style=\"text-align: justify\">En caso de p\u00e9rdida, deterioro o cualquier otro motivo que impida su devoluci\u00f3n, deber\u00e1, comprar el libro correspondiente, con el mismo EAN, o abonar 30 euros en la secretar\u00eda o en la cuenta del IES (<a href=\"https:\/\/areaprivada.unicajabanco.es\/univia\/servlet\/ControlServlet?ppp=001&amp;o=smcta&amp;p=1\"><strong>ES08 2103 1065 7000 3001 0657<\/strong><\/a>) indicando en el concepto apellidos y nombre del alumno, curso y asignatura. (<em>Ej: Garc\u00eda D\u00edaz, Jos\u00e9, 3D, Matem\u00e1ticas<\/em>). Si, posteriormente, antes del 15 de septiembre de 2026, apareciese el libro se proceder\u00e1 a la devoluci\u00f3n del importe.<\/p>\n<p>Gracias por vuestra colaboraci\u00f3n.<\/p>\n","protected":false},"excerpt":{"rendered":"<p>Estimados miembros de nuestra comunidad educativa: El 24 de junio es el \u00faltimo d\u00eda lectivo.&nbsp; Es por ello, que en estos d\u00edas, el profesorado de la ESO, est\u00e1 recogiendo los libros de su asignatura.&nbsp;&#46;&#46;&#46;<\/p>\n","protected":false},"author":2960,"featured_media":897,"comment_status":"open","ping_status":"open","sticky":false,"template":"","format":"standard","meta":{"ngg_post_thumbnail":0,"footnotes":""},"categories":[19,684989],"tags":[],"aioseo_notices":[],"_links":{"self":[{"href":"https:\/\/blogsaverroes.juntadeandalucia.es\/iesconchamendezcuesta\/wp-json\/wp\/v2\/posts\/4604"}],"collection":[{"href":"https:\/\/blogsaverroes.juntadeandalucia.es\/iesconchamendezcuesta\/wp-json\/wp\/v2\/posts"}],"about":[{"href":"https:\/\/blogsaverroes.juntadeandalucia.es\/iesconchamendezcuesta\/wp-json\/wp\/v2\/types\/post"}],"author":[{"embeddable":true,"href":"https:\/\/blogsaverroes.juntadeandalucia.es\/iesconchamendezcuesta\/wp-json\/wp\/v2\/users\/2960"}],"replies":[{"embeddable":true,"href":"https:\/\/blogsaverroes.juntadeandalucia.es\/iesconchamendezcuesta\/wp-json\/wp\/v2\/comments?post=4604"}],"version-history":[{"count":9,"href":"https:\/\/blogsaverroes.juntadeandalucia.es\/iesconchamendezcuesta\/wp-json\/wp\/v2\/posts\/4604\/revisions"}],"predecessor-version":[{"id":6490,"href":"https:\/\/blogsaverroes.juntadeandalucia.es\/iesconchamendezcuesta\/wp-json\/wp\/v2\/posts\/4604\/revisions\/6490"}],"wp:featuredmedia":[{"embeddable":true,"href":"https:\/\/blogsaverroes.juntadeandalucia.es\/iesconchamendezcuesta\/wp-json\/wp\/v2\/media\/897"}],"wp:attachment":[{"href":"https:\/\/blogsaverroes.juntadeandalucia.es\/iesconchamendezcuesta\/wp-json\/wp\/v2\/media?parent=4604"}],"wp:term":[{"taxonomy":"category","embeddable":true,"href":"https:\/\/blogsaverroes.juntadeandalucia.es\/iesconchamendezcuesta\/wp-json\/wp\/v2\/categories?post=4604"},{"taxonomy":"post_tag","embeddable":true,"href":"https:\/\/blogsaverroes.juntadeandalucia.es\/iesconchamendezcuesta\/wp-json\/wp\/v2\/tags?post=4604"}],"curies":[{"name":"wp","href":"https:\/\/api.w.org\/{rel}","templated":true}]}}