{"id":896,"date":"2016-07-05T07:41:56","date_gmt":"2016-07-05T07:41:56","guid":{"rendered":"http:\/\/blogsaverroes.juntadeandalucia.es\/iesconchamendezcuesta\/?p=896"},"modified":"2016-07-06T20:01:23","modified_gmt":"2016-07-06T20:01:23","slug":"cheques-libro","status":"publish","type":"post","link":"https:\/\/blogsaverroes.juntadeandalucia.es\/iesconchamendezcuesta\/2016\/07\/05\/cheques-libro\/","title":{"rendered":"Cheques Libro"},"content":{"rendered":"<p>Estimadas familias:<\/p>\n<p>Durante el mes de Julio, nos dedicaremos a registrar los libros, que los diferentes departamentos did\u00e1cticos han seleccionado. Lamentablemente, este proceso es lento, ya que muchos de ellos no est\u00e1n a\u00fan en el registro de libros de la Junta de Andaluc\u00eda. A principios de septiembre estar\u00e1 completado el proceso y podremos emitir los cheques libros (Para 1\u00ba y 3\u00ba ESO, que es donde hay renovaci\u00f3n. En 2\u00ba y 4\u00ba NO hay cheque libro). Citaremos a las familias para la recogida de los mismos a principios de septiembre y de aquellas que no puedan venir, no hay ning\u00fan problema, el centro se encargar\u00e1 de la gesti\u00f3n, garantizando que en las primeras semanas de curso todo el alumnado tenga los libros de texto.<\/p>\n<p>Gracias y saludos cordiales.<\/p>\n<p>El Equipo Directivo.<\/p>\n","protected":false},"excerpt":{"rendered":"<p>Estimadas familias: Durante el mes de Julio, nos dedicaremos a registrar los libros, que los diferentes departamentos did\u00e1cticos han seleccionado. Lamentablemente, este proceso es lento, ya que muchos de ellos no est\u00e1n a\u00fan en&#46;&#46;&#46;<\/p>\n","protected":false},"author":2960,"featured_media":897,"comment_status":"open","ping_status":"open","sticky":false,"template":"","format":"standard","meta":{"ngg_post_thumbnail":0,"footnotes":""},"categories":[13,1701,19,684989],"tags":[],"aioseo_notices":[],"_links":{"self":[{"href":"https:\/\/blogsaverroes.juntadeandalucia.es\/iesconchamendezcuesta\/wp-json\/wp\/v2\/posts\/896"}],"collection":[{"href":"https:\/\/blogsaverroes.juntadeandalucia.es\/iesconchamendezcuesta\/wp-json\/wp\/v2\/posts"}],"about":[{"href":"https:\/\/blogsaverroes.juntadeandalucia.es\/iesconchamendezcuesta\/wp-json\/wp\/v2\/types\/post"}],"author":[{"embeddable":true,"href":"https:\/\/blogsaverroes.juntadeandalucia.es\/iesconchamendezcuesta\/wp-json\/wp\/v2\/users\/2960"}],"replies":[{"embeddable":true,"href":"https:\/\/blogsaverroes.juntadeandalucia.es\/iesconchamendezcuesta\/wp-json\/wp\/v2\/comments?post=896"}],"version-history":[{"count":5,"href":"https:\/\/blogsaverroes.juntadeandalucia.es\/iesconchamendezcuesta\/wp-json\/wp\/v2\/posts\/896\/revisions"}],"predecessor-version":[{"id":902,"href":"https:\/\/blogsaverroes.juntadeandalucia.es\/iesconchamendezcuesta\/wp-json\/wp\/v2\/posts\/896\/revisions\/902"}],"wp:featuredmedia":[{"embeddable":true,"href":"https:\/\/blogsaverroes.juntadeandalucia.es\/iesconchamendezcuesta\/wp-json\/wp\/v2\/media\/897"}],"wp:attachment":[{"href":"https:\/\/blogsaverroes.juntadeandalucia.es\/iesconchamendezcuesta\/wp-json\/wp\/v2\/media?parent=896"}],"wp:term":[{"taxonomy":"category","embeddable":true,"href":"https:\/\/blogsaverroes.juntadeandalucia.es\/iesconchamendezcuesta\/wp-json\/wp\/v2\/categories?post=896"},{"taxonomy":"post_tag","embeddable":true,"href":"https:\/\/blogsaverroes.juntadeandalucia.es\/iesconchamendezcuesta\/wp-json\/wp\/v2\/tags?post=896"}],"curies":[{"name":"wp","href":"https:\/\/api.w.org\/{rel}","templated":true}]}}