{"id":546,"date":"2021-05-18T09:23:45","date_gmt":"2021-05-18T08:23:45","guid":{"rendered":"https:\/\/blogsaverroes.juntadeandalucia.es\/iescuencaminera\/?p=546"},"modified":"2021-05-18T09:23:45","modified_gmt":"2021-05-18T08:23:45","slug":"i-e-s-cuenca-minera","status":"publish","type":"post","link":"https:\/\/blogsaverroes.juntadeandalucia.es\/iescuencaminera\/i-e-s-cuenca-minera\/","title":{"rendered":"I.E.S. Cuenca Minera"},"content":{"rendered":"<p>&nbsp;&nbsp;&nbsp;&nbsp;&nbsp;&nbsp;&nbsp; El IES Cuenca Minera se encuentra situado en la localidad de Minas de Riotinto, en la zona este de la provincia de Huelva (And\u00e9valo Oriental), cerca del entorno del Parque Natural Sierra de Aracena y Picos de Aroche. La actividad principal de la zona, hasta hace muy poco, era la miner\u00eda. Actualmente se desarrolla una creciente actividad agr\u00edcola, especialmente el cultivo de frutales, y de servicios, con particular menci\u00f3n del turismo.<\/p>\n<p>&nbsp;&nbsp;&nbsp;&nbsp;&nbsp;&nbsp; El IES Cuenca Minera (antigua Escuela de Formaci\u00f3n Profesional de la Sagrada Familia -SAFA-), comenz\u00f3 a escribir su historia un 21 de noviembre de 1959 cuando la Compa\u00f1\u00eda Espa\u00f1ola de Minas de Riotinto S.A. la construy\u00f3 para la formaci\u00f3n de los hijos de sus trabajadores.<\/p>\n<p>Esperamos que en esta web pueda encontrar toda la informaci\u00f3n necesaria de su inter\u00e9s.<\/p>\n","protected":false},"excerpt":{"rendered":"<p>&nbsp;&nbsp;&nbsp;&nbsp;&nbsp;&nbsp;&nbsp; El IES Cuenca Minera se encuentra situado en la localidad de Minas de Riotinto, en la zona este de la provincia de Huelva (And\u00e9valo&hellip;<\/p>\n","protected":false},"author":12902,"featured_media":0,"comment_status":"closed","ping_status":"open","sticky":false,"template":"","format":"standard","meta":{"ngg_post_thumbnail":0,"footnotes":""},"categories":[1],"tags":[],"aioseo_notices":[],"_links":{"self":[{"href":"https:\/\/blogsaverroes.juntadeandalucia.es\/iescuencaminera\/wp-json\/wp\/v2\/posts\/546"}],"collection":[{"href":"https:\/\/blogsaverroes.juntadeandalucia.es\/iescuencaminera\/wp-json\/wp\/v2\/posts"}],"about":[{"href":"https:\/\/blogsaverroes.juntadeandalucia.es\/iescuencaminera\/wp-json\/wp\/v2\/types\/post"}],"author":[{"embeddable":true,"href":"https:\/\/blogsaverroes.juntadeandalucia.es\/iescuencaminera\/wp-json\/wp\/v2\/users\/12902"}],"replies":[{"embeddable":true,"href":"https:\/\/blogsaverroes.juntadeandalucia.es\/iescuencaminera\/wp-json\/wp\/v2\/comments?post=546"}],"version-history":[{"count":2,"href":"https:\/\/blogsaverroes.juntadeandalucia.es\/iescuencaminera\/wp-json\/wp\/v2\/posts\/546\/revisions"}],"predecessor-version":[{"id":548,"href":"https:\/\/blogsaverroes.juntadeandalucia.es\/iescuencaminera\/wp-json\/wp\/v2\/posts\/546\/revisions\/548"}],"wp:attachment":[{"href":"https:\/\/blogsaverroes.juntadeandalucia.es\/iescuencaminera\/wp-json\/wp\/v2\/media?parent=546"}],"wp:term":[{"taxonomy":"category","embeddable":true,"href":"https:\/\/blogsaverroes.juntadeandalucia.es\/iescuencaminera\/wp-json\/wp\/v2\/categories?post=546"},{"taxonomy":"post_tag","embeddable":true,"href":"https:\/\/blogsaverroes.juntadeandalucia.es\/iescuencaminera\/wp-json\/wp\/v2\/tags?post=546"}],"curies":[{"name":"wp","href":"https:\/\/api.w.org\/{rel}","templated":true}]}}