{"id":3410,"date":"2018-12-01T19:38:19","date_gmt":"2018-12-01T19:38:19","guid":{"rendered":"https:\/\/blogsaverroes.juntadeandalucia.es\/iesdoctorajosefadelosreyes\/?p=3410"},"modified":"2018-12-01T19:38:19","modified_gmt":"2018-12-01T19:38:19","slug":"actividad-contra-la-violencia-de-genero-el-tiempo-de-mariposas","status":"publish","type":"post","link":"https:\/\/blogsaverroes.juntadeandalucia.es\/iesdoctorajosefadelosreyes\/actividad-contra-la-violencia-de-genero-el-tiempo-de-mariposas\/","title":{"rendered":"ACTIVIDAD CONTRA LA VIOLENCIA DE G\u00c9NERO: \u00abEl tiempo de mariposas\u00bb"},"content":{"rendered":"<p>El origen del 25 de Noviembre, D\u00eda Internacional de la No Violencia Contra la Mujer, nos remite a la historia de Patria, Minerva y Mar\u00eda Teresa Mirabal, tres luchadoras sociales que son un s\u00edmbolo indiscutible de la valent\u00eda de las mujeres.<br \/>\nDicha actividad contempl\u00f3 los siguientes aspectos:<br \/>\n. Lectura de la biograf\u00eda de Patria, Minerva y Mar\u00eda Teresa abordando los siguientes derechos:<br \/>\n&#8211; El derecho de la mujer a ser libre de toda forma de discriminaci\u00f3n.<br \/>\n&#8211; El derecho de la mujer a ser valorada y educada libre de patrones de comportamiento y pr\u00e1cticas sociales culturales basadas en conceptos de inferioridad y subordinaci\u00f3n.<br \/>\n&#8211; El derecho de toda mujer a una vida libre de violencia.<br \/>\n. Finalmente se trabaj\u00f3 el simbolismo de las mariposas, en la vida de dos de las hermanas. En alusi\u00f3n a este aspecto el alumnado particip\u00f3 en la realizaci\u00f3n de mariposas, as\u00ed como en la exposici\u00f3n de lemas personales. El conjunto de todas las mariposas se coloc\u00f3 en un mural bajo el t\u00edtulo \u00abVolando libres\u00b4\u00b4, que adorna el vest\u00edbulo del centro.<br \/>\nPersonalmente como coordinador del plan de igualdad de g\u00e9nero, me gustar\u00eda agradecer tanto a la totalidad del claustro de profesores\/as como al alumnado del IES. Dra. Josefa de los Reyes su implicaci\u00f3n en este tipo de actividades que visibilizan un problema capital, con el objetivo de poder erradicar de una vez por todas, esta lacra social.<\/p>\n<div id=\"attachment_3415\" style=\"width: 310px\" class=\"wp-caption aligncenter\"><a href=\"https:\/\/blogsaverroes.juntadeandalucia.es\/iesdoctorajosefadelosreyes\/files\/2018\/12\/IMG_20181126_115810.jpg\"><img loading=\"lazy\" decoding=\"async\" aria-describedby=\"caption-attachment-3415\" width=\"300\" height=\"225\" class=\"size-medium wp-image-3415\" alt=\"\" src=\"https:\/\/blogsaverroes.juntadeandalucia.es\/iesdoctorajosefadelosreyes\/files\/2018\/12\/IMG_20181126_115810-300x225.jpg\" srcset=\"https:\/\/blogsaverroes.juntadeandalucia.es\/iesdoctorajosefadelosreyes\/files\/2018\/12\/IMG_20181126_115810-300x225.jpg 300w, https:\/\/blogsaverroes.juntadeandalucia.es\/iesdoctorajosefadelosreyes\/files\/2018\/12\/IMG_20181126_115810-768x576.jpg 768w, https:\/\/blogsaverroes.juntadeandalucia.es\/iesdoctorajosefadelosreyes\/files\/2018\/12\/IMG_20181126_115810-1024x768.jpg 1024w, https:\/\/blogsaverroes.juntadeandalucia.es\/iesdoctorajosefadelosreyes\/files\/2018\/12\/IMG_20181126_115810-24x18.jpg 24w, https:\/\/blogsaverroes.juntadeandalucia.es\/iesdoctorajosefadelosreyes\/files\/2018\/12\/IMG_20181126_115810-36x27.jpg 36w, https:\/\/blogsaverroes.juntadeandalucia.es\/iesdoctorajosefadelosreyes\/files\/2018\/12\/IMG_20181126_115810-48x36.jpg 48w, https:\/\/blogsaverroes.juntadeandalucia.es\/iesdoctorajosefadelosreyes\/files\/2018\/12\/IMG_20181126_115810.jpg 1600w\" sizes=\"(max-width: 300px) 100vw, 300px\" \/><\/a><p id=\"caption-attachment-3415\" class=\"wp-caption-text\">All-focus<\/p><\/div>\n<p><a href=\"https:\/\/blogsaverroes.juntadeandalucia.es\/iesdoctorajosefadelosreyes\/files\/2018\/12\/IMG_20181126_102836_606-1.jpg\"><br \/>\n<img loading=\"lazy\" decoding=\"async\" width=\"300\" height=\"225\" class=\"aligncenter size-medium wp-image-3416\" alt=\"\" src=\"https:\/\/blogsaverroes.juntadeandalucia.es\/iesdoctorajosefadelosreyes\/files\/2018\/12\/IMG_20181126_102836_606-1-300x225.jpg\" srcset=\"https:\/\/blogsaverroes.juntadeandalucia.es\/iesdoctorajosefadelosreyes\/files\/2018\/12\/IMG_20181126_102836_606-1-300x225.jpg 300w, https:\/\/blogsaverroes.juntadeandalucia.es\/iesdoctorajosefadelosreyes\/files\/2018\/12\/IMG_20181126_102836_606-1-768x576.jpg 768w, https:\/\/blogsaverroes.juntadeandalucia.es\/iesdoctorajosefadelosreyes\/files\/2018\/12\/IMG_20181126_102836_606-1-1024x768.jpg 1024w, https:\/\/blogsaverroes.juntadeandalucia.es\/iesdoctorajosefadelosreyes\/files\/2018\/12\/IMG_20181126_102836_606-1-24x18.jpg 24w, https:\/\/blogsaverroes.juntadeandalucia.es\/iesdoctorajosefadelosreyes\/files\/2018\/12\/IMG_20181126_102836_606-1-36x27.jpg 36w, https:\/\/blogsaverroes.juntadeandalucia.es\/iesdoctorajosefadelosreyes\/files\/2018\/12\/IMG_20181126_102836_606-1-48x36.jpg 48w, https:\/\/blogsaverroes.juntadeandalucia.es\/iesdoctorajosefadelosreyes\/files\/2018\/12\/IMG_20181126_102836_606-1.jpg 1600w\" sizes=\"(max-width: 300px) 100vw, 300px\" \/><\/a><a href=\"https:\/\/blogsaverroes.juntadeandalucia.es\/iesdoctorajosefadelosreyes\/files\/2018\/12\/IMG_20181126_102843_576-1.jpg\"><img loading=\"lazy\" decoding=\"async\" width=\"300\" height=\"225\" class=\"aligncenter size-medium wp-image-3417\" alt=\"\" src=\"https:\/\/blogsaverroes.juntadeandalucia.es\/iesdoctorajosefadelosreyes\/files\/2018\/12\/IMG_20181126_102843_576-1-300x225.jpg\" srcset=\"https:\/\/blogsaverroes.juntadeandalucia.es\/iesdoctorajosefadelosreyes\/files\/2018\/12\/IMG_20181126_102843_576-1-300x225.jpg 300w, https:\/\/blogsaverroes.juntadeandalucia.es\/iesdoctorajosefadelosreyes\/files\/2018\/12\/IMG_20181126_102843_576-1-768x576.jpg 768w, https:\/\/blogsaverroes.juntadeandalucia.es\/iesdoctorajosefadelosreyes\/files\/2018\/12\/IMG_20181126_102843_576-1-1024x768.jpg 1024w, https:\/\/blogsaverroes.juntadeandalucia.es\/iesdoctorajosefadelosreyes\/files\/2018\/12\/IMG_20181126_102843_576-1-24x18.jpg 24w, https:\/\/blogsaverroes.juntadeandalucia.es\/iesdoctorajosefadelosreyes\/files\/2018\/12\/IMG_20181126_102843_576-1-36x27.jpg 36w, https:\/\/blogsaverroes.juntadeandalucia.es\/iesdoctorajosefadelosreyes\/files\/2018\/12\/IMG_20181126_102843_576-1-48x36.jpg 48w, https:\/\/blogsaverroes.juntadeandalucia.es\/iesdoctorajosefadelosreyes\/files\/2018\/12\/IMG_20181126_102843_576-1.jpg 1600w\" sizes=\"(max-width: 300px) 100vw, 300px\" \/><\/a><\/p>\n<p><a href=\"https:\/\/blogsaverroes.juntadeandalucia.es\/iesdoctorajosefadelosreyes\/files\/2018\/12\/IMG_20181126_102854_932-1.jpg\"><img loading=\"lazy\" decoding=\"async\" width=\"300\" height=\"225\" class=\"aligncenter size-medium wp-image-3418\" alt=\"\" src=\"https:\/\/blogsaverroes.juntadeandalucia.es\/iesdoctorajosefadelosreyes\/files\/2018\/12\/IMG_20181126_102854_932-1-300x225.jpg\" srcset=\"https:\/\/blogsaverroes.juntadeandalucia.es\/iesdoctorajosefadelosreyes\/files\/2018\/12\/IMG_20181126_102854_932-1-300x225.jpg 300w, https:\/\/blogsaverroes.juntadeandalucia.es\/iesdoctorajosefadelosreyes\/files\/2018\/12\/IMG_20181126_102854_932-1-768x576.jpg 768w, https:\/\/blogsaverroes.juntadeandalucia.es\/iesdoctorajosefadelosreyes\/files\/2018\/12\/IMG_20181126_102854_932-1-1024x768.jpg 1024w, https:\/\/blogsaverroes.juntadeandalucia.es\/iesdoctorajosefadelosreyes\/files\/2018\/12\/IMG_20181126_102854_932-1-24x18.jpg 24w, https:\/\/blogsaverroes.juntadeandalucia.es\/iesdoctorajosefadelosreyes\/files\/2018\/12\/IMG_20181126_102854_932-1-36x27.jpg 36w, https:\/\/blogsaverroes.juntadeandalucia.es\/iesdoctorajosefadelosreyes\/files\/2018\/12\/IMG_20181126_102854_932-1-48x36.jpg 48w, https:\/\/blogsaverroes.juntadeandalucia.es\/iesdoctorajosefadelosreyes\/files\/2018\/12\/IMG_20181126_102854_932-1.jpg 1600w\" sizes=\"(max-width: 300px) 100vw, 300px\" \/><\/a><\/p>\n<p><a href=\"https:\/\/blogsaverroes.juntadeandalucia.es\/iesdoctorajosefadelosreyes\/files\/2018\/12\/IMG_20181126_102904_464-1.jpg\"><img loading=\"lazy\" decoding=\"async\" width=\"300\" height=\"225\" class=\"aligncenter size-medium wp-image-3419\" alt=\"\" src=\"https:\/\/blogsaverroes.juntadeandalucia.es\/iesdoctorajosefadelosreyes\/files\/2018\/12\/IMG_20181126_102904_464-1-300x225.jpg\" srcset=\"https:\/\/blogsaverroes.juntadeandalucia.es\/iesdoctorajosefadelosreyes\/files\/2018\/12\/IMG_20181126_102904_464-1-300x225.jpg 300w, https:\/\/blogsaverroes.juntadeandalucia.es\/iesdoctorajosefadelosreyes\/files\/2018\/12\/IMG_20181126_102904_464-1-768x576.jpg 768w, https:\/\/blogsaverroes.juntadeandalucia.es\/iesdoctorajosefadelosreyes\/files\/2018\/12\/IMG_20181126_102904_464-1-1024x768.jpg 1024w, https:\/\/blogsaverroes.juntadeandalucia.es\/iesdoctorajosefadelosreyes\/files\/2018\/12\/IMG_20181126_102904_464-1-24x18.jpg 24w, https:\/\/blogsaverroes.juntadeandalucia.es\/iesdoctorajosefadelosreyes\/files\/2018\/12\/IMG_20181126_102904_464-1-36x27.jpg 36w, https:\/\/blogsaverroes.juntadeandalucia.es\/iesdoctorajosefadelosreyes\/files\/2018\/12\/IMG_20181126_102904_464-1-48x36.jpg 48w, https:\/\/blogsaverroes.juntadeandalucia.es\/iesdoctorajosefadelosreyes\/files\/2018\/12\/IMG_20181126_102904_464-1.jpg 1600w\" sizes=\"(max-width: 300px) 100vw, 300px\" \/><\/a><\/p>\n","protected":false},"excerpt":{"rendered":"<p>El origen del 25 de Noviembre, D\u00eda Internacional de la No Violencia Contra la Mujer, nos remite a la historia de Patria, Minerva y Mar\u00eda Teresa Mirabal, tres luchadoras sociales que son un s\u00edmbolo&#46;&#46;&#46;<\/p>\n","protected":false},"author":5317,"featured_media":3419,"comment_status":"open","ping_status":"open","sticky":false,"template":"","format":"standard","meta":{"ngg_post_thumbnail":0,"footnotes":""},"categories":[11909],"tags":[],"aioseo_notices":[],"_links":{"self":[{"href":"https:\/\/blogsaverroes.juntadeandalucia.es\/iesdoctorajosefadelosreyes\/wp-json\/wp\/v2\/posts\/3410"}],"collection":[{"href":"https:\/\/blogsaverroes.juntadeandalucia.es\/iesdoctorajosefadelosreyes\/wp-json\/wp\/v2\/posts"}],"about":[{"href":"https:\/\/blogsaverroes.juntadeandalucia.es\/iesdoctorajosefadelosreyes\/wp-json\/wp\/v2\/types\/post"}],"author":[{"embeddable":true,"href":"https:\/\/blogsaverroes.juntadeandalucia.es\/iesdoctorajosefadelosreyes\/wp-json\/wp\/v2\/users\/5317"}],"replies":[{"embeddable":true,"href":"https:\/\/blogsaverroes.juntadeandalucia.es\/iesdoctorajosefadelosreyes\/wp-json\/wp\/v2\/comments?post=3410"}],"version-history":[{"count":1,"href":"https:\/\/blogsaverroes.juntadeandalucia.es\/iesdoctorajosefadelosreyes\/wp-json\/wp\/v2\/posts\/3410\/revisions"}],"predecessor-version":[{"id":3420,"href":"https:\/\/blogsaverroes.juntadeandalucia.es\/iesdoctorajosefadelosreyes\/wp-json\/wp\/v2\/posts\/3410\/revisions\/3420"}],"wp:featuredmedia":[{"embeddable":true,"href":"https:\/\/blogsaverroes.juntadeandalucia.es\/iesdoctorajosefadelosreyes\/wp-json\/wp\/v2\/media\/3419"}],"wp:attachment":[{"href":"https:\/\/blogsaverroes.juntadeandalucia.es\/iesdoctorajosefadelosreyes\/wp-json\/wp\/v2\/media?parent=3410"}],"wp:term":[{"taxonomy":"category","embeddable":true,"href":"https:\/\/blogsaverroes.juntadeandalucia.es\/iesdoctorajosefadelosreyes\/wp-json\/wp\/v2\/categories?post=3410"},{"taxonomy":"post_tag","embeddable":true,"href":"https:\/\/blogsaverroes.juntadeandalucia.es\/iesdoctorajosefadelosreyes\/wp-json\/wp\/v2\/tags?post=3410"}],"curies":[{"name":"wp","href":"https:\/\/api.w.org\/{rel}","templated":true}]}}