{"id":5019,"date":"2020-06-22T16:21:27","date_gmt":"2020-06-22T14:21:27","guid":{"rendered":"https:\/\/blogsaverroes.juntadeandalucia.es\/iesdoctorajosefadelosreyes\/?p=5019"},"modified":"2020-07-06T01:05:15","modified_gmt":"2020-07-05T23:05:15","slug":"5019-2","status":"publish","type":"post","link":"https:\/\/blogsaverroes.juntadeandalucia.es\/iesdoctorajosefadelosreyes\/5019-2\/","title":{"rendered":"Solicitud de entrada en Ciclos de Formaci\u00f3n Profesional de Grado Medio"},"content":{"rendered":"<p style=\"text-align: justify\">Nuestra orientadora Ana os deja un mensaje a aquellos\/as alumnos\/as que quieran solicitar entrar en un Ciclo de Formaci\u00f3n Profesional de Grado Medio:<\/p>\n<p style=\"text-align: justify\"><em>Aquellos y aquellas que quer\u00e1is solicitar entrar en un Ciclo de Formaci\u00f3n Profesional de Grado Medio deb\u00e9is entrar a ver esto. Os traigo un documento explicativo con las fechas relevantes y un v\u00eddeo demostrativo de c\u00f3mo se hace la solicitud; en este caso se explica c\u00f3mo hacerla mediante la opci\u00f3n de cumplimentaci\u00f3n en l\u00ednea, lo que supone rellenarla e imprimirla y llevarla al centro que hay\u00e1is puesto como primera opci\u00f3n. Como el martes os dan las notas, el mi\u00e9rcoles tendremos una tutor\u00eda online por zoom para explicaros el procedimiento de solicitud, con la opci\u00f3n de la clave IAENDE y con la explicaci\u00f3n de las fechas relevantes a tener en cuenta. Publicar\u00e9 por aqu\u00ed y por mi instagram la hora y el modo de acceso a la tutor\u00eda, por favor no falt\u00e9is.<\/em><\/p>\n<h4><span style=\"text-decoration: underline\"><span style=\"color: #0000ff\">Ver documento<\/span><\/span><\/h4>\n<p><a href=\"https:\/\/drive.google.com\/file\/d\/1IXhg8_vF0Q_SF4YpTEmT3U8kTxOoKHxd\/view\"><img loading=\"lazy\" decoding=\"async\" class=\"aligncenter size-medium wp-image-5021\" src=\"https:\/\/blogsaverroes.juntadeandalucia.es\/iesdoctorajosefadelosreyes\/files\/2020\/06\/v\u00eddeo-solicitud-de-plazas-300x169.jpg\" alt=\"\" width=\"300\" height=\"169\" srcset=\"https:\/\/blogsaverroes.juntadeandalucia.es\/iesdoctorajosefadelosreyes\/files\/2020\/06\/v\u00eddeo-solicitud-de-plazas-300x169.jpg 300w, https:\/\/blogsaverroes.juntadeandalucia.es\/iesdoctorajosefadelosreyes\/files\/2020\/06\/v\u00eddeo-solicitud-de-plazas-768x432.jpg 768w, https:\/\/blogsaverroes.juntadeandalucia.es\/iesdoctorajosefadelosreyes\/files\/2020\/06\/v\u00eddeo-solicitud-de-plazas-1024x576.jpg 1024w, https:\/\/blogsaverroes.juntadeandalucia.es\/iesdoctorajosefadelosreyes\/files\/2020\/06\/v\u00eddeo-solicitud-de-plazas-24x13.jpg 24w, https:\/\/blogsaverroes.juntadeandalucia.es\/iesdoctorajosefadelosreyes\/files\/2020\/06\/v\u00eddeo-solicitud-de-plazas-36x20.jpg 36w, https:\/\/blogsaverroes.juntadeandalucia.es\/iesdoctorajosefadelosreyes\/files\/2020\/06\/v\u00eddeo-solicitud-de-plazas-48x27.jpg 48w, https:\/\/blogsaverroes.juntadeandalucia.es\/iesdoctorajosefadelosreyes\/files\/2020\/06\/v\u00eddeo-solicitud-de-plazas.jpg 1366w\" sizes=\"(max-width: 300px) 100vw, 300px\" \/><\/a><\/p>\n<h4>&nbsp;<\/h4>\n","protected":false},"excerpt":{"rendered":"<p>Nuestra orientadora Ana os deja un mensaje a aquellos\/as alumnos\/as que quieran solicitar entrar en un Ciclo de Formaci\u00f3n Profesional de Grado Medio: Aquellos y aquellas que quer\u00e1is solicitar entrar en un Ciclo de&#46;&#46;&#46;<\/p>\n","protected":false},"author":5317,"featured_media":5018,"comment_status":"open","ping_status":"open","sticky":false,"template":"","format":"standard","meta":{"ngg_post_thumbnail":0,"footnotes":""},"categories":[1444104],"tags":[],"aioseo_notices":[],"_links":{"self":[{"href":"https:\/\/blogsaverroes.juntadeandalucia.es\/iesdoctorajosefadelosreyes\/wp-json\/wp\/v2\/posts\/5019"}],"collection":[{"href":"https:\/\/blogsaverroes.juntadeandalucia.es\/iesdoctorajosefadelosreyes\/wp-json\/wp\/v2\/posts"}],"about":[{"href":"https:\/\/blogsaverroes.juntadeandalucia.es\/iesdoctorajosefadelosreyes\/wp-json\/wp\/v2\/types\/post"}],"author":[{"embeddable":true,"href":"https:\/\/blogsaverroes.juntadeandalucia.es\/iesdoctorajosefadelosreyes\/wp-json\/wp\/v2\/users\/5317"}],"replies":[{"embeddable":true,"href":"https:\/\/blogsaverroes.juntadeandalucia.es\/iesdoctorajosefadelosreyes\/wp-json\/wp\/v2\/comments?post=5019"}],"version-history":[{"count":6,"href":"https:\/\/blogsaverroes.juntadeandalucia.es\/iesdoctorajosefadelosreyes\/wp-json\/wp\/v2\/posts\/5019\/revisions"}],"predecessor-version":[{"id":5030,"href":"https:\/\/blogsaverroes.juntadeandalucia.es\/iesdoctorajosefadelosreyes\/wp-json\/wp\/v2\/posts\/5019\/revisions\/5030"}],"wp:featuredmedia":[{"embeddable":true,"href":"https:\/\/blogsaverroes.juntadeandalucia.es\/iesdoctorajosefadelosreyes\/wp-json\/wp\/v2\/media\/5018"}],"wp:attachment":[{"href":"https:\/\/blogsaverroes.juntadeandalucia.es\/iesdoctorajosefadelosreyes\/wp-json\/wp\/v2\/media?parent=5019"}],"wp:term":[{"taxonomy":"category","embeddable":true,"href":"https:\/\/blogsaverroes.juntadeandalucia.es\/iesdoctorajosefadelosreyes\/wp-json\/wp\/v2\/categories?post=5019"},{"taxonomy":"post_tag","embeddable":true,"href":"https:\/\/blogsaverroes.juntadeandalucia.es\/iesdoctorajosefadelosreyes\/wp-json\/wp\/v2\/tags?post=5019"}],"curies":[{"name":"wp","href":"https:\/\/api.w.org\/{rel}","templated":true}]}}